{"id":389702,"date":"2025-09-14T07:16:39","date_gmt":"2025-09-14T07:16:39","guid":{"rendered":"https:\/\/www.europesays.com\/fr\/389702\/"},"modified":"2025-09-14T07:16:39","modified_gmt":"2025-09-14T07:16:39","slug":"handball-hbc-nantes-gael-pelletier-monte-le-ton-les-mecs-il-va-falloir-prouver-quand","status":"publish","type":"post","link":"https:\/\/www.europesays.com\/fr\/389702\/","title":{"rendered":"Handball. HBC Nantes\u00a0: Ga\u00ebl Pelletier monte le ton. \u00ab\u00a0Les mecs, il va falloir prouver quand"},"content":{"rendered":"<tr wp_automatic_readability=\"6.8806818181818\">\n<td valign=\"middle\" align=\"center\" class=\"col-logo\" wp_automatic_readability=\"5\">\n    <img decoding=\"async\" src=\"https:\/\/maville.com\/design\/images\/logo-of-monetise.svg?version=20130627\" alt=\"logo Ouest-France\" height=\"66\"\/><\/p>\n<p>Contenu r\u00e9serv\u00e9 aux abonn\u00e9s<\/p>\n<\/td>\n<td class=\"col-titre\">\n\t\t\tDimanche 14 septembre 2025 07:04<br \/>\n\t\t\t<a class=\"icon-bulle sizeL count\" href=\"#ancreAvis\"><br \/>\n\t&#8230;<br \/>\n<\/a><\/td>\n<\/tr>\n<p>\t\t<a class=\"mavillebox2 elmt-photo\" href=\"https:\/\/maville.com\/photosmvi\/2025\/09\/14\/P35460812D6974587G.jpg\" title=\" Ga\u00ebl Pelletier veut mettre chacun devant ses responsabilit\u00e9s en ce d\u00e9but de saison.  \u00a9  Jean Le Boulanger, HBC Nantes  &lt;!--TAG-BLC credit--&gt;\" rel=\"galerie_actu nofollow noopener\" target=\"_blank\"><br \/>\n\t<img decoding=\"async\" src=\"https:\/\/www.europesays.com\/fr\/wp-content\/uploads\/2025\/09\/P35460812D6974587G_crop_640-330_.jpg\" alt=\"photo  ga\u00ebl pelletier veut mettre chacun devant ses responsabilit\u00e9s en ce d\u00e9but de saison.  \u00a9  jean le boulanger, hbc nantes \"\/><br \/>\n\t2<br \/>\n<\/a><\/p>\n<p class=\"elmt-legende\"> Ga\u00ebl Pelletier veut mettre chacun devant ses responsabilit\u00e9s en ce d\u00e9but de saison.  \u00a9  Jean Le Boulanger, HBC Nantes  <\/p>\n<p><a class=\"mavillebox2\" href=\"https:\/\/maville.com\/photosmvi\/2025\/09\/14\/P35460813D6974587G.jpg\" title=\"le message pr\u00e9sidentiel s\u2019adresse \u00e0 tous mais \u00e9galement \u00e0 aymeric minne et l\u2019ensemble des internationaux fran\u00e7ais. \u00a9  j\u00e9r\u00f4me fouquet\/ouest-france \" rel=\"galerie_actu nofollow noopener\" target=\"_blank\"><\/p>\n<p>\t\tApr\u00e8s son nul inaugural en championnat \u00e0 Chamb\u00e9ry (34-34) et sa lourde d\u00e9faite face \u00e0 Berlin (34-40) en Ligue des Champions, le HBC Nantes est pri\u00e9 de d\u00e9coller ce dimanche 14\u00a0septembre \u00e0 l\u2019occasion de la r\u00e9ception de Toulouse (4e l\u2019an dernier) qui aura certainement lui aussi l\u2019envie de r\u00e9agir apr\u00e8s son faux pas \u00e0 Tremblay (32-23). Dans un entretien exclusif \u00e0 Ouest-France, le pr\u00e9sident du HBCN, Ga\u00ebl Pelletier, ne s\u2019est pas g\u00ean\u00e9 de rappeler aux joueurs ce qu\u2019il attendait d\u2019eux.Starligue. HBC Nantes &#8211; Toulouse, ce dimanche (19\u00a0h). Apr\u00e8s son nul inaugural \u00e0 Chamb\u00e9ry et sa lourde d\u00e9faite face \u00e0 Berlin, le H est pri\u00e9 de d\u00e9coller. Le message pr\u00e9sidentiel est tr\u00e8s clair.<\/p>\n<p><b>Cet article est r\u00e9serv\u00e9 aux abonn\u00e9s<\/b><\/p>\n<p>Pour un acc\u00e8s imm\u00e9diat, abonnez-vous<\/p>\n<p><b>1\u00e8re semaine offerte<\/b><\/p>\n<p>\t\t Christophe DELACROIX. \u00a0\u00a0<br \/>\n\t\tOuest-France<\/p>\n<p>Retrouvez d&rsquo;autres actus sur la commune de :<\/p>\n<p>\t\t&#13;<\/p>\n","protected":false},"excerpt":{"rendered":"Contenu r\u00e9serv\u00e9 aux abonn\u00e9s Dimanche 14 septembre 2025 07:04 &#8230; 2 Ga\u00ebl Pelletier veut mettre chacun devant ses&hellip;\n","protected":false},"author":2,"featured_media":389703,"comment_status":"","ping_status":"","sticky":false,"template":"","format":"standard","meta":{"footnotes":""},"categories":[2818],"tags":[1111,11,3809,1465,1777,674,63,1011,27,1792,1922,766,12,2636,25,479,517,1470],"class_list":{"0":"post-389702","1":"post","2":"type-post","3":"status-publish","4":"format-standard","5":"has-post-thumbnail","7":"category-nantes","8":"tag-actu","9":"tag-actualites","10":"tag-ball","11":"tag-basket","12":"tag-eu","13":"tag-europe","14":"tag-football","15":"tag-fr","16":"tag-france","17":"tag-handball","18":"tag-info","19":"tag-nantes","20":"tag-news","21":"tag-pays-de-la-loire","22":"tag-republique-francaise","23":"tag-rugby","24":"tag-sport","25":"tag-volley"},"share_on_mastodon":{"url":"https:\/\/pubeurope.com\/@fr\/115201427735125654","error":""},"_links":{"self":[{"href":"https:\/\/www.europesays.com\/fr\/wp-json\/wp\/v2\/posts\/389702","targetHints":{"allow":["GET"]}}],"collection":[{"href":"https:\/\/www.europesays.com\/fr\/wp-json\/wp\/v2\/posts"}],"about":[{"href":"https:\/\/www.europesays.com\/fr\/wp-json\/wp\/v2\/types\/post"}],"author":[{"embeddable":true,"href":"https:\/\/www.europesays.com\/fr\/wp-json\/wp\/v2\/users\/2"}],"replies":[{"embeddable":true,"href":"https:\/\/www.europesays.com\/fr\/wp-json\/wp\/v2\/comments?post=389702"}],"version-history":[{"count":0,"href":"https:\/\/www.europesays.com\/fr\/wp-json\/wp\/v2\/posts\/389702\/revisions"}],"wp:featuredmedia":[{"embeddable":true,"href":"https:\/\/www.europesays.com\/fr\/wp-json\/wp\/v2\/media\/389703"}],"wp:attachment":[{"href":"https:\/\/www.europesays.com\/fr\/wp-json\/wp\/v2\/media?parent=389702"}],"wp:term":[{"taxonomy":"category","embeddable":true,"href":"https:\/\/www.europesays.com\/fr\/wp-json\/wp\/v2\/categories?post=389702"},{"taxonomy":"post_tag","embeddable":true,"href":"https:\/\/www.europesays.com\/fr\/wp-json\/wp\/v2\/tags?post=389702"}],"curies":[{"name":"wp","href":"https:\/\/api.w.org\/{rel}","templated":true}]}}