{"id":389714,"date":"2025-09-14T07:24:15","date_gmt":"2025-09-14T07:24:15","guid":{"rendered":"https:\/\/www.europesays.com\/fr\/389714\/"},"modified":"2025-09-14T07:24:15","modified_gmt":"2025-09-14T07:24:15","slug":"nice-un-restaurant-asiatique-qui-cartonne-a-marseille-debarque-a-cote-de-massena","status":"publish","type":"post","link":"https:\/\/www.europesays.com\/fr\/389714\/","title":{"rendered":"Nice. Un restaurant asiatique qui cartonne \u00e0 Marseille d\u00e9barque \u00e0 c\u00f4t\u00e9 de Mass\u00e9na"},"content":{"rendered":"<p>            Par<br \/>\n        <strong><br \/>\n            <a href=\"https:\/\/actu.fr\/auteur\/ugo-maillard\" title=\"Consulter tous les articles de Ugo Maillard\" rel=\"nofollow noopener\" target=\"_blank\">Ugo Maillard<\/a><br \/>\n        <\/strong><\/p>\n<p>        Publi\u00e9 le<\/p>\n<p>            14 sept. 2025 \u00e0 9h20        <\/p>\n<p>Rendez-vous entre la fin octobre et le tout d\u00e9but novembre\u00a02025. Le restaurant <strong>Le Yen<\/strong> s\u2019appr\u00eate \u00e0 ouvrir un restaurant \u00e0 <a href=\"https:\/\/actu.fr\/nice\/\" rel=\"nofollow noopener\" target=\"_blank\">Nice<\/a> qui accueillera jusqu\u2019\u00e0 150 couverts, et ce, sept jours sur sept. Cet \u00e9tablissement est le quatri\u00e8me d\u2019une enseigne qui a vu le jour \u00e0 Marseille il y a 20\u00a0ans et qui s\u2019est depuis d\u00e9velopp\u00e9e dans les Bouches-du-Rh\u00f4ne. Le premier restaurant de Nice et des <a href=\"https:\/\/actu.fr\/provence-alpes-cote-d-azur\/alpes-maritimes_06\" rel=\"nofollow noopener\" target=\"_blank\">Alpes-Maritimes<\/a> ouvrira au 54 boulevard Jean-Jaur\u00e8s.<\/p>\n<p>    <a href=\"https:\/\/www.google.com\/maps\/embed?pb=!1m18!1m12!1m3!1d5769.326365475309!2d7.269147876532491!3d43.696765249611566!2m3!1f0!2f0!3f0!3m2!1i1024!2i768!4f13.1!3m3!1m2!1s0x12cddaa3c151016f%3A0xfd2056d4b05ae2cb!2s54%20Bd%20Jean%20Jaur%C3%A8s%2C%2006300%20Nice!5e0!3m2!1sfr!2sfr!4v1757661344816!5m2!1sfr!2sfr\" title=\"Ouvrie le lien\" rel=\"nofollow noopener\" target=\"_blank\">Cliquez ici pour visualiser le contenu<\/a><\/p>\n<p class=\" wall-content\">Voici ce qu\u2019il faut savoir.<\/p>\n<p>Une cuisine japonaise<\/p>\n<p class=\" wall-content\">La <strong>carte large et cuisin\u00e9e maison<\/strong> m\u00eale sushis authentiques et plats revisit\u00e9s, comme le<br \/>Tigre qui pleure, recette vedette de la maison. On retrouve \u00e9galement des plats cuisin\u00e9s comme un filet de b\u0153uf Black Angus marin\u00e9 et piment\u00e9, ou encore des cr\u00e9ations maison comme le sushi saumon mi-cuit \u00e0 la truffe.<\/p>\n<blockquote class=\"ac-article-quote wall-content\">\n<p>C&rsquo;est la cuisine japonaise traditionnelle. Je respecte les techniques apprises au Japon, mais je ne m\u2019interdis rien pour les r\u00e9inventer \u00e0 ma mani\u00e8re. Par exemple, le \u201cvrai\u201d Ramen c\u2019est un peu fade \u00e0 mon go\u00fbt, alors j\u2019ai compl\u00e9t\u00e9 la recette avec des \u00e9pices et des sauces.<\/p>\n<p>    <strong>Irfan Lesmana<\/strong><br \/>\n        Chef du Yen    <\/p><\/blockquote>\n<p class=\" wall-content\">\n    <img   decoding=\"async\" loading=\"lazy\" src=\"https:\/\/www.europesays.com\/fr\/wp-content\/uploads\/2025\/09\/yen-restaurant-nice-960x640.png\" alt=\"De nombreuses cr\u00e9ations sont \u00e0 retrouver au Yen.\" width=\"960\" height=\"640\"\/><br \/>\n    De nombreuses cr\u00e9ations sont \u00e0 retrouver au Yen. (\u00a9Wow agency)<br \/>\n    <img   decoding=\"async\" loading=\"lazy\" src=\"https:\/\/www.europesays.com\/fr\/wp-content\/uploads\/2025\/09\/restaurant-yen-nice-960x640.png\" alt=\"Le Yen s'appuie sur une carte des cocktails impressionantes.\" width=\"960\" height=\"640\"\/><br \/>\n    Le Yen s\u2019appuie sur une carte des cocktails impressionantes. (\u00a9Wow agency)<\/p>\n<p class=\" wall-content\">Au sein du restaurant ni\u00e7ois, les clients d\u00e9couvriront le carr\u00e9 Izakaya. Ce lieu permet de pr\u00e9parer certaines des sp\u00e9cialit\u00e9s en direct devant les convives sur le<strong> fameux Teppanyaki<\/strong>.<br \/>\u00ab\u2009Le Teppanyaki est une technique japonaise qui sublime le geste autant que le go\u00fbt. Sur une plaque en fonte chauff\u00e9e \u00e0 tr\u00e8s haute temp\u00e9rature, le chef saisit viandes, poissons, fruits de mer et l\u00e9gumes devant les convives\u2009\u00bb, pr\u00e9cisent les \u00e9quipes du restaurant.<\/p>\n<p class=\" wall-content\">C\u00f4t\u00e9 tarifs, la <a href=\"https:\/\/www.leyen-prado.fr\/wp-content\/uploads\/2024\/03\/Menu-Le-Yen-Marseille-.pdf\" rel=\"nofollow noopener\" target=\"_blank\">carte<\/a> affiche des prix abordables.<\/p>\n<p>Votre r\u00e9gion, votre actu !<\/p>\n<p>Recevez chaque jour les infos qui comptent pour vous.<\/p>\n<p>\t<a href=\"https:\/\/actu.fr\/newsletter\" class=\"ac-btn ac-btn--corner ac-btn--medium ac-btn--blue800\" rel=\"nofollow noopener\" target=\"_blank\">S&rsquo;incrire<\/a><br \/>\nDes recrutements en cours<\/p>\n<p class=\" wall-content\">Cette nouvelle adresse \u00e0 Nice pour Le Yen s\u2019inscrit dans une volont\u00e9 de \u00ab\u00a0partager avec le<br \/>plus grand nombre la convivialit\u00e9 du Sud et une vision originale et experte<br \/>de la cuisine japonaise\u00a0\u00bb.\u00a0<\/p>\n<p class=\" wall-content\">\u00ab Nice appara\u00eet comme une \u00e9vidence pour son attractivit\u00e9, notamment aupr\u00e8s d\u2019une client\u00e8le touristique \/ \u00e9trang\u00e8re mais aussi pour son dynamisme local et son \u00e9tat d\u2019esprit qui correspond parfaitement \u00e0 la personnalit\u00e9 du Yen\u2009\u00bb, assurent les propri\u00e9taires de l\u2019\u00e9tablissement.<\/p>\n<p class=\" wall-content\">\u00c0 noter que les \u00e9quipes ni\u00e7oises sont en cours de formation et les recrutements toujours en cours.<\/p>\n<p class=\" wall-content\">Personnalisez votre actualit\u00e9 en ajoutant vos villes et m\u00e9dias en favori avec <a href=\"https:\/\/moncompte.actu.fr\" title=\"D\u00e9couvez Mon Actu\" rel=\"nofollow noopener\" data-trk=\"{&quot;cta&quot;:{&quot;action&quot;:&quot;https:\\\/\\\/moncompte.actu.fr&quot;,&quot;category&quot;:&quot;mon compte&quot;,&quot;from&quot;:&quot;article footer&quot;,&quot;name&quot;:&quot;Mon actu&quot;,&quot;type&quot;:&quot;cta&quot;}}\" target=\"_blank\">Mon Actu<\/a>.<\/p>\n","protected":false},"excerpt":{"rendered":"Par Ugo Maillard Publi\u00e9 le 14 sept. 2025 \u00e0 9h20 Rendez-vous entre la fin octobre et le tout&hellip;\n","protected":false},"author":2,"featured_media":389715,"comment_status":"","ping_status":"","sticky":false,"template":"","format":"standard","meta":{"footnotes":""},"categories":[2814],"tags":[1111,11,215,1777,674,1011,27,1305,884,12,882,25,1340],"class_list":{"0":"post-389714","1":"post","2":"type-post","3":"status-publish","4":"format-standard","5":"has-post-thumbnail","7":"category-marseille","8":"tag-actu","9":"tag-actualites","10":"tag-commerce","11":"tag-eu","12":"tag-europe","13":"tag-fr","14":"tag-france","15":"tag-lifestyle","16":"tag-marseille","17":"tag-news","18":"tag-provence-alpes-cote-dazur","19":"tag-republique-francaise","20":"tag-restaurant"},"share_on_mastodon":{"url":"https:\/\/pubeurope.com\/@fr\/115201459514075580","error":""},"_links":{"self":[{"href":"https:\/\/www.europesays.com\/fr\/wp-json\/wp\/v2\/posts\/389714","targetHints":{"allow":["GET"]}}],"collection":[{"href":"https:\/\/www.europesays.com\/fr\/wp-json\/wp\/v2\/posts"}],"about":[{"href":"https:\/\/www.europesays.com\/fr\/wp-json\/wp\/v2\/types\/post"}],"author":[{"embeddable":true,"href":"https:\/\/www.europesays.com\/fr\/wp-json\/wp\/v2\/users\/2"}],"replies":[{"embeddable":true,"href":"https:\/\/www.europesays.com\/fr\/wp-json\/wp\/v2\/comments?post=389714"}],"version-history":[{"count":0,"href":"https:\/\/www.europesays.com\/fr\/wp-json\/wp\/v2\/posts\/389714\/revisions"}],"wp:featuredmedia":[{"embeddable":true,"href":"https:\/\/www.europesays.com\/fr\/wp-json\/wp\/v2\/media\/389715"}],"wp:attachment":[{"href":"https:\/\/www.europesays.com\/fr\/wp-json\/wp\/v2\/media?parent=389714"}],"wp:term":[{"taxonomy":"category","embeddable":true,"href":"https:\/\/www.europesays.com\/fr\/wp-json\/wp\/v2\/categories?post=389714"},{"taxonomy":"post_tag","embeddable":true,"href":"https:\/\/www.europesays.com\/fr\/wp-json\/wp\/v2\/tags?post=389714"}],"curies":[{"name":"wp","href":"https:\/\/api.w.org\/{rel}","templated":true}]}}