{"id":389717,"date":"2025-09-14T07:26:24","date_gmt":"2025-09-14T07:26:24","guid":{"rendered":"https:\/\/www.europesays.com\/fr\/389717\/"},"modified":"2025-09-14T07:26:24","modified_gmt":"2025-09-14T07:26:24","slug":"et-si-le-marche-de-noel-demenageait-sur-la-place-bellecour-pour-acquerir-un-rayonnement-mondial","status":"publish","type":"post","link":"https:\/\/www.europesays.com\/fr\/389717\/","title":{"rendered":"et si le march\u00e9 de No\u00ebl d\u00e9m\u00e9nageait sur la place Bellecour pour acqu\u00e9rir un \u00abrayonnement mondial\u00bb\u00a0?"},"content":{"rendered":"<p>Une p\u00e9tition vient d\u2019\u00eatre lanc\u00e9e pour proposer un d\u00e9m\u00e9nagement du march\u00e9 de No\u00ebl lyonnais de la place Carnot vers la place Bellecour.<\/p>\n<p class=\"fig-paragraph\">Et si le\u00a0<a href=\"http:\/\/www.lefigaro.fr\/lyon\/lyon-chassees-par-un-marche-de-noel-des-familles-quittent-leur-campement-pour-s-installer-dans-une-ecole-20241122\" data-fig-type=\"NewsFlash\" data-gtm-custom-categorie=\"navigation\" data-gtm-custom-action=\"crossclick\" data-gtm-custom-label=\"Contextuel\" data-gtm-event=\"customEventSPE\" data-fig-domain=\"LEFIGARO\" rel=\"nofollow noopener\" target=\"_blank\">march\u00e9 de No\u00ebl lyonnais<\/a>\u00a0d\u00e9m\u00e9nageait de la place Carnot vers la\u00a0<a href=\"http:\/\/www.lefigaro.fr\/lyon\/lyon-a-peine-inauguree-l-ombriere-a-1-6-million-d-euros-de-la-place-bellecour-deja-degradee-20250721\" data-fig-type=\"NewsFlash\" data-gtm-custom-categorie=\"navigation\" data-gtm-custom-action=\"crossclick\" data-gtm-custom-label=\"Contextuel\" data-gtm-event=\"customEventSPE\" data-fig-domain=\"LEFIGARO\" rel=\"nofollow noopener\" target=\"_blank\">place Bellecour<\/a>\u00a0? C\u2019est ce que propose\u00a0<a href=\"https:\/\/www.mesopinions.com\/petition\/art-culture\/marche-noel-magistral-a-bellecour-feerique\/250795\" target=\"_blank\" rel=\"sponsored noopener nofollow\" data-gtm-custom-categorie=\"navigation\" data-gtm-custom-action=\"crossclick\" data-gtm-custom-label=\"Contextuel\" data-gtm-event=\"customEventSPE\">une p\u00e9tition<\/a>\u00a0intitul\u00e9e \u00abPour un March\u00e9 de No\u00ebl magistral \u00e0 Bellecour\u00a0: f\u00e9erique, \u00e9cologique et au rayonnement mondial\u00bb. Lanc\u00e9e par un Lyonnais, elle a d\u00e9j\u00e0 recueilli pr\u00e8s de 1300 signatures. Pour Th\u00e9odore Lafond, si le march\u00e9 actuel a \u00ablongtemps enchant\u00e9\u00bb les habitants, il n\u2019est aujourd\u2019hui \u00abplus \u00e0 la hauteur d\u2019une ville de la taille de Lyon\u00bb.<\/p>\n<p class=\"fig-paragraph\">\u00abLa place Bellecour serait bien plus charmante, \u00e7a apporterait beaucoup de f\u00e9erie \u00e0 la ville avec un march\u00e9 central qui permettrait d\u2019irriguer de la magie de No\u00ebl dans toutes les rues, de Perrache \u00e0 l\u2019h\u00f4tel de ville\u00bb, poursuit celui qui est fondateur de l\u2019agence web lyonnaise Gentleview.<\/p>\n<p>                                    <a class=\"fig-a11y-skip a11y-hidden\" href=\"#fig-a11y-skip-main-inarticle\"><br \/>\n        Passer la publicit\u00e9<br \/>\n    <\/a><\/p>\n<p class=\"fig-paragraph\">\u00c0 travers\u00a0<a href=\"https:\/\/marchedenoelbellecour.fr\/\" target=\"_blank\" rel=\"sponsored noopener nofollow\" data-gtm-custom-categorie=\"navigation\" data-gtm-custom-action=\"crossclick\" data-gtm-custom-label=\"Contextuel\" data-gtm-event=\"customEventSPE\">cette p\u00e9tition<\/a>, le chef d\u2019entreprise souhaite \u00abouvrir le d\u00e9bat sur un possible d\u00e9m\u00e9nagement du march\u00e9\u00bb. \u00abCe n\u2019est pas une proposition politique, ni une p\u00e9tition offensive, nous n\u2019avons aucune \u00e9tiquette, on s\u2019adresse juste \u00e0 ceux qui aiment la magie de No\u00ebl\u00bb, poursuit-il.<\/p>\n<p>March\u00e9 de No\u00ebl et F\u00eate des Lumi\u00e8res<\/p>\n<p class=\"fig-paragraph\">Selon les chiffres de la p\u00e9tition, le march\u00e9 pourrait passer de 80 chalets (sur 11.000 m\u00b2) actuellement \u00e0 Carnot \u00e0 250 \u00e0 300 (sur 62000 m\u00b2) \u00e0 Bellecour et g\u00e9n\u00e9rer entre 30 \u00e0 50 millions d\u2019euros de retomb\u00e9es en attirant des touristes de la r\u00e9gion et de toute l\u2019Europe, \u00e0 l\u2019instar de ceux de Strasbourg, Prague ou Vienne. L\u2019\u00e9v\u00e9nement pourrait par ailleurs \u00eatre coupl\u00e9 avec la\u00a0<a href=\"http:\/\/www.lefigaro.fr\/lyon\/fete-des-lumieres-2024-a-lyon-decouvrez-les-plus-belles-illuminations-20241207\" data-fig-type=\"NewsFlash\" data-gtm-custom-categorie=\"navigation\" data-gtm-custom-action=\"crossclick\" data-gtm-custom-label=\"Contextuel\" data-gtm-event=\"customEventSPE\" data-fig-domain=\"LEFIGARO\" rel=\"nofollow noopener\" target=\"_blank\">F\u00eate des Lumi\u00e8res<\/a>, qui a lieu chaque ann\u00e9e autour du 8 d\u00e9cembre.<\/p>\n<p class=\"fig-paragraph\">La place Bellecour et son parking souterrain comportent toutefois des contraintes en termes de poids support\u00e9. \u00abC\u2019est pour \u00e7a que l\u2019on parle d\u2019un lancement en 2028, le temps de faire toutes les \u00e9tudes techniques et financi\u00e8res. Mais, en g\u00e9n\u00e9ral, quand il y a une volont\u00e9 politique, les freins sautent\u00bb, poursuit Th\u00e9odore Lafond. 2028 correspond \u00e9galement \u00e0 la date de renouvellement du march\u00e9. \u00c0 voir si la majorit\u00e9 qui l\u2019emportera lors des municipales de 2026 se saisira de ce sujet.<\/p>\n","protected":false},"excerpt":{"rendered":"Une p\u00e9tition vient d\u2019\u00eatre lanc\u00e9e pour proposer un d\u00e9m\u00e9nagement du march\u00e9 de No\u00ebl lyonnais de la place Carnot&hellip;\n","protected":false},"author":2,"featured_media":389718,"comment_status":"","ping_status":"","sticky":false,"template":"","format":"standard","meta":{"footnotes":""},"categories":[1889],"tags":[1111,11,2430,1777,674,1011,27,2428,36053,12,15830,2844,25],"class_list":{"0":"post-389717","1":"post","2":"type-post","3":"status-publish","4":"format-standard","5":"has-post-thumbnail","7":"category-lyon","8":"tag-actu","9":"tag-actualites","10":"tag-auvergne-rhone-alpes","11":"tag-eu","12":"tag-europe","13":"tag-fr","14":"tag-france","15":"tag-lyon","16":"tag-marche-de-noel","17":"tag-news","18":"tag-noel","19":"tag-petition","20":"tag-republique-francaise"},"share_on_mastodon":{"url":"https:\/\/pubeurope.com\/@fr\/115201468307706418","error":""},"_links":{"self":[{"href":"https:\/\/www.europesays.com\/fr\/wp-json\/wp\/v2\/posts\/389717","targetHints":{"allow":["GET"]}}],"collection":[{"href":"https:\/\/www.europesays.com\/fr\/wp-json\/wp\/v2\/posts"}],"about":[{"href":"https:\/\/www.europesays.com\/fr\/wp-json\/wp\/v2\/types\/post"}],"author":[{"embeddable":true,"href":"https:\/\/www.europesays.com\/fr\/wp-json\/wp\/v2\/users\/2"}],"replies":[{"embeddable":true,"href":"https:\/\/www.europesays.com\/fr\/wp-json\/wp\/v2\/comments?post=389717"}],"version-history":[{"count":0,"href":"https:\/\/www.europesays.com\/fr\/wp-json\/wp\/v2\/posts\/389717\/revisions"}],"wp:featuredmedia":[{"embeddable":true,"href":"https:\/\/www.europesays.com\/fr\/wp-json\/wp\/v2\/media\/389718"}],"wp:attachment":[{"href":"https:\/\/www.europesays.com\/fr\/wp-json\/wp\/v2\/media?parent=389717"}],"wp:term":[{"taxonomy":"category","embeddable":true,"href":"https:\/\/www.europesays.com\/fr\/wp-json\/wp\/v2\/categories?post=389717"},{"taxonomy":"post_tag","embeddable":true,"href":"https:\/\/www.europesays.com\/fr\/wp-json\/wp\/v2\/tags?post=389717"}],"curies":[{"name":"wp","href":"https:\/\/api.w.org\/{rel}","templated":true}]}}