{"id":389721,"date":"2025-09-14T07:28:08","date_gmt":"2025-09-14T07:28:08","guid":{"rendered":"https:\/\/www.europesays.com\/fr\/389721\/"},"modified":"2025-09-14T07:28:08","modified_gmt":"2025-09-14T07:28:08","slug":"a-paris-et-en-ile-de-france-on-mange-moins-de-viande-et-plus-de-produits-bio","status":"publish","type":"post","link":"https:\/\/www.europesays.com\/fr\/389721\/","title":{"rendered":"\u00e0 Paris et en \u00cele-de-France, on mange moins de viande et plus de produits bio"},"content":{"rendered":"<p>            Par<br \/>\n        <strong><br \/>\n            <a href=\"https:\/\/actu.fr\/auteur\/glenn-gillet\" title=\"Consulter tous les articles de Glenn Gillet\" target=\"_blank\" rel=\"noopener\">Glenn Gillet<\/a><br \/>\n        <\/strong><\/p>\n<p>        Publi\u00e9 le<\/p>\n<p>            14 sept. 2025 \u00e0 8h40        <\/p>\n<p>Il ne louperait pour rien au monde son passage hebdomadaire au <a href=\"https:\/\/actu.fr\/ile-de-france\/paris_75056\/paris-salle-de-sport-marche-alimentaire-a-quoi-pourrait-ressembler-le-nouveau-bhv-marais_62786226.html\" target=\"_blank\" rel=\"noopener\">march\u00e9<\/a> ou ses emplettes chez le fromager du coin, mais il a d\u00e9laiss\u00e9 son boucher au profit d\u2019une <a href=\"https:\/\/actu.fr\/alimentation\" target=\"_blank\" rel=\"noopener\">alimentation<\/a> plus v\u00e9g\u00e9tarienne et ch\u00e9rit ses passages au restaurant. Lui, c\u2019est le <strong>clich\u00e9 du Parisien<\/strong> et de ses habitudes de consommation consid\u00e9r\u00e9es comme relevant d\u2019un mode de vie <strong>\u00ab\u2009bobo\u2009\u00bb<\/strong>. Mais ce personnage st\u00e9r\u00e9otyp\u00e9 peut-il \u00eatre rattach\u00e9 \u00e0 une certaine r\u00e9alit\u00e9\u2009? Une <a href=\"https:\/\/www.apur.org\/fr\/climat-environnement\/agriculture-alimentation\/alimentation-paris\" target=\"_blank\" rel=\"noopener\">\u00e9tude<\/a> publi\u00e9e en ce mois de septembre 2025 par l\u2019<strong>Atelier parisien d\u2019urbanisme (Apur)<\/strong> permet d\u2019y voir un peu plus clair dans les pratiques alimentaires non seulement dans la capitale mais aussi en \u00cele-de-France.<\/p>\n<p>13\u2009% de produits carn\u00e9s en moins en 10\u00a0ans, d\u00e9veloppement du bio\u2026<\/p>\n<p class=\" wall-content\">Les Franciliens se d\u00e9marquent notamment du reste de la France dans le type d\u2019aliments qu\u2019ils consomment. En effet, \u00ab\u2009la consommation de produits carn\u00e9s a diminu\u00e9 de 13\u2009% en \u00cele-de-France\u2009\u00bb entre\u00a0<strong>2009 et\u00a02019<\/strong> contre une baisse de seulement 5\u2009% en moyenne ailleurs pour l\u2019Hexagone. \u00c0 ce titre, l\u2019\u00cele-de-France est la seule r\u00e9gion o\u00f9 la consommation a diminu\u00e9 pour tous les principaux types de viande (viandes de boucherie fra\u00eeche, volailles et lapins frais, jambon, charcuterie, viandes et volailles surgel\u00e9es\u2026) avec des baisses notables d\u2019environ 25\u2009% pour les consommations de viande de boucherie, et de viandes et volailles surgel\u00e9es.<\/p>\n<p class=\" wall-content\">Les Franciliens consomment \u00e9galement plus de <strong>produits issus de l\u2019agriculture biologique<\/strong> qu\u2019ailleurs\u2009: en 2024, 75\u2009% des Franciliens assuraient avoir achet\u00e9 un ou des produits biologiques au cours des quatre derni\u00e8res semaines contre 68\u2009% dans le reste de l\u2019Hexagone et \u00ab\u200934\u2009% des Franciliens consomment du bio au moins une fois par semaine contre 24\u2009% \u00e0 l\u2019\u00e9chelle nationale\u2009\u00bb, selon l\u2019Apur. Les habitants de la r\u00e9gion ont d\u2019ailleurs deux fois plus tendance (8\u2009%) \u00e0 acheter un ou deux produits biologiques \u00ab\u2009presque tous les jours\u2009\u00bb qu\u2019ailleurs en France m\u00e9tropolitaine.<\/p>\n<p class=\" wall-content\">Cet attrait pour le bio semble s\u2019\u00eatre principalement d\u00e9velopp\u00e9 au cours des 20 derni\u00e8res ann\u00e9es, avec une acc\u00e9l\u00e9ration sur la derni\u00e8re d\u00e9cennie\u2009: \u00e0 titre d\u2019exemple, la capitale comptait 48 \u00e9piceries bio et durables en 2003, 88 en 2017 et <strong>446 en 2023<\/strong>, \u00ab\u2009avec une diversification des enseignes et une forte p\u00e9n\u00e9tration des rayons bio et durables dans les grandes surfaces\u2009\u00bb, pr\u00e9cise l\u2019Apur.<\/p>\n<p>Des Franciliens qui mangent beaucoup dehors<\/p>\n<p class=\" wall-content\">Sur le plan des d\u00e9penses, l\u2019\u00e9tude montre d\u2019abord que les m\u00e9nages franciliens d\u00e9pensent en moyenne plus d\u2019argent pour les achats alimentaires que les habitants des autres r\u00e9gions\u2009: \u00ab\u2009le montant annuel des d\u00e9penses des m\u00e9nages li\u00e9es \u00e0 l\u2019alimentation a augment\u00e9 de pr\u00e8s de 500\u00a0euros en 10\u00a0ans, atteignant plus de <strong>7\u2009600\u00a0euros en 2017<\/strong>\u2009\u00bb, soit 24\u2009% du budget annuel total moyen, contre des budgets se situant entre environ 5\u2009900 et 6\u2009700\u00a0euros annuels pour les m\u00e9nages des autres r\u00e9gions.<\/p>\n<p class=\" wall-content\">Ce budget alimentaire plus \u00e9lev\u00e9 qu\u2019ailleurs (+23% en moyenne) s\u2019explique notamment par le fait que les produits alimentaires co\u00fbtent en moyenne 7,2\u2009% plus cher en \u00cele-de-France que dans le reste de l\u2019Hexagone, selon des chiffres de 2022.<\/p>\n<p class=\" wall-content\">Mais une autre donn\u00e9e permet de comprendre pourquoi le budget alimentaire des Franciliens et plus \u00e9lev\u00e9 que la moyenne nationale\u2009: ils d\u00e9pensent davantage d\u2019argent en restauration. \u00ab\u2009Le budget li\u00e9 \u00e0 la restauration repr\u00e9sente 7,8\u2009% des d\u00e9penses annuelles moyennes des m\u00e9nages de la r\u00e9gion \u00cele-de-France en 2017, et environ <strong>2\u2009500\u00a0\u20ac<\/strong>, tandis qu\u2019il repr\u00e9sente en moyenne 5,5\u2009% des d\u00e9penses et 1\u2009250\u00a0\u20ac au sein des autres r\u00e9gions\u2009\u00bb, pr\u00e9cise l\u2019\u00e9tude.<\/p>\n<p>Votre r\u00e9gion, votre actu !<\/p>\n<p>Recevez chaque jour les infos qui comptent pour vous.<\/p>\n<p>\t<a href=\"https:\/\/actu.fr\/newsletter\" class=\"ac-btn ac-btn--corner ac-btn--medium ac-btn--blue800\" target=\"_blank\" rel=\"noopener\">S&rsquo;incrire<\/a><\/p>\n<p class=\" wall-content\">L\u2019Apur identifie deux facteurs principaux d\u2019explication aux d\u00e9penses accrues en restauration\u2009: la profusion de restaurants, notamment \u00e0 Paris, et l\u2019habitude plus pr\u00e9gnante qu\u2019ailleurs de manger en dehors de son domicile. \u00ab\u200959\u2009% des individus r\u00e9sidant en agglom\u00e9ration parisienne prennent leur <strong>d\u00e9jeuner en dehors du domicile<\/strong>, tandis que cela ne repr\u00e9sente qu\u2019environ 30\u2009% des individus vivant dans d\u2019autres agglom\u00e9rations\u2009\u00bb, note l\u2019\u00e9tude.<\/p>\n<p class=\" wall-content\">\u00c0 noter que comme partout en France, la part du budget des m\u00e9nages allou\u00e9e \u00e0 la restauration a augment\u00e9 en \u00cele-de-France au cours des derni\u00e8res ann\u00e9es, alors que le montant du budget des m\u00e9nages a quant \u00e0 lui eu tendance \u00e0 <strong>baisser<\/strong>. L\u2019alimentation repr\u00e9sente donc une part de plus en plus important du budget des m\u00e9nages en France.<\/p>\n<p class=\" wall-content\">Cons\u00e9quence\u2009: la <strong>pr\u00e9carit\u00e9 alimentaire<\/strong> augmente dans le pays. En 2021, 35\u2009% des m\u00e9nages de l\u2019agglom\u00e9ration parisienne se d\u00e9claraient \u00ab\u2009dans l\u2019impossibilit\u00e9 de manger les aliments souhait\u00e9s\u2009\u00bb. Ils \u00e9taient 42\u2009% seulement deux ans plus tard, en 2023. Une tendance certes \u00e0 la hausse mais avec une proportion qui reste inf\u00e9rieure aux 51\u2009% de la moyenne nationale et aux 57\u2009% pour les m\u00e9nages ruraux.<\/p>\n<p class=\" wall-content\">Personnalisez votre actualit\u00e9 en ajoutant vos villes et m\u00e9dias en favori avec <a href=\"https:\/\/moncompte.actu.fr\" title=\"D\u00e9couvez Mon Actu\" rel=\"nofollow noopener\" data-trk=\"{&quot;cta&quot;:{&quot;action&quot;:&quot;https:\\\/\\\/moncompte.actu.fr&quot;,&quot;category&quot;:&quot;mon compte&quot;,&quot;from&quot;:&quot;article footer&quot;,&quot;name&quot;:&quot;Mon actu&quot;,&quot;type&quot;:&quot;cta&quot;}}\" target=\"_blank\">Mon Actu<\/a>.<\/p>\n","protected":false},"excerpt":{"rendered":"Par Glenn Gillet Publi\u00e9 le 14 sept. 2025 \u00e0 8h40 Il ne louperait pour rien au monde son&hellip;\n","protected":false},"author":2,"featured_media":389722,"comment_status":"","ping_status":"","sticky":false,"template":"","format":"standard","meta":{"footnotes":""},"categories":[1592],"tags":[1111,11,258,1777,674,1011,27,662,12,626,25,104,10479,12367],"class_list":{"0":"post-389721","1":"post","2":"type-post","3":"status-publish","4":"format-standard","5":"has-post-thumbnail","7":"category-ile-de-france","8":"tag-actu","9":"tag-actualites","10":"tag-alimentation","11":"tag-eu","12":"tag-europe","13":"tag-fr","14":"tag-france","15":"tag-ile-de-france","16":"tag-news","17":"tag-paris","18":"tag-republique-francaise","19":"tag-societe","20":"tag-street-food","21":"tag-vegan"},"share_on_mastodon":{"url":"","error":""},"_links":{"self":[{"href":"https:\/\/www.europesays.com\/fr\/wp-json\/wp\/v2\/posts\/389721","targetHints":{"allow":["GET"]}}],"collection":[{"href":"https:\/\/www.europesays.com\/fr\/wp-json\/wp\/v2\/posts"}],"about":[{"href":"https:\/\/www.europesays.com\/fr\/wp-json\/wp\/v2\/types\/post"}],"author":[{"embeddable":true,"href":"https:\/\/www.europesays.com\/fr\/wp-json\/wp\/v2\/users\/2"}],"replies":[{"embeddable":true,"href":"https:\/\/www.europesays.com\/fr\/wp-json\/wp\/v2\/comments?post=389721"}],"version-history":[{"count":0,"href":"https:\/\/www.europesays.com\/fr\/wp-json\/wp\/v2\/posts\/389721\/revisions"}],"wp:featuredmedia":[{"embeddable":true,"href":"https:\/\/www.europesays.com\/fr\/wp-json\/wp\/v2\/media\/389722"}],"wp:attachment":[{"href":"https:\/\/www.europesays.com\/fr\/wp-json\/wp\/v2\/media?parent=389721"}],"wp:term":[{"taxonomy":"category","embeddable":true,"href":"https:\/\/www.europesays.com\/fr\/wp-json\/wp\/v2\/categories?post=389721"},{"taxonomy":"post_tag","embeddable":true,"href":"https:\/\/www.europesays.com\/fr\/wp-json\/wp\/v2\/tags?post=389721"}],"curies":[{"name":"wp","href":"https:\/\/api.w.org\/{rel}","templated":true}]}}