{"id":389739,"date":"2025-09-14T07:37:10","date_gmt":"2025-09-14T07:37:10","guid":{"rendered":"https:\/\/www.europesays.com\/fr\/389739\/"},"modified":"2025-09-14T07:37:10","modified_gmt":"2025-09-14T07:37:10","slug":"elon-musk-propulse-lafd-dans-la-campagne","status":"publish","type":"post","link":"https:\/\/www.europesays.com\/fr\/389739\/","title":{"rendered":"Elon Musk propulse l\u2019AfD dans la campagne"},"content":{"rendered":"<p>Un pacte d\u2019autocensure. Lorsqu\u2019<a href=\"https:\/\/www.lejdd.fr\/bio\/elon-musk\" target=\"_blank\" rel=\"nofollow noopener\">Elon Musk<\/a> a d\u00e9couvert en lisant\u00a0The European Conservative\u00a0que l\u2019ensemble des partis allemands, \u00e0 l\u2019exclusion de l\u2019<a href=\"https:\/\/www.lejdd.fr\/international\/quest-ce-que-lafd-149048\" target=\"_blank\" rel=\"nofollow noopener\">AfD<\/a>, s\u2019\u00e9taient accord\u00e9s sous la pression d\u2019une association pro-migrants \u00e0 \u00ab\u00a0ne pas faire campagne aux d\u00e9pens des personnes issues de l\u2019immigration vivant parmi nous\u00a0\u00bb et \u00ab\u00a0\u00e0 ne pas tenir les migrants pour responsables des \u00e9volutions sociales n\u00e9gatives telles que le ch\u00f4mage ou les menaces \u00e0 la s\u00e9curit\u00e9 int\u00e9rieure\u00a0\u00bb, le sang du milliardaire am\u00e9ricain n\u2019a fait qu\u2019un tour.<\/p>\n<p>Lors des derni\u00e8res \u00e9lections l\u00e9gislatives de f\u00e9vrier dernier, il avait d\u00e9j\u00e0 affich\u00e9 un soutien clair au parti d\u2019<a href=\"https:\/\/www.lejdd.fr\/International\/alice-weidel-la-princesse-de-glace-qui-fait-trembler-lallemagne-155418\" target=\"_blank\" rel=\"nofollow noopener\">Alice Weidel<\/a>. Au point qu\u2019Olaf Scholz, encore chancelier, avait \u00e9voqu\u00e9 \u00ab\u00a0une grave ing\u00e9rence \u00e9trang\u00e8re\u00a0\u00bb. Aujourd\u2019hui encore, alors que les Allemands sont invit\u00e9s aux urnes ce dimanche en Rh\u00e9nanie du Nord-Westphalie, le land le plus peupl\u00e9 d\u2019Allemagne, le milliardaire am\u00e9ricain r\u00e9cidive et s\u2019invite dans la campagne. \u00ab\u00a0Soit l\u2019Allemagne vote pour l\u2019AfD, soit c\u2019est la fin de l\u2019Allemagne\u00a0\u00bb, \u00e9crit-il sur son r\u00e9seau social\u00a0X, d\u2019un ton d\u00e9finitif.<\/p>\n<p>Pour l\u2019AfD, c\u2019est du pain b\u00e9ni. Un coup de pouce salutaire. \u00c0 quelques pas de la cath\u00e9drale de Cologne o\u00f9 se tiennent ce dimanche des municipales, Wolfgang Wiehle, un d\u00e9put\u00e9 de l\u2019AfD, acquiesce\u00a0: \u00ab\u00a0Musk a parfaitement raison. Sans son tweet, cela ne se serait sans doute pas su. Dans notre camp, sa prise de position a suscit\u00e9 beaucoup d\u2019enthousiasme. Sa d\u00e9marche est constructive. Elle va nous aider \u00e0 r\u00e9aliser des scores au-del\u00e0 de nos esp\u00e9rances.\u00a0\u00bb<\/p>\n<blockquote class=\"exergue\">\n<p>\u00ab\u00a0Il nous rend service, car l\u2019AfD est mis en lumi\u00e8re\u00a0\u00bb<\/p>\n<\/blockquote>\n<p>En 2020, le parti d\u2019Alice Weidel n\u2019avait obtenu que 5\u00a0% des suffrages \u00e0 Cologne. Selon de r\u00e9cents sondages, l\u2019AfD pourrait tripler ses r\u00e9sultats et faire ainsi la d\u00e9monstration que son implantation ne se fait plus seulement \u00e0 l\u2019est du pays, mais gagne \u00e9galement l\u2019ouest de l\u2019Allemagne. Mieux, il pourrait s\u2019imposer dimanche dans une grande partie du bassin de la Ruhr, un ancien bastion du\u00a0SPD, le parti de centre gauche allemand.<\/p>\n<p>Dans les rues de Cologne, les \u00e9lections municipales occupent les esprits. Et les partisans de l\u2019AfD se montrent particuli\u00e8rement optimistes quant \u00e0 leurs chances de gagner encore du terrain et de poursuivre leur mont\u00e9e en puissance. Comme chaque semaine, plusieurs membres du parti sont rassembl\u00e9s au Little\u00a0Link, un bistrot de briques rouges situ\u00e9 dans le quartier belge, au nord-ouest de Cologne. Le retour d\u2019Elon Musk dans la vie politique allemande fait l\u2019unanimit\u00e9. Mieux, il les r\u00e9jouit. \u00ab\u00a0Il sait parfaitement de quoi il parle, se r\u00e9jouit Hans-Uwe, qui vote\u00a0AfD depuis 2016. Le fait qu\u2019il s\u2019immisce dans cette campagne d\u00e9range les partis traditionnels et il nous rend service, car l\u2019AfD est mis en lumi\u00e8re.\u00a0\u00bb En face de lui, J\u00fcrgen\u00a0K., une bi\u00e8re \u00e0 la main, semble particuli\u00e8rement nerveux. \u00c9lecteur de l\u2019AfD depuis 2019, il interrompt subitement la conversation et tape du poing sur la table\u00a0: \u00ab\u00a0C\u2019est impossible que ce soit un hasard.\u00a0\u00bb Il fait allusion aux <a href=\"https:\/\/www.lejdd.fr\/International\/allemagne-polemique-nationale-apres-la-mort-de-six-candidats-de-lafd-avant-les-elections-municipales-161537\" target=\"_blank\" rel=\"nofollow noopener\">d\u00e9c\u00e8s de sept candidats de l\u2019AfD ces derni\u00e8res semaines<\/a>\u00a0: \u00ab\u00a0Ce sont des assassinats d\u00e9guis\u00e9s.\u00a0\u00bb Si la police a \u00e9tabli qu\u2019il s\u2019agissait de morts naturelles, les membres de l\u2019AfD sont dubitatifs.<\/p>\n<p>    La suite apr\u00e8s cette publicit\u00e9<\/p>\n<p>Enjeu capital<\/p>\n<p>Convaincus d\u2019\u00eatre pers\u00e9cut\u00e9s par le pouvoir et mis sous surveillance des services de renseignement, le renfort m\u00e9diatique d\u2019Elon Musk est pour eux une aubaine. \u00ab\u00a0Il a le don de parfaitement r\u00e9sumer la situation d\u2019ensemble en une poign\u00e9e de mots\u00a0\u00bb, confie Sven Tritschler, d\u00e9put\u00e9 de l\u2019AfD en Rh\u00e9nanie-Palatinat, depuis son bureau situ\u00e9 en face de la gare principale de Cologne. \u00ab\u00a0Sa lucidit\u00e9 par rapport \u00e0 la situation catastrophique de notre pays permet de prendre conscience de l\u2019enjeu capital de cette \u00e9ch\u00e9ance \u00e9lectorale.\u00a0\u00bb Il se murmure m\u00eame que le patron de Tesla pourrait se rendre en Rh\u00e9nanie du Nord-Westphalie ce dimanche, histoire de marquer le coup en cas d\u2019\u00e9lection triomphale du parti qu\u2019il soutient.<\/p>\n","protected":false},"excerpt":{"rendered":"Un pacte d\u2019autocensure. Lorsqu\u2019Elon Musk a d\u00e9couvert en lisant\u00a0The European Conservative\u00a0que l\u2019ensemble des partis allemands, \u00e0 l\u2019exclusion de&hellip;\n","protected":false},"author":2,"featured_media":389740,"comment_status":"","ping_status":"","sticky":false,"template":"","format":"standard","meta":{"footnotes":""},"categories":[1587],"tags":[11,672,1804,1805,1803,1777,674,1801,12,1802],"class_list":{"0":"post-389739","1":"post","2":"type-post","3":"status-publish","4":"format-standard","5":"has-post-thumbnail","7":"category-allemagne","8":"tag-actualites","9":"tag-allemagne","10":"tag-bundesrepublik-deutschland","11":"tag-de","12":"tag-deutschland","13":"tag-eu","14":"tag-europe","15":"tag-germany","16":"tag-news","17":"tag-republique-federale-dallemagne"},"share_on_mastodon":{"url":"https:\/\/pubeurope.com\/@fr\/115201510229053026","error":""},"_links":{"self":[{"href":"https:\/\/www.europesays.com\/fr\/wp-json\/wp\/v2\/posts\/389739","targetHints":{"allow":["GET"]}}],"collection":[{"href":"https:\/\/www.europesays.com\/fr\/wp-json\/wp\/v2\/posts"}],"about":[{"href":"https:\/\/www.europesays.com\/fr\/wp-json\/wp\/v2\/types\/post"}],"author":[{"embeddable":true,"href":"https:\/\/www.europesays.com\/fr\/wp-json\/wp\/v2\/users\/2"}],"replies":[{"embeddable":true,"href":"https:\/\/www.europesays.com\/fr\/wp-json\/wp\/v2\/comments?post=389739"}],"version-history":[{"count":0,"href":"https:\/\/www.europesays.com\/fr\/wp-json\/wp\/v2\/posts\/389739\/revisions"}],"wp:featuredmedia":[{"embeddable":true,"href":"https:\/\/www.europesays.com\/fr\/wp-json\/wp\/v2\/media\/389740"}],"wp:attachment":[{"href":"https:\/\/www.europesays.com\/fr\/wp-json\/wp\/v2\/media?parent=389739"}],"wp:term":[{"taxonomy":"category","embeddable":true,"href":"https:\/\/www.europesays.com\/fr\/wp-json\/wp\/v2\/categories?post=389739"},{"taxonomy":"post_tag","embeddable":true,"href":"https:\/\/www.europesays.com\/fr\/wp-json\/wp\/v2\/tags?post=389739"}],"curies":[{"name":"wp","href":"https:\/\/api.w.org\/{rel}","templated":true}]}}