{"id":389743,"date":"2025-09-14T07:39:09","date_gmt":"2025-09-14T07:39:09","guid":{"rendered":"https:\/\/www.europesays.com\/fr\/389743\/"},"modified":"2025-09-14T07:39:09","modified_gmt":"2025-09-14T07:39:09","slug":"presse-du-dimanche-salaires-a-declarer-dans-lue-domaine-skiable-convoite-poulets-au-chlore","status":"publish","type":"post","link":"https:\/\/www.europesays.com\/fr\/389743\/","title":{"rendered":"Presse du dimanche: salaires \u00e0 d\u00e9clarer dans l&rsquo;UE, domaine skiable convoit\u00e9, \u00abpoulets au chlore\u00bb"},"content":{"rendered":"<p>D\u00e8s la mi-2026, les grandes entreprises suisses actives \u00e0 l\u2019international devront publier leurs fourchettes de salaires dans l\u2019Union europ\u00e9enne. En Suisse, elles restent toutefois prudentes quant \u00e0 une telle transparence, rapporte la SonntagsZeitung. Ainsi, un porte-parole d\u2019UBS n\u2019a pas pr\u00e9cis\u00e9 si la banque appliquerait cette mesure \u00e9galement \u00e0 ses sites helv\u00e9tiques, tout en affirmant que l\u2019\u00e9tablissement se pr\u00e9parait \u00e0 respecter la directive pour ses implantations dans l\u2019UE. Des groupes comme AB&#8230;<\/p>\n<p>Ce contenu est <b>r\u00e9serv\u00e9<\/b> aux abonn\u00e9s au <b>\u00ab\u00a0Pack num\u00e9rique\u00a0\u00bb<\/b> ou au <b>\u00ab\u00a0Pack service complet\u00a0\u00bb<\/b><\/p>\n<p>Plongez-vous dans l\u2019actualit\u00e9 des entreprises, de la finance et de la politique<\/p>\n<p>D\u00e9j\u00e0 abonn\u00e9? <b>Connectez-vous<\/b><\/p>\n","protected":false},"excerpt":{"rendered":"D\u00e8s la mi-2026, les grandes entreprises suisses actives \u00e0 l\u2019international devront publier leurs fourchettes de salaires dans l\u2019Union&hellip;\n","protected":false},"author":2,"featured_media":389744,"comment_status":"","ping_status":"","sticky":false,"template":"","format":"standard","meta":{"footnotes":""},"categories":[1586],"tags":[11,1777,674,1779,1011,27,12,25,1778,364],"class_list":{"0":"post-389743","1":"post","2":"type-post","3":"status-publish","4":"format-standard","5":"has-post-thumbnail","7":"category-europe","8":"tag-actualites","9":"tag-eu","10":"tag-europe","11":"tag-european-union","12":"tag-fr","13":"tag-france","14":"tag-news","15":"tag-republique-francaise","16":"tag-ue","17":"tag-union-europeenne"},"share_on_mastodon":{"url":"https:\/\/pubeurope.com\/@fr\/115201518085941044","error":""},"_links":{"self":[{"href":"https:\/\/www.europesays.com\/fr\/wp-json\/wp\/v2\/posts\/389743","targetHints":{"allow":["GET"]}}],"collection":[{"href":"https:\/\/www.europesays.com\/fr\/wp-json\/wp\/v2\/posts"}],"about":[{"href":"https:\/\/www.europesays.com\/fr\/wp-json\/wp\/v2\/types\/post"}],"author":[{"embeddable":true,"href":"https:\/\/www.europesays.com\/fr\/wp-json\/wp\/v2\/users\/2"}],"replies":[{"embeddable":true,"href":"https:\/\/www.europesays.com\/fr\/wp-json\/wp\/v2\/comments?post=389743"}],"version-history":[{"count":0,"href":"https:\/\/www.europesays.com\/fr\/wp-json\/wp\/v2\/posts\/389743\/revisions"}],"wp:featuredmedia":[{"embeddable":true,"href":"https:\/\/www.europesays.com\/fr\/wp-json\/wp\/v2\/media\/389744"}],"wp:attachment":[{"href":"https:\/\/www.europesays.com\/fr\/wp-json\/wp\/v2\/media?parent=389743"}],"wp:term":[{"taxonomy":"category","embeddable":true,"href":"https:\/\/www.europesays.com\/fr\/wp-json\/wp\/v2\/categories?post=389743"},{"taxonomy":"post_tag","embeddable":true,"href":"https:\/\/www.europesays.com\/fr\/wp-json\/wp\/v2\/tags?post=389743"}],"curies":[{"name":"wp","href":"https:\/\/api.w.org\/{rel}","templated":true}]}}