{"id":389759,"date":"2025-09-14T07:48:22","date_gmt":"2025-09-14T07:48:22","guid":{"rendered":"https:\/\/www.europesays.com\/fr\/389759\/"},"modified":"2025-09-14T07:48:22","modified_gmt":"2025-09-14T07:48:22","slug":"les-classements-apres-le-gp-de-catalogne-2025","status":"publish","type":"post","link":"https:\/\/www.europesays.com\/fr\/389759\/","title":{"rendered":"Les classements apr\u00e8s le GP de Catalogne 2025"},"content":{"rendered":"<p>Les jours se suivent et ne se ressemblent pas. Apr\u00e8s sa chute lors du sprint samedi, Alex Marquez \u00e9tait furieux. Il a pu se rattraper dimanche en terminant devant son fr\u00e8re, Marc, lors du Grand Prix de Catalogne en <a href=\"https:\/\/www.20minutes.fr\/sport\/moto-gp\/\" class=\"c-link c-link--is-underlined\" rel=\"nofollow noopener\" target=\"_blank\">MotoGP<\/a>. Enea Bastianini (KTM Tech 3) compl\u00e8te le podium \u00e0 Montmelo, dans les environs de <a href=\"https:\/\/www.20minutes.fr\/dossier\/barcelone\" class=\"c-link c-link--is-underlined\" rel=\"nofollow noopener\" target=\"_blank\">Barcelone<\/a>.<\/p>\n<p>Alex Marquez retarde le sacre de son fr\u00e8re<\/p>\n<p>Alex Marquez a su tirer profit des performances de sa Gresini pour s\u2019imposer et retarder le sacre de Marc Marquez. Ce dernier devra attendre au moins deux Grands Prix pour \u00eatre champion du monde. Le Fran\u00e7ais Fabio Quartararo (Yamaha) termine 5e malgr\u00e9 un d\u00e9part manqu\u00e9. Johann Zarco a chut\u00e9 \u00e0 la mi-course en se montrant trop agressif. \u00c0 noter que Francesco Bagnaia (Ducati) a termin\u00e9 7e apr\u00e8s avoir d\u00e9pass\u00e9&#8230; 12 pilotes d\u00e8s le d\u00e9part !<\/p>\n<p class=\"mb-xxl@xs color-ultramarine font-weight-semi-bold@xs font-source-serif-pro heading-s@xs\">L\u2019acc\u00e8s \u00e0 ce contenu a \u00e9t\u00e9 bloqu\u00e9 afin de respecter votre choix de consentement<\/p>\n<p class=\"mb-m@xs text-l@xs\">En cliquant sur\u00ab J\u2019accepte \u00bb, vous acceptez le d\u00e9p\u00f4t de cookies par des services externes et aurez ainsi acc\u00e8s aux contenus de nos partenaires.<\/p>\n<p class=\"mb-xl@xs text-s@xs\">Plus d\u2019informations sur la page<a href=\"https:\/\/www.20minutes.fr\/gestion-cookies\" class=\"mx-xxs@xs color-ultramarine\" rel=\"nofollow noopener\" target=\"_blank\">Politique de gestion des cookies<\/a><\/p>\n<p>J\u2019accepteLe classement du Grand Prix de Catalogne en MotoGp<\/p>\n<ol>\n<li>Alex Marquez 40&rsquo;14&Prime;093<\/li>\n<li>Marc Marquez \u00e0 0\u00a0\u00bb833<\/li>\n<li>Enea Bastianini \u00e0 0\u00a0\u00bb655<\/li>\n<li>Pedro Acosta KTM \u00e0 13\u00a0\u00bb373<\/li>\n<li>Fabio Quartararo Yamaha \u00e0 14\u00a0\u00bb409<\/li>\n<li>Ai Ogura &#8211; Aprilia Trackhouse Racing \u00e0 15\u00a0\u00bb055<\/li>\n<li>Francesco Bagnaia &#8211; Ducati \u00e0 16\u00a0\u00bb048<\/li>\n<li>Luca Marini &#8211; Honda \u00e0 16\u00a0\u00bb372<\/li>\n<li>Miguel Oliveira &#8211; Yamaha Pramac \u00e0 16\u00a0\u00bb937<\/li>\n<li>Jorge Martin &#8211; Aprilia \u00e0 18\u00a0\u00bb492<\/li>\n<li>Raul Fernandez &#8211; Aprilia Trackhouse Racing \u00e0 19\u00a0\u00bb489<\/li>\n<li>Joan Mir &#8211; Honda \u00e0 20\u00a0\u00bb159<\/li>\n<li>Maverick Vinales &#8211; KTM Tech 3 \u00e0 22\u00a0\u00bb792<\/li>\n<li>Jack Miller &#8211; Yamaha Pramac \u00e0 24\u00a0\u00bb351<\/li>\n<li>Somkiat Chantra &#8211; Honda LCR \u00e0 37\u00a0\u00bb393<\/li>\n<li>Aleix Espargaro Honda \u00e0 43\u00a0\u00bb202<\/li>\n<li>Fermin Aldeguer &#8211; Ducati Gresini abandon<\/li>\n<li>Lorenzo Savadori &#8211; Aprilia &#8211; abandon<\/li>\n<li>Johann Zarco &#8211; <a href=\"https:\/\/www.20minutes.fr\/dossier\/honda\" class=\"c-link c-link--is-underlined\" rel=\"nofollow noopener\" target=\"_blank\">Honda<\/a> LCR abandon<\/li>\n<li>Brad Binder &#8211; KTM &#8211; abandon<\/li>\n<li>Alex Rins &#8211; Yamaha &#8211; abandon<\/li>\n<li>Franco Morbidelli &#8211; Ducati VR46 abandon<\/li>\n<li>Fabio Di Giannantonio &#8211; Ducati VR46 abandon<\/li>\n<li>Marco Bezzecchi &#8211; Aprilia abandon<\/li>\n<\/ol>\n<p>Le classement du championnat du monde de MotoGP 2025<\/p>\n<ol>\n<li>Marc Marquez\t487 points<\/li>\n<li>Alex Marquez\t305<\/li>\n<li>Francesco Bagnaia\t237<\/li>\n<li>Marco Bezzecchi\t197<\/li>\n<li>Pedro Acosta\t183<\/li>\n<li>Franco Morbidelli\t161<\/li>\n<li>Fabio Di Giannantonio\t161<\/li>\n<li>Fabio Quartararo\t129<\/li>\n<li>Fermin Aldeguer\t126<\/li>\n<li>Johann Zarco\t117<\/li>\n<li>Brad Binder\t95<\/li>\n<li>Enea Bastianini\t84<\/li>\n<li>Luca Marini\t82<\/li>\n<li>Raul Fernandez\t78<\/li>\n<li>Maverick Vinales\t72<\/li>\n<li>Ai Ogura\t69<\/li>\n<li>Jack Miller\t54<\/li>\n<li>Joan Mir\t50<\/li>\n<li>Alex Rins\t45<\/li>\n<li>Jorge Martin\t29<\/li>\n<li>Miguel Oliveira\t17<\/li>\n<li>Pol Espargaro\t16<\/li>\n<li>Takaaki Nakagami\t10<\/li>\n<li>24\t\tLorenzo Savadori\t8<\/li>\n<li>Augusto Fernandez\t6<\/li>\n<li>Somkiat Chantra\t1<\/li>\n<\/ol>\n<p>Le classement constructeur en MotoGP 2025<\/p>\n<ol>\n<li>Ducati 722\t<\/li>\n<li>KTM 327<\/li>\n<li>Aprilia 302\t<\/li>\n<li>Yamaha 124\t<\/li>\n<li>Honda 75<\/li>\n<\/ol>\n","protected":false},"excerpt":{"rendered":"Les jours se suivent et ne se ressemblent pas. Apr\u00e8s sa chute lors du sprint samedi, Alex Marquez&hellip;\n","protected":false},"author":2,"featured_media":389760,"comment_status":"","ping_status":"","sticky":false,"template":"","format":"standard","meta":{"footnotes":""},"categories":[1413],"tags":[1976,1680,1011,27,1741,1457,6033,1456,517,60],"class_list":{"0":"post-389759","1":"post","2":"type-post","3":"status-publish","4":"format-standard","5":"has-post-thumbnail","7":"category-moto","8":"tag-auto-moto","9":"tag-fabio-quartararo","10":"tag-fr","11":"tag-france","12":"tag-johann-zarco","13":"tag-moto","14":"tag-moto-gp","15":"tag-motocycle","16":"tag-sport","17":"tag-sports"},"share_on_mastodon":{"url":"https:\/\/pubeurope.com\/@fr\/115201553445580474","error":""},"_links":{"self":[{"href":"https:\/\/www.europesays.com\/fr\/wp-json\/wp\/v2\/posts\/389759","targetHints":{"allow":["GET"]}}],"collection":[{"href":"https:\/\/www.europesays.com\/fr\/wp-json\/wp\/v2\/posts"}],"about":[{"href":"https:\/\/www.europesays.com\/fr\/wp-json\/wp\/v2\/types\/post"}],"author":[{"embeddable":true,"href":"https:\/\/www.europesays.com\/fr\/wp-json\/wp\/v2\/users\/2"}],"replies":[{"embeddable":true,"href":"https:\/\/www.europesays.com\/fr\/wp-json\/wp\/v2\/comments?post=389759"}],"version-history":[{"count":0,"href":"https:\/\/www.europesays.com\/fr\/wp-json\/wp\/v2\/posts\/389759\/revisions"}],"wp:featuredmedia":[{"embeddable":true,"href":"https:\/\/www.europesays.com\/fr\/wp-json\/wp\/v2\/media\/389760"}],"wp:attachment":[{"href":"https:\/\/www.europesays.com\/fr\/wp-json\/wp\/v2\/media?parent=389759"}],"wp:term":[{"taxonomy":"category","embeddable":true,"href":"https:\/\/www.europesays.com\/fr\/wp-json\/wp\/v2\/categories?post=389759"},{"taxonomy":"post_tag","embeddable":true,"href":"https:\/\/www.europesays.com\/fr\/wp-json\/wp\/v2\/tags?post=389759"}],"curies":[{"name":"wp","href":"https:\/\/api.w.org\/{rel}","templated":true}]}}