{"id":389761,"date":"2025-09-14T07:49:09","date_gmt":"2025-09-14T07:49:09","guid":{"rendered":"https:\/\/www.europesays.com\/fr\/389761\/"},"modified":"2025-09-14T07:49:09","modified_gmt":"2025-09-14T07:49:09","slug":"un-entraineur-de-legende-lache-un-message-a-lom","status":"publish","type":"post","link":"https:\/\/www.europesays.com\/fr\/389761\/","title":{"rendered":"Un entra\u00eeneur de l\u00e9gende l\u00e2che un message \u00e0 l\u2019OM !"},"content":{"rendered":"<p>                    Hugo Chirossel<br \/>\n                        &#8211;<\/p>\n<p>Journaliste<\/p>\n<p>Passionn\u00e9 de football depuis le plus jeune \u00e2ge, devenir journaliste sportif est rapidement devenu une \u00e9vidence pour Hugo. Il se d\u00e9couvrira plus tard un amour pour la NBA, avant d\u2019explorer d\u2019autres horizons comme ceux de la Formule 1 et de la NFL.<\/p>\n<p class=\"heading\">Entra\u00eeneur du PSG entre janvier 2012 et juin 2013, avant de rejoindre le Real Madrid, avec qui il a remport\u00e9 trois Ligues des champions, Carlo Ancelotti a donn\u00e9 son avis sur le championnat de France. Pour le technicien italien, la Ligue 1 a besoin de plus de concurrence et il aimerait que des clubs comme l\u2019OM, l\u2019OL et l\u2019OGC Nice \u00ab grandissent \u00bb.<\/p>\n<p>\u00ab Au final, je voulais partir. \u00bb <a href=\"https:\/\/le10sport.com\/football\/ligue1\/psg\/psg-lentraineur-claque-la-porte-je-voulais-partir-757950\" target=\"_blank\" rel=\"noopener\">Dans un entretien accord\u00e9 \u00e0 L\u2019\u00c9quipe<\/a>, <strong>Carlo Ancelotti<\/strong> est revenu sur son cours passage au<strong> PSG<\/strong>. Arriv\u00e9 en janvier 2012, le technicien italien avait d\u00e9cid\u00e9 de partir en juin 2013 alors que \u00ab si j\u2019avais voulu rester, j\u2019aurais pu \u00bb, mais il voulait rejoindre le<strong> Real Madrid<\/strong>. <\/p>\n<p>                                            \u00abUn Championnat qui a besoin de plus de concurrence\u00bb<\/p>\n<p>Au cours de cet entretien, il a \u00e9galement \u00e9t\u00e9 demand\u00e9 \u00e0 <strong>Carlo Ancelotti <\/strong>de donner son avis sur la Ligue 1. Un championnat qui manque de concurrence aux yeux de l\u2019ancien entra\u00eeneur du <strong>PSG<\/strong>, qui aimerait voir des clubs comme l\u2019<strong>OM<\/strong> et l\u2019<strong>OL<\/strong> apporter plus de comp\u00e9titivit\u00e9. <\/p>\n<p>                                            \u00abIl a besoin que des \u00e9quipes comme Marseille, Lyon ou Nice grandissent pour offrir plus de comp\u00e9titivit\u00e9\u00bb<\/p>\n<p>\u00ab Ce que je pense de la Ligue 1 ? Que c&rsquo;est un Championnat qui a besoin de plus de concurrence. Il a besoin que des \u00e9quipes comme Marseille, Lyon ou Nice grandissent pour offrir plus de comp\u00e9titivit\u00e9 \u00bb, a d\u00e9clar\u00e9 <strong>Carlo Ancelotti<\/strong>. <\/p>\n","protected":false},"excerpt":{"rendered":"Hugo Chirossel &#8211; Journaliste Passionn\u00e9 de football depuis le plus jeune \u00e2ge, devenir journaliste sportif est rapidement devenu&hellip;\n","protected":false},"author":2,"featured_media":389762,"comment_status":"","ping_status":"","sticky":false,"template":"","format":"standard","meta":{"footnotes":""},"categories":[1412],"tags":[1451,1452,1453,1454,1455,1011,27,60],"class_list":{"0":"post-389761","1":"post","2":"type-post","3":"status-publish","4":"format-standard","5":"has-post-thumbnail","7":"category-f1","8":"tag-f1","9":"tag-formula-1","10":"tag-formula1","11":"tag-formule-1","12":"tag-formule1","13":"tag-fr","14":"tag-france","15":"tag-sports"},"share_on_mastodon":{"url":"https:\/\/pubeurope.com\/@fr\/115201557361001879","error":""},"_links":{"self":[{"href":"https:\/\/www.europesays.com\/fr\/wp-json\/wp\/v2\/posts\/389761","targetHints":{"allow":["GET"]}}],"collection":[{"href":"https:\/\/www.europesays.com\/fr\/wp-json\/wp\/v2\/posts"}],"about":[{"href":"https:\/\/www.europesays.com\/fr\/wp-json\/wp\/v2\/types\/post"}],"author":[{"embeddable":true,"href":"https:\/\/www.europesays.com\/fr\/wp-json\/wp\/v2\/users\/2"}],"replies":[{"embeddable":true,"href":"https:\/\/www.europesays.com\/fr\/wp-json\/wp\/v2\/comments?post=389761"}],"version-history":[{"count":0,"href":"https:\/\/www.europesays.com\/fr\/wp-json\/wp\/v2\/posts\/389761\/revisions"}],"wp:featuredmedia":[{"embeddable":true,"href":"https:\/\/www.europesays.com\/fr\/wp-json\/wp\/v2\/media\/389762"}],"wp:attachment":[{"href":"https:\/\/www.europesays.com\/fr\/wp-json\/wp\/v2\/media?parent=389761"}],"wp:term":[{"taxonomy":"category","embeddable":true,"href":"https:\/\/www.europesays.com\/fr\/wp-json\/wp\/v2\/categories?post=389761"},{"taxonomy":"post_tag","embeddable":true,"href":"https:\/\/www.europesays.com\/fr\/wp-json\/wp\/v2\/tags?post=389761"}],"curies":[{"name":"wp","href":"https:\/\/api.w.org\/{rel}","templated":true}]}}