{"id":389790,"date":"2025-09-14T08:04:11","date_gmt":"2025-09-14T08:04:11","guid":{"rendered":"https:\/\/www.europesays.com\/fr\/389790\/"},"modified":"2025-09-14T08:04:11","modified_gmt":"2025-09-14T08:04:11","slug":"la-fnsea-le-principal-syndicat-agricole-appelle-a-une-grande-journee-daction-le-25-septembre","status":"publish","type":"post","link":"https:\/\/www.europesays.com\/fr\/389790\/","title":{"rendered":"La FNSEA, le principal syndicat agricole, appelle \u00e0 \u00ab\u00a0une grande journ\u00e9e d\u2019action\u00a0\u00bb le 25\u00a0septembre"},"content":{"rendered":"<p>                          <img loading=\"lazy\" decoding=\"async\" src=\"https:\/\/www.europesays.com\/fr\/wp-content\/uploads\/2025\/09\/326e34b_ftp-import-images-1-zi2m8jvehyv5-5430099-01-06.jpg\" alt=\"Arnaud Rousseau, pr\u00e9sident de la FNSEA, lors de l\u2019ouverture du congr\u00e8s de la F\u00e9d\u00e9ration nationale des syndicats d\u2019exploitants agricoles, \u00e0 Grenoble, le 26\u00a0mars 2025.\"   width=\"664\" height=\"443\"\/>    Arnaud Rousseau, pr\u00e9sident de la FNSEA, lors de l\u2019ouverture du congr\u00e8s de la F\u00e9d\u00e9ration nationale des syndicats d\u2019exploitants agricoles, \u00e0 Grenoble, le 26\u00a0mars 2025.  JEFF PACHOUD \/ AFP                            <\/p>\n<p class=\"article__paragraph  \">Apr\u00e8s le mouvement prot\u00e9iforme du 10\u00a0septembre, et alors que se profile la journ\u00e9e de mobilisation de l\u2019intersyndicale le 18\u00a0septembre, le premier ministre, S\u00e9bastien Lecornu, va faire face \u00e0 un nouveau front la semaine suivante.<\/p>\n<p class=\"article__paragraph  \">Le syndicat agricole FNSEA appelle en effet \u00e0 \u00ab\u00a0une grande journ\u00e9e d\u2019action\u00a0\u00bb le vendredi 25\u00a0septembre, \u00e0 travers toute la France, autour des questions des \u00e9changes internationaux pour les produits agricoles, annonce son pr\u00e9sident Arnaud Rousseau dans un entretien au Journal du dimanche.<\/p>\n<p class=\"article__paragraph  \">Cette mobilisation se fera contre \u00ab\u00a0le Mercosur, les taxes impos\u00e9es par Donald Trump et le flot des importations internationales qui ne respectent pas les normes qui sont les n\u00f4tres\u00a0\u00bb, explique le dirigeant. \u00ab\u00a0A l\u2019image des \u0153ufs ukrainiens\u00a0: tous ces produits qui entrent sur notre territoire et que nous ne voulons pas voir dans nos assiettes, car ils sont dangereux pour la sant\u00e9 et pour l\u2019environnement\u00a0!\u00a0\u00bb, poursuit-il.<\/p>\n<p>                                         Lire aussi |  Article r\u00e9serv\u00e9 \u00e0 nos abonn\u00e9s  <a href=\"https:\/\/www.lemonde.fr\/economie\/article\/2025\/09\/03\/l-accord-ue-mercosur-relance-la-mobilisation-des-syndicats-agricoles_6638796_3234.html\" class=\"js-article-read-also catcher--favoris__link\" data-premium=\"1\" id=\"article-title-3436530\" rel=\"nofollow noopener\" target=\"_blank\">L\u2019accord UE-Mercosur relance la mobilisation des syndicats agricoles<\/a>    <\/p>\n<p>   Lire plus tard  <\/p>\n<p>                            Des actions men\u00e9es avec les Jeunes agriculteurs                      <\/p>\n<p class=\"article__paragraph  \">\u00ab\u00a0Les actions sont \u00e0 l\u2019appr\u00e9ciation des f\u00e9d\u00e9rations d\u00e9partementales mais \u00e7a peut prendre la forme de visite de grandes surfaces pour aller chercher tous les produits non conformes\u00a0\u00bb, a pr\u00e9cis\u00e9 \u00e0 l\u2019Agence France-Presse (AFP) un porte-parole du premier syndicat agricole fran\u00e7ais, qui m\u00e8nera ces actions avec les Jeunes agriculteurs (JA).<\/p>\n<p class=\"article__paragraph  \">La FNSEA et les JA avaient d\u00e9j\u00e0 dit leur hostilit\u00e9 \u00e0 l\u2019accord de libre-\u00e9change entre des pays latino-am\u00e9ricains du Mercosur et l\u2019Union europ\u00e9enne (UE). Cet accord doit notamment permettre \u00e0 l\u2019UE d\u2019exporter davantage de voitures, de machines, de vins et de spiritueux en Argentine, au Br\u00e9sil, en Uruguay et au Paraguay. En retour, il faciliterait l\u2019entr\u00e9e de viande, sucre, riz, miel ou soja sud-am\u00e9ricains, au risque de fragiliser certaines fili\u00e8res agricoles europ\u00e9ennes.<\/p>\n<p class=\"article__paragraph  \">La FNSEA avait annonc\u00e9 ne pas vouloir participer au mouvement\u00a0Bloquons tout\u00a0du 10 septembre pour \u00e9viter une\u00a0\u00ab\u00a0r\u00e9cup\u00e9ration politique\u00a0\u00bb\u00a0mais avait d\u00e9j\u00e0 pr\u00e9vu une mobilisation\u00a0\u00ab\u00a0cet automne\u00a0\u00bb\u00a0sur ses propres revendications. \u00ab\u00a0Nous attendons une date de rendez-vous avec [le premier ministre] S\u00e9bastien Lecornu dans les prochains jours\u00a0\u00bb, a pr\u00e9cis\u00e9 le porte-parole \u00e0 l\u2019AFP.<\/p>\n<p>                                         Lire aussi |  <a href=\"https:\/\/www.lemonde.fr\/idees\/article\/2025\/09\/04\/l-accord-avec-le-mercosur-miroir-d-une-double-perte-d-influence_6638878_3232.html\" class=\"js-article-read-also catcher--favoris__link\" data-premium=\"\" id=\"article-title-3436550\" rel=\"nofollow noopener\" target=\"_blank\">L\u2019accord avec le Mercosur, miroir d\u2019une double perte d\u2019influence<\/a>    <\/p>\n<p>   Lire plus tard  <\/p>\n<p class=\"author__detail\">  Le Monde avec AFP  <\/p>\n<p>                  <a href=\"https:\/\/www.lemonde.fr\/syndication\/\" class=\"reuse__content\" title=\"R\u00e9utiliser ce contenu\" target=\"_blank\" rel=\"nofollow noopener\">R\u00e9utiliser ce contenu<\/a>      <\/p>\n","protected":false},"excerpt":{"rendered":"Arnaud Rousseau, pr\u00e9sident de la FNSEA, lors de l\u2019ouverture du congr\u00e8s de la F\u00e9d\u00e9ration nationale des syndicats d\u2019exploitants&hellip;\n","protected":false},"author":2,"featured_media":389791,"comment_status":"","ping_status":"","sticky":false,"template":"","format":"standard","meta":{"footnotes":""},"categories":[4],"tags":[11,1011,27,12,25],"class_list":{"0":"post-389790","1":"post","2":"type-post","3":"status-publish","4":"format-standard","5":"has-post-thumbnail","7":"category-france","8":"tag-actualites","9":"tag-fr","10":"tag-france","11":"tag-news","12":"tag-republique-francaise"},"share_on_mastodon":{"url":"https:\/\/pubeurope.com\/@fr\/115201616509475436","error":""},"_links":{"self":[{"href":"https:\/\/www.europesays.com\/fr\/wp-json\/wp\/v2\/posts\/389790","targetHints":{"allow":["GET"]}}],"collection":[{"href":"https:\/\/www.europesays.com\/fr\/wp-json\/wp\/v2\/posts"}],"about":[{"href":"https:\/\/www.europesays.com\/fr\/wp-json\/wp\/v2\/types\/post"}],"author":[{"embeddable":true,"href":"https:\/\/www.europesays.com\/fr\/wp-json\/wp\/v2\/users\/2"}],"replies":[{"embeddable":true,"href":"https:\/\/www.europesays.com\/fr\/wp-json\/wp\/v2\/comments?post=389790"}],"version-history":[{"count":0,"href":"https:\/\/www.europesays.com\/fr\/wp-json\/wp\/v2\/posts\/389790\/revisions"}],"wp:featuredmedia":[{"embeddable":true,"href":"https:\/\/www.europesays.com\/fr\/wp-json\/wp\/v2\/media\/389791"}],"wp:attachment":[{"href":"https:\/\/www.europesays.com\/fr\/wp-json\/wp\/v2\/media?parent=389790"}],"wp:term":[{"taxonomy":"category","embeddable":true,"href":"https:\/\/www.europesays.com\/fr\/wp-json\/wp\/v2\/categories?post=389790"},{"taxonomy":"post_tag","embeddable":true,"href":"https:\/\/www.europesays.com\/fr\/wp-json\/wp\/v2\/tags?post=389790"}],"curies":[{"name":"wp","href":"https:\/\/api.w.org\/{rel}","templated":true}]}}