{"id":389792,"date":"2025-09-14T08:05:11","date_gmt":"2025-09-14T08:05:11","guid":{"rendered":"https:\/\/www.europesays.com\/fr\/389792\/"},"modified":"2025-09-14T08:05:11","modified_gmt":"2025-09-14T08:05:11","slug":"assistants-fictifs-du-rn-la-date-du-proces-fixee-les-espoirs-de-marine-le-pen-douches-liberation","status":"publish","type":"post","link":"https:\/\/www.europesays.com\/fr\/389792\/","title":{"rendered":"Assistants fictifs du RN : la date du proc\u00e8s fix\u00e9e, les espoirs de Marine Le Pen douch\u00e9s &#8211; Lib\u00e9ration"},"content":{"rendered":"<ol>\n<li><a href=\"https:\/\/news.google.com\/rss\/articles\/CBMi_AFBVV95cUxNUm1oNkhhUFMzRW5lYjBuWkk3RjFnV3F6Vi1TM0NZYmQyeXl1LVplQWcxbGdnTWJLRE4yTUQ2NTFBM01hRkc4QXZ3ZXJxcklpbjVwNGNxMTRKZzZLeGRpZXV2aXhucjNtNWpnVnNmOWl4SlJVUzZWcWN0TVVfVXM4TlJhdWpHT1hReTYtQ3AwTUstT1BTUlBYV0NfbUNxRXltcTF5czJSM1FNTWlRS0Z1Y3Y0c1pzVHNPTFNZQ1k0ZFdSMW82VXRSUmh4YTdCNUFycTlTanpucmJsWWJfemJ0WnpLQmgwOTlxTXZoS1NCVXA3VFdGNHhsQTJ4d1o?oc=5\" target=\"_blank\" rel=\"nofollow noopener\">Assistants fictifs du RN : la date du proc\u00e8s fix\u00e9e, les espoirs de Marine Le Pen douch\u00e9s<\/a>&nbsp;&nbsp;Lib\u00e9ration<\/li>\n<li><a href=\"https:\/\/news.google.com\/rss\/articles\/CBMikwJBVV95cUxOT00tS2hKUWFUOHIzQnR1NVJZc29tTV9tZThIQ1I2cmVUblpYSVBmV1lMZmFpZF9OVks1dWVYMnBIQ0ttUU91dkE2bENrbFB1X1RKV3l4WXJ2STl3RnE2Z09IQ3FJTHdsMnc5Q0FNd3FpSU1XcjNud1lrcDFmME4xRVU2SWczRkF4N0VjRG9vRHhzQ0xVc0p1TmVoNmlhSHF6YV9HU29iNGNac2N1SHA5M3BHaHR3cnFEdmNnNWRSano3cERVRUo3LU1jSzBNRVRHVDlUMG9DLXNHYV9EbmdlSVFaZWdacWJEV0ZKYTU5YlJ1MlphcE5QMTc0VlNuTkF3ckFITmlOWHhKMW13bzF4T2Y2MA?oc=5\" target=\"_blank\" rel=\"nofollow noopener\">In\u00e9ligibilit\u00e9 de Marine Le Pen : certains cadres du RN envisagent la possibilit\u00e9 de changer la loi en cas d&rsquo;accession au pouvoir<\/a>&nbsp;&nbsp;Actualit\u00e9s \u2013 Orange<\/li>\n<li><a href=\"https:\/\/news.google.com\/rss\/articles\/CBMiyAFBVV95cUxQaXZKTHpYN3hDdXVTWV93eE42eUpFTXdSWm9wWnM4SzVjQzU3ZXBRWG52Qkh6cENfelNqTmxWX0J1SGhVdVNDNWhLcmI0YWRzSU9GekJ3SWhUS0ZWSVgwMjJQVUlWbkh1M0ZQbkZpc1RWV3NTN1FqTW5PaFNfSEh6SGtJQkczWDhtTjJSY3o0a0F0dkdvUXFZWkxmcmVoUG5MSDU5RGFxR05zMzk0Ujd1Und0MXE0WmlHTUc5X09oaTYwcDFYbTBYLQ?oc=5\" target=\"_blank\" rel=\"nofollow noopener\">Marine Le Pen : l\u2019embrouillamini de son calendrier politico-judiciaire<\/a>&nbsp;&nbsp;Sud Ouest<\/li>\n<li><a href=\"https:\/\/news.google.com\/rss\/articles\/CBMi7gFBVV95cUxQUG9pVktHcm1JdnVudHYyVV9BVXJvR1o3em9HcTQyMXVoc2dsZV9EblFXSzVkLW1jaVNCM0RwdWRPc1FEbVZfcjVoZFgyLWUycW01ZWVnWHBFSWl2dmt3ZFk1SDJoekp3cV9MbDlYeXFTU2JkWlgwS0dqSjZxZC1lT0Zsb0xidjdSR3Z5U0JsUjBTRWgzeHZVSTRFQXJqS2djTFI1WjFzMndsalpQNHA5al9kVHJoZ2lfd1c5Sm16SVNmMGFleGtrQ09PcmZBU016QlhHS1M3STBxdl9ULS12dXBaajlCR1ZDVWhHLVVR?oc=5\" target=\"_blank\" rel=\"nofollow noopener\">Le RN r\u00e9fl\u00e9chit \u00e0 une \u00ab loi d\u2019amnistie \u00bb pour Marine Le Pen en cas d\u2019arriv\u00e9e au pouvoir<\/a>&nbsp;&nbsp;Le Monde.fr<\/li>\n<li><a href=\"https:\/\/news.google.com\/rss\/articles\/CBMi8gFBVV95cUxQRThlRWNhVC13SWJsWG9qcmhvYUEwbWM4MTRQNEM0aUVJT255bENLSWU0b3NJb2tVazRkSGVKREY4R0ljRGpja1hKS0ZvOGpFOE43VUJjU0RZOXhSNEh1Mm9YRzBneDd2RnpON2RlZzA1WFhrTHdLX3NLQVExUlJ5SFZDbXplUUdTSGV2dm9oVWpMMnByR0loeFotQlFLTHlSNnhJamswYXpXYS0yMk9rUFROcktBWDg4THFXUWxCWlExajloT2w0dHRacjN6Zk44aVRlSWJnU1VGNzhMZ0UzbDg3c2hKejNXMlJVNG1MQ3hxQQ?oc=5\" target=\"_blank\" rel=\"nofollow noopener\">Pr\u00e9sidentielle 2027 : Marine Le Pen assure rester candidate et propulse Jordan Bardella en \u00ab\u00a0excellent Premier ministre\u00a0\u00bb<\/a>&nbsp;&nbsp;RTL.fr<\/li>\n<\/ol>\n","protected":false},"excerpt":{"rendered":"Assistants fictifs du RN : la date du proc\u00e8s fix\u00e9e, les espoirs de Marine Le Pen douch\u00e9s&nbsp;&nbsp;Lib\u00e9ration In\u00e9ligibilit\u00e9&hellip;\n","protected":false},"author":2,"featured_media":1445,"comment_status":"","ping_status":"","sticky":false,"template":"","format":"standard","meta":{"footnotes":""},"categories":[2],"tags":[11,1011,27,12],"class_list":{"0":"post-389792","1":"post","2":"type-post","3":"status-publish","4":"format-standard","5":"has-post-thumbnail","7":"category-actualites","8":"tag-actualites","9":"tag-fr","10":"tag-france","11":"tag-news"},"share_on_mastodon":{"url":"https:\/\/pubeurope.com\/@fr\/115201620353715139","error":""},"_links":{"self":[{"href":"https:\/\/www.europesays.com\/fr\/wp-json\/wp\/v2\/posts\/389792","targetHints":{"allow":["GET"]}}],"collection":[{"href":"https:\/\/www.europesays.com\/fr\/wp-json\/wp\/v2\/posts"}],"about":[{"href":"https:\/\/www.europesays.com\/fr\/wp-json\/wp\/v2\/types\/post"}],"author":[{"embeddable":true,"href":"https:\/\/www.europesays.com\/fr\/wp-json\/wp\/v2\/users\/2"}],"replies":[{"embeddable":true,"href":"https:\/\/www.europesays.com\/fr\/wp-json\/wp\/v2\/comments?post=389792"}],"version-history":[{"count":0,"href":"https:\/\/www.europesays.com\/fr\/wp-json\/wp\/v2\/posts\/389792\/revisions"}],"wp:featuredmedia":[{"embeddable":true,"href":"https:\/\/www.europesays.com\/fr\/wp-json\/wp\/v2\/media\/1445"}],"wp:attachment":[{"href":"https:\/\/www.europesays.com\/fr\/wp-json\/wp\/v2\/media?parent=389792"}],"wp:term":[{"taxonomy":"category","embeddable":true,"href":"https:\/\/www.europesays.com\/fr\/wp-json\/wp\/v2\/categories?post=389792"},{"taxonomy":"post_tag","embeddable":true,"href":"https:\/\/www.europesays.com\/fr\/wp-json\/wp\/v2\/tags?post=389792"}],"curies":[{"name":"wp","href":"https:\/\/api.w.org\/{rel}","templated":true}]}}