{"id":389815,"date":"2025-09-14T08:21:12","date_gmt":"2025-09-14T08:21:12","guid":{"rendered":"https:\/\/www.europesays.com\/fr\/389815\/"},"modified":"2025-09-14T08:21:12","modified_gmt":"2025-09-14T08:21:12","slug":"operation-de-marquage-ce-mercredi-17-septembre","status":"publish","type":"post","link":"https:\/\/www.europesays.com\/fr\/389815\/","title":{"rendered":"op\u00e9ration de marquage ce mercredi 17 septembre"},"content":{"rendered":"<p>La police nationale du Bas-Rhin, en collaboration avec l\u2019association CADR67, organise une session de marquage de v\u00e9los le mercredi 17 septembre 2025 de 12 h \u00e0 14 h, sur le parvis de l\u2019h\u00f4tel de police, 34, route de l\u2019H\u00f4pital \u00e0 Strasbourg. Objectif : dissuader les voleurs de deux-roues.<\/p>\n<p>Ce contenu est bloqu\u00e9 car vous n&rsquo;avez pas accept\u00e9 les cookies et autres traceurs.<\/p>\n<p>En cliquant sur \u00ab J\u2019accepte \u00bb, les cookies et autres traceurs seront d\u00e9pos\u00e9s et vous pourrez visualiser les contenus  (<a href=\"\" class=\"consentModule_policy\" target=\"_blank\" title=\"Consulter la politique de protection des donn\u00e9es du fournisseur\">plus d&rsquo;informations<\/a>).<\/p>\n<p>En cliquant sur \u00ab J\u2019accepte tous les cookies \u00bb, vous autorisez des d\u00e9p\u00f4ts de cookies et autres traceurs pour le stockage de vos donn\u00e9es sur nos sites et applications \u00e0 des fins de personnalisation et de ciblage publicitaire.<\/p>\n<p class=\"consentModule_secondaryText\">Vous gardez la possibilit\u00e9 de retirer votre consentement \u00e0 tout moment en consultant notre <a href=\"https:\/\/www.dna.fr\/protection-des-donnees\" target=\"_blank\" title=\"Consulter notre politique de protection des donn\u00e9es\" rel=\"nofollow noopener\">politique de protection des donn\u00e9es<\/a>. <br \/>&#13;<br \/>\n            <a href=\"https:\/\/www.dna.fr\/faits-divers-justice\/2025\/09\/14\/javascript:Didomi.notice.show()\" class=\"consentModule_cmp\" rel=\"nofollow noopener\" target=\"_blank\">G\u00e9rer mes choix<\/a>&#13;\n        <\/p>\n<p>&#13;<br \/>\n                        J&rsquo;accepte&#13;<br \/>\n            J&rsquo;accepte tous les cookies&#13;\n        <\/p>\n<p>Chaque ann\u00e9e, en France, <a href=\"https:\/\/www.dna.fr\/faits-divers-justice\/2021\/08\/18\/video-vol-de-velos-a-strasbourg-ca-vous-est-deja-arrive\" target=\"_blank\" rel=\"nofollow noopener\">plus de 400 000 v\u00e9los sont vol\u00e9s<\/a> selon la f\u00e9d\u00e9ration fran\u00e7aise des usagers de la bicyclette (FUB). Le d\u00e9partement du Bas-Rhin n\u2019est pas \u00e9pargn\u00e9 par ce ph\u00e9nom\u00e8ne. Et, selon les statistiques, moins d\u20191 % des v\u00e9los vol\u00e9s sont marqu\u00e9s contre le vol.<\/p>\n<p>Sur place, des policiers prodigueront \u00e9galement des conseils pratiques aux citoyens pour se pr\u00e9munir contre les vols de v\u00e9los (stationnement, choix du cadenas\u2026). \u00c0 noter qu\u2019une preuve d\u2019achat et une pi\u00e8ce d\u2019identit\u00e9 seront demand\u00e9es.<\/p>\n","protected":false},"excerpt":{"rendered":"La police nationale du Bas-Rhin, en collaboration avec l\u2019association CADR67, organise une session de marquage de v\u00e9los le&hellip;\n","protected":false},"author":2,"featured_media":389816,"comment_status":"","ping_status":"","sticky":false,"template":"","format":"standard","meta":{"footnotes":""},"categories":[2820],"tags":[1111,11,2880,1777,674,274,107,1011,27,775,12,25,640,2879],"class_list":{"0":"post-389815","1":"post","2":"type-post","3":"status-publish","4":"format-standard","5":"has-post-thumbnail","7":"category-strasbourg","8":"tag-actu","9":"tag-actualites","10":"tag-edition-strasbourg","11":"tag-eu","12":"tag-europe","13":"tag-faits-divers-justice","14":"tag-fil-info","15":"tag-fr","16":"tag-france","17":"tag-grand-est","18":"tag-news","19":"tag-republique-francaise","20":"tag-strasbourg","21":"tag-strasbourg-ville"},"share_on_mastodon":{"url":"https:\/\/pubeurope.com\/@fr\/115201683152383436","error":""},"_links":{"self":[{"href":"https:\/\/www.europesays.com\/fr\/wp-json\/wp\/v2\/posts\/389815","targetHints":{"allow":["GET"]}}],"collection":[{"href":"https:\/\/www.europesays.com\/fr\/wp-json\/wp\/v2\/posts"}],"about":[{"href":"https:\/\/www.europesays.com\/fr\/wp-json\/wp\/v2\/types\/post"}],"author":[{"embeddable":true,"href":"https:\/\/www.europesays.com\/fr\/wp-json\/wp\/v2\/users\/2"}],"replies":[{"embeddable":true,"href":"https:\/\/www.europesays.com\/fr\/wp-json\/wp\/v2\/comments?post=389815"}],"version-history":[{"count":0,"href":"https:\/\/www.europesays.com\/fr\/wp-json\/wp\/v2\/posts\/389815\/revisions"}],"wp:featuredmedia":[{"embeddable":true,"href":"https:\/\/www.europesays.com\/fr\/wp-json\/wp\/v2\/media\/389816"}],"wp:attachment":[{"href":"https:\/\/www.europesays.com\/fr\/wp-json\/wp\/v2\/media?parent=389815"}],"wp:term":[{"taxonomy":"category","embeddable":true,"href":"https:\/\/www.europesays.com\/fr\/wp-json\/wp\/v2\/categories?post=389815"},{"taxonomy":"post_tag","embeddable":true,"href":"https:\/\/www.europesays.com\/fr\/wp-json\/wp\/v2\/tags?post=389815"}],"curies":[{"name":"wp","href":"https:\/\/api.w.org\/{rel}","templated":true}]}}