{"id":389817,"date":"2025-09-14T08:22:28","date_gmt":"2025-09-14T08:22:28","guid":{"rendered":"https:\/\/www.europesays.com\/fr\/389817\/"},"modified":"2025-09-14T08:22:28","modified_gmt":"2025-09-14T08:22:28","slug":"racing-le-havre-la-compo-probable-alsasports","status":"publish","type":"post","link":"https:\/\/www.europesays.com\/fr\/389817\/","title":{"rendered":"Racing &#8211; Le Havre : la compo probable ! \u2014 Alsa&rsquo;Sports"},"content":{"rendered":"<p><strong>D\u00e9couvrez la composition probable du Racing face au Havre cet apr\u00e8s-midi (17h15, J4). <\/strong><\/p>\n<p>La quatri\u00e8me journ\u00e9e de Ligue 1 t\u00e2chera de balayer les mauvais souvenirs du Racing Club de Strasbourg face au Havre. Ce dernier qui sauvait sa peau dans l\u2019\u00e9lite lors de l\u2019ultime journ\u00e9e en mai dernier, et qui permettait \u00e0 l\u2019Olympique Lyonnais de doubler Strasbourg au classement. Cette nouvelle r\u00e9ception du HAC est donc une belle occasion de tenir sa revanche (m\u00eame si les contextes sont diam\u00e9tralement oppos\u00e9s). Voici la composition probable des locaux, en tenant compte des absences et des \u00e9tats de forme : <\/p>\n<p>Penders \u2013 Hogbserg, Sarr, Doukour\u00e9 \u2013 Luis, Amougou \u2013 Moreira, Barco, Lemar\u00e9chal, Amo-Ameyaw \u2013 Panichelli<\/p>\n","protected":false},"excerpt":{"rendered":"D\u00e9couvrez la composition probable du Racing face au Havre cet apr\u00e8s-midi (17h15, J4). La quatri\u00e8me journ\u00e9e de Ligue&hellip;\n","protected":false},"author":2,"featured_media":389818,"comment_status":"","ping_status":"","sticky":false,"template":"","format":"standard","meta":{"footnotes":""},"categories":[2820],"tags":[1111,11,1777,674,63,1011,27,775,12,4448,25,640],"class_list":{"0":"post-389817","1":"post","2":"type-post","3":"status-publish","4":"format-standard","5":"has-post-thumbnail","7":"category-strasbourg","8":"tag-actu","9":"tag-actualites","10":"tag-eu","11":"tag-europe","12":"tag-football","13":"tag-fr","14":"tag-france","15":"tag-grand-est","16":"tag-news","17":"tag-rc-strasbourg","18":"tag-republique-francaise","19":"tag-strasbourg"},"share_on_mastodon":{"url":"https:\/\/pubeurope.com\/@fr\/115201687134243810","error":""},"_links":{"self":[{"href":"https:\/\/www.europesays.com\/fr\/wp-json\/wp\/v2\/posts\/389817","targetHints":{"allow":["GET"]}}],"collection":[{"href":"https:\/\/www.europesays.com\/fr\/wp-json\/wp\/v2\/posts"}],"about":[{"href":"https:\/\/www.europesays.com\/fr\/wp-json\/wp\/v2\/types\/post"}],"author":[{"embeddable":true,"href":"https:\/\/www.europesays.com\/fr\/wp-json\/wp\/v2\/users\/2"}],"replies":[{"embeddable":true,"href":"https:\/\/www.europesays.com\/fr\/wp-json\/wp\/v2\/comments?post=389817"}],"version-history":[{"count":0,"href":"https:\/\/www.europesays.com\/fr\/wp-json\/wp\/v2\/posts\/389817\/revisions"}],"wp:featuredmedia":[{"embeddable":true,"href":"https:\/\/www.europesays.com\/fr\/wp-json\/wp\/v2\/media\/389818"}],"wp:attachment":[{"href":"https:\/\/www.europesays.com\/fr\/wp-json\/wp\/v2\/media?parent=389817"}],"wp:term":[{"taxonomy":"category","embeddable":true,"href":"https:\/\/www.europesays.com\/fr\/wp-json\/wp\/v2\/categories?post=389817"},{"taxonomy":"post_tag","embeddable":true,"href":"https:\/\/www.europesays.com\/fr\/wp-json\/wp\/v2\/tags?post=389817"}],"curies":[{"name":"wp","href":"https:\/\/api.w.org\/{rel}","templated":true}]}}