{"id":389823,"date":"2025-09-14T08:30:28","date_gmt":"2025-09-14T08:30:28","guid":{"rendered":"https:\/\/www.europesays.com\/fr\/389823\/"},"modified":"2025-09-14T08:30:28","modified_gmt":"2025-09-14T08:30:28","slug":"vertou-le-numerique-pour-tous","status":"publish","type":"post","link":"https:\/\/www.europesays.com\/fr\/389823\/","title":{"rendered":"Vertou. Le num\u00e9rique pour tous"},"content":{"rendered":"<p>Afin de mieux r\u00e9pondre aux besoins des habitants, la Ville de Vertou propose diff\u00e9rents outils pour favoriser l\u2019inclusion num\u00e9rique pour tous. L\u2019illectronisme rev\u00eat plusieurs formes\u00a0: les difficult\u00e9s d\u2019acc\u00e8s aux \u00e9quipements et d\u2019acc\u00e8s \u00e0 internet, ainsi que la non-ma\u00eetrise des comp\u00e9tences num\u00e9riques (connaissance de l\u2019environnement num\u00e9rique, usage du mat\u00e9riel, d\u00e9marches en ligne\u2026).<\/p>\n<p>Ateliers, jeux vid\u00e9os et permanence<\/p>\n<p>La m\u00e9diath\u00e8que Libre cours organise des ateliers num\u00e9riques un vendredi apr\u00e8s-midi par mois pendant 2\u00a0heures. Il s\u2019agit de partager des savoirs de bases pour profiter au mieux de ses outils num\u00e9riques.<\/p>\n<p>Des temps de jeux vid\u00e9o sont possibles en libre acc\u00e8s, tous les mardis et vendredis (17\u00a0h-18\u00a0h hors vacances scolaires, 15\u00a0h-18\u00a0h en vacances scolaires).<\/p>\n<p>Les permanences du Lien (Lieu d\u2019information et d\u2019entraide num\u00e9rique) se tiendront \u00e0 la biblioth\u00e8que. Ce laboratoire d\u2019exp\u00e9riences et de partages permet de poser toutes vos questions. Ces permanences sont coanim\u00e9es par Le Coup De Main Num\u00e9rique et les services de la ville,<\/p>\n<p>Le CCAS et l\u2019espace jeune accompagnent \u00e9galement leurs publics dans l\u2019accession \u00e0 l\u2019espace num\u00e9rique.<\/p>\n<p>\u00a0<\/p>\n","protected":false},"excerpt":{"rendered":"Afin de mieux r\u00e9pondre aux besoins des habitants, la Ville de Vertou propose diff\u00e9rents outils pour favoriser l\u2019inclusion&hellip;\n","protected":false},"author":2,"featured_media":389824,"comment_status":"","ping_status":"","sticky":false,"template":"","format":"standard","meta":{"footnotes":""},"categories":[2818],"tags":[1111,11,1777,674,1011,27,766,12,4125,2636,25,14532],"class_list":{"0":"post-389823","1":"post","2":"type-post","3":"status-publish","4":"format-standard","5":"has-post-thumbnail","7":"category-nantes","8":"tag-actu","9":"tag-actualites","10":"tag-eu","11":"tag-europe","12":"tag-fr","13":"tag-france","14":"tag-nantes","15":"tag-news","16":"tag-numerique","17":"tag-pays-de-la-loire","18":"tag-republique-francaise","19":"tag-vertou"},"share_on_mastodon":{"url":"https:\/\/pubeurope.com\/@fr\/115201718579115639","error":""},"_links":{"self":[{"href":"https:\/\/www.europesays.com\/fr\/wp-json\/wp\/v2\/posts\/389823","targetHints":{"allow":["GET"]}}],"collection":[{"href":"https:\/\/www.europesays.com\/fr\/wp-json\/wp\/v2\/posts"}],"about":[{"href":"https:\/\/www.europesays.com\/fr\/wp-json\/wp\/v2\/types\/post"}],"author":[{"embeddable":true,"href":"https:\/\/www.europesays.com\/fr\/wp-json\/wp\/v2\/users\/2"}],"replies":[{"embeddable":true,"href":"https:\/\/www.europesays.com\/fr\/wp-json\/wp\/v2\/comments?post=389823"}],"version-history":[{"count":0,"href":"https:\/\/www.europesays.com\/fr\/wp-json\/wp\/v2\/posts\/389823\/revisions"}],"wp:featuredmedia":[{"embeddable":true,"href":"https:\/\/www.europesays.com\/fr\/wp-json\/wp\/v2\/media\/389824"}],"wp:attachment":[{"href":"https:\/\/www.europesays.com\/fr\/wp-json\/wp\/v2\/media?parent=389823"}],"wp:term":[{"taxonomy":"category","embeddable":true,"href":"https:\/\/www.europesays.com\/fr\/wp-json\/wp\/v2\/categories?post=389823"},{"taxonomy":"post_tag","embeddable":true,"href":"https:\/\/www.europesays.com\/fr\/wp-json\/wp\/v2\/tags?post=389823"}],"curies":[{"name":"wp","href":"https:\/\/api.w.org\/{rel}","templated":true}]}}