{"id":389825,"date":"2025-09-14T08:31:24","date_gmt":"2025-09-14T08:31:24","guid":{"rendered":"https:\/\/www.europesays.com\/fr\/389825\/"},"modified":"2025-09-14T08:31:24","modified_gmt":"2025-09-14T08:31:24","slug":"l1-j4-nice-et-monaco-dominent-nantes-et-auxerre","status":"publish","type":"post","link":"https:\/\/www.europesays.com\/fr\/389825\/","title":{"rendered":"[L1-J4] Nice et Monaco dominent Nantes et Auxerre"},"content":{"rendered":"<p>En attendant <strong>PSG-RC Lens<\/strong> ce dimanche \u00e0 17h15 et <a href=\"https:\/\/www.lensois.com\/l1-j4-premiere-officielle-victorieuse-pour-facundo-medina-avec-lom\/\" target=\"_blank\" rel=\"noopener nofollow\">apr\u00e8s la victoire 4-0 de Marseille face \u00e0 Lorient<\/a> vendredi, deux rencontres de la 4e journ\u00e9e de Ligue 1 se jouaient ce samedi.<\/p>\n<p><strong>Le Nice de Franck Haise s\u2019est d\u2019abord impos\u00e9 1-0 \u00e0 domicile contre Nantes gr\u00e2ce \u00e0 Jeremie Boga (56\u2019)<\/strong>.\u00a0 Les<strong> anciens lensois Jonathan Clauss et Juma Bah<\/strong> \u00e9taient titulaires c\u00f4t\u00e9s ni\u00e7ois. <strong>Puis Monaco s\u2019est impos\u00e9 2-1 \u00e0 Auxerre<\/strong> sur des r\u00e9alisations de Takumi Minamino (45\u2019) et George Ilenikhena (89\u2019). L\u2019AJA, \u00e0 10 apr\u00e8s l\u2019expulsion de Josue Casimir (68\u2019), avait \u00e9galis\u00e9 sur un but contre son camp de Mohammed Salisu (73\u2019).<\/p>\n<p>Monaco rejoint le lot des \u00e9quipes \u00e0 9 points<\/p>\n<p>Au classement provisoire, Monaco passe en 3e position et devient la 3e \u00e9quipe \u00e0 9 points, mais avec un match de plus au compteur que le PSG et Lyon, toujours devant. Le RC Lens est 6e avant de se d\u00e9placer au Parc des Princes (6 points, +2). Nice est 9e (6 points), Nantes 13e (3 points) et Auxerre 15e (3 points).<\/p>\n<p>Le programme de la 4e journ\u00e9e de Ligue 1 :<\/p>\n<p><strong>D\u00e9j\u00e0 jou\u00e9s :<\/strong><br \/>Marseille-Lorient : 4-0<br \/>Nice \u2013 Nantes : 1-0<br \/>Auxerre \u2013 Monaco : 1-2<\/p>\n<p><strong>Dimanche 14 septembre 2025 \u00e0 15h sur Ligue 1+ :<\/strong><br \/>Lille \u2013 Toulouse<\/p>\n<p><strong>Dimanche 14 septembre 2025 \u00e0 17h15 sur Ligue 1+ :<\/strong><br \/>Brest \u2013 Paris FC<br \/>Metz \u2013 Angers<br \/>Strasbourg \u2013 Le Havre<\/p>\n<p><strong>Dimanche 14 septembre 2025 \u00e0 17h15 sur beIN SPORTS 1 :<\/strong><br \/>Paris SG \u2013 RC Lens<\/p>\n<p><strong>Dimanche 14 septembre 2025 \u00e0 20h45 sur Ligue 1+ :<\/strong><br \/>Rennes \u2013 Lyon<\/p>\n","protected":false},"excerpt":{"rendered":"En attendant PSG-RC Lens ce dimanche \u00e0 17h15 et apr\u00e8s la victoire 4-0 de Marseille face \u00e0 Lorient&hellip;\n","protected":false},"author":2,"featured_media":389826,"comment_status":"","ping_status":"","sticky":false,"template":"","format":"standard","meta":{"footnotes":""},"categories":[2818],"tags":[1111,11,1777,674,1011,27,766,12,2636,25],"class_list":{"0":"post-389825","1":"post","2":"type-post","3":"status-publish","4":"format-standard","5":"has-post-thumbnail","7":"category-nantes","8":"tag-actu","9":"tag-actualites","10":"tag-eu","11":"tag-europe","12":"tag-fr","13":"tag-france","14":"tag-nantes","15":"tag-news","16":"tag-pays-de-la-loire","17":"tag-republique-francaise"},"share_on_mastodon":{"url":"https:\/\/pubeurope.com\/@fr\/115201722519353858","error":""},"_links":{"self":[{"href":"https:\/\/www.europesays.com\/fr\/wp-json\/wp\/v2\/posts\/389825","targetHints":{"allow":["GET"]}}],"collection":[{"href":"https:\/\/www.europesays.com\/fr\/wp-json\/wp\/v2\/posts"}],"about":[{"href":"https:\/\/www.europesays.com\/fr\/wp-json\/wp\/v2\/types\/post"}],"author":[{"embeddable":true,"href":"https:\/\/www.europesays.com\/fr\/wp-json\/wp\/v2\/users\/2"}],"replies":[{"embeddable":true,"href":"https:\/\/www.europesays.com\/fr\/wp-json\/wp\/v2\/comments?post=389825"}],"version-history":[{"count":0,"href":"https:\/\/www.europesays.com\/fr\/wp-json\/wp\/v2\/posts\/389825\/revisions"}],"wp:featuredmedia":[{"embeddable":true,"href":"https:\/\/www.europesays.com\/fr\/wp-json\/wp\/v2\/media\/389826"}],"wp:attachment":[{"href":"https:\/\/www.europesays.com\/fr\/wp-json\/wp\/v2\/media?parent=389825"}],"wp:term":[{"taxonomy":"category","embeddable":true,"href":"https:\/\/www.europesays.com\/fr\/wp-json\/wp\/v2\/categories?post=389825"},{"taxonomy":"post_tag","embeddable":true,"href":"https:\/\/www.europesays.com\/fr\/wp-json\/wp\/v2\/tags?post=389825"}],"curies":[{"name":"wp","href":"https:\/\/api.w.org\/{rel}","templated":true}]}}