{"id":389827,"date":"2025-09-14T08:32:13","date_gmt":"2025-09-14T08:32:13","guid":{"rendered":"https:\/\/www.europesays.com\/fr\/389827\/"},"modified":"2025-09-14T08:32:13","modified_gmt":"2025-09-14T08:32:13","slug":"la-residence-yellome-pour-jeunes-travailleurs-ouvre-en-octobre","status":"publish","type":"post","link":"https:\/\/www.europesays.com\/fr\/389827\/","title":{"rendered":"la r\u00e9sidence Yellome pour jeunes travailleurs ouvre en octobre"},"content":{"rendered":"<p>En coulisse de la visite officielle de fin de chantier de la r\u00e9sidence C\u00f4t\u00e9 Ville Bastion, vendredi matin 12\u00a0septembre, un dr\u00f4le de ph\u00e9nom\u00e8ne se faisait jour\u2026 Chacun projetait dans les murs un profil d\u2019\u00e9tudiant, d\u2019apprenti ou de jeune salari\u00e9 de telle entreprise du territoire en gal\u00e8re de logement pour son employ\u00e9.<\/p>\n<blockquote><p>\u201cAujourd\u2019hui, on remet un peu de familles en c\u0153ur de ville\u00a0\u00bb<\/p><\/blockquote>\n<p>        <img decoding=\"async\" id=\"25898273\" src=\"https:\/\/www.europesays.com\/fr\/wp-content\/uploads\/2025\/09\/20250912171034-p1535.jpg\" alt=\"Au premier plan, la partie Yellome de la nouvelle r\u00e9sidence \u00ab\u00a0C\u00f4t\u00e9 Ville Bastion\u00a0\u00bb.\" itemprop=\"contentURL\"\/><\/p>\n<p>    Au premier plan, la partie Yellome de la nouvelle r\u00e9sidence \u00ab\u00a0C\u00f4t\u00e9 Ville Bastion\u00a0\u00bb.<\/p>\n<p>S\u00e9verine Joubert\u00a0\/\u00a0SO<\/p>\n<p>Gwendal Brisset, responsable de la marque Yellome pour le groupe Noalis, un acteur priv\u00e9 du logement social pr\u00e9sent pour la premi\u00e8re fois \u00e0 Saintes, avait re\u00e7u cinq dossiers depuis la mise en location. Les compteurs risquent d\u2019exploser \u00e0 l\u2019approche du 20\u00a0octobre, date \u00e0 laquelle les premiers jeunes locataires pourront emm\u00e9nager dans les studios meubl\u00e9s du 8 rue du Bastion, \u00e0 proximit\u00e9 du commissariat de Saintes.<\/p>\n<p>        <img decoding=\"async\" id=\"25898266\" src=\"https:\/\/www.europesays.com\/fr\/wp-content\/uploads\/2025\/09\/20250912171029-p152.jpg\" alt=\"Vue sur les quelques places de stationnement et l\u2019ascenseur depuis un logement familial.\" itemprop=\"contentURL\"\/><\/p>\n<p>    Vue sur les quelques places de stationnement et l\u2019ascenseur depuis un logement familial.<\/p>\n<p>S\u00e9verine Joubert\u00a0\/\u00a0SO<\/p>\n<p>Les travaux ont \u00e9t\u00e9 men\u00e9s dans l\u2019existant, c\u2019est-\u00e0-dire un immeuble de bureaux de cinq niveaux, dont quatre achet\u00e9s par Noalis \u00e0 Orange. L\u2019op\u00e9rateur t\u00e9l\u00e9phonique y a gard\u00e9 les murs qui abritent ses serveurs. Les contraintes ont \u00e9t\u00e9 nombreuses, jusqu\u2019\u00e0 l\u2019ascenseur qui a \u00e9t\u00e9 install\u00e9 \u00e0 l\u2019ext\u00e9rieur. L\u2019ensemble compte quatre stationnements destin\u00e9s \u00e0 la partie logements sociaux famille.<\/p>\n<p>        <img decoding=\"async\" id=\"25898271\" src=\"https:\/\/www.europesays.com\/fr\/wp-content\/uploads\/2025\/09\/20250912171032-p149943.jpg\" alt=\"Bruno Drapron, maire de Saintes, avec \u00c9lodie Amblard, directrice g\u00e9n\u00e9rale de Noalis.\" itemprop=\"contentURL\"\/><\/p>\n<p>    Bruno Drapron, maire de Saintes, avec \u00c9lodie Amblard, directrice g\u00e9n\u00e9rale de Noalis.<\/p>\n<p>S\u00e9verine Joubert\u00a0\/\u00a0SO<\/p>\n<p>    De 1 \u00e0 24 mois<\/p>\n<p>Laverie, salle commune, Wi-Fi, local v\u00e9los\u2026 Diff\u00e9rents services accompagnent l\u2019offre tourn\u00e9e vers les \u00e9tudiants et tout titulaire d\u2019un contrat de travail, \u00e2g\u00e9 de moins de 30\u00a0ans. Les loyers vont de 410 \u00e0 470\u00a0euros, toutes charges comprises. Les contrats de location vont d\u2019un mois \u00e0 vingt-quatre mois, avec un pr\u00e9avis de huit jours seulement. Les surfaces varient de 22 \u00e0 31\u00a0m\u00b2. Sur les 30 appartements enti\u00e8rement \u00e9quip\u00e9s, dix auront un lit une place\u00a0et vingt, un lit deux places.<\/p>\n<p>        <img decoding=\"async\" id=\"25898275\" src=\"https:\/\/www.europesays.com\/fr\/wp-content\/uploads\/2025\/09\/20250912171029-p151.jpg\" alt=\"L\u2019un des appartements qui accueillera une famille \u00e9ligible au logement social.\" itemprop=\"contentURL\"\/><\/p>\n<p>    L\u2019un des appartements qui accueillera une famille \u00e9ligible au logement social.<\/p>\n<p>S\u00e9verine Joubert\u00a0\/\u00a0SO<\/p>\n<p>Comme l\u2019a soulign\u00e9 le maire Bruno Drapron, sans \u00eatre universitaire, \u00ab\u00a0la ville compte 3\u00a0500 \u00e9tudiants\u00a0\u00bb malgr\u00e9 tout. Et la donne va \u00e9voluer avec l\u2019arriv\u00e9e des \u00ab\u00a0apprenants\u00a0\u00bb de Ferrocampus, dans une partie de l\u2019ancien Technicentre SNCF, rive droite. Le maire a prolong\u00e9 son propos sur la livraison, en novembre, dans le m\u00eame ensemble, de douze logements familiaux, T3 et T4, au sein de la r\u00e9sidence C\u00f4t\u00e9 Ville Bastion. \u00ab\u00a0On est dans une ville d\u2019histoire et de patrimoine. Ce b\u00e2timent avait besoin d\u2019\u00eatre restaur\u00e9. Aujourd\u2019hui, on remet un peu de familles en c\u0153ur de ville\u00a0\u00bb, s\u2019est-il r\u00e9joui, indiquant que cette op\u00e9ration entrait dans le programme Action Coeur de ville.<\/p>\n<p>Noalis\u00a0\/\u00a0Yellome\u00a0: Tel. 05\u00a016\u00a042\u00a035\u00a000 et mail\u00a0: yellome@noalis.fr<\/p>\n<p>    Une op\u00e9ration \u00e0 5,7\u00a0millions d\u2019euros<br \/>\nLa construction C\u00f4t\u00e9 Ville Bastion s\u2019\u00e9l\u00e8ve \u00e0 5,7\u00a0millions d\u2019euros. L\u2019\u00c9tat a apport\u00e9 333\u00a0980\u00a0euros de subventions, dont 300\u00a0000\u00a0euros pour les logements Yellome. Le\u00a0Fonds vert\u00a0: 500\u00a0000\u00a0euros, dont 100\u00a0000\u00a0euros pour Yellome. La\u00a0Banque des Territoires\u00a0: 1,985\u00a0million de pr\u00eats (dont 1,276 pour Yellome). Action Logement\u00a0: 1,476\u00a0million\u00a0de pr\u00eats et subventions (dont 837\u00a0750\u00a0euros pour Yellome). La\u00a0r\u00e9gion Nouvelle-Aquitaine\u00a0: 150\u00a0000\u00a0euros\u00a0pour les logements Yellome. Le\u00a0D\u00e9partement de la Charente-Maritime\u00a0: 210\u00a0000\u00a0euros\u00a0de subventions pour les logements Yellome. La\u00a0Communaut\u00e9 d\u2019agglom\u00e9ration de Saintes\u00a0: 120\u00a0000\u00a0euros, dont 60\u00a0000\u00a0euros pour Yellome. Noalis\u00a0a mobilis\u00e9 924\u00a0000\u00a0euros de fonds propres.<\/p>\n","protected":false},"excerpt":{"rendered":"En coulisse de la visite officielle de fin de chantier de la r\u00e9sidence C\u00f4t\u00e9 Ville Bastion, vendredi matin&hellip;\n","protected":false},"author":2,"featured_media":389828,"comment_status":"","ping_status":"","sticky":false,"template":"","format":"standard","meta":{"footnotes":""},"categories":[2817],"tags":[1111,11,1997,1777,674,1011,27,12,2219,25],"class_list":{"0":"post-389827","1":"post","2":"type-post","3":"status-publish","4":"format-standard","5":"has-post-thumbnail","7":"category-bordeaux","8":"tag-actu","9":"tag-actualites","10":"tag-bordeaux","11":"tag-eu","12":"tag-europe","13":"tag-fr","14":"tag-france","15":"tag-news","16":"tag-nouvelle-aquitaine","17":"tag-republique-francaise"},"share_on_mastodon":{"url":"https:\/\/pubeurope.com\/@fr\/115201726876487892","error":""},"_links":{"self":[{"href":"https:\/\/www.europesays.com\/fr\/wp-json\/wp\/v2\/posts\/389827","targetHints":{"allow":["GET"]}}],"collection":[{"href":"https:\/\/www.europesays.com\/fr\/wp-json\/wp\/v2\/posts"}],"about":[{"href":"https:\/\/www.europesays.com\/fr\/wp-json\/wp\/v2\/types\/post"}],"author":[{"embeddable":true,"href":"https:\/\/www.europesays.com\/fr\/wp-json\/wp\/v2\/users\/2"}],"replies":[{"embeddable":true,"href":"https:\/\/www.europesays.com\/fr\/wp-json\/wp\/v2\/comments?post=389827"}],"version-history":[{"count":0,"href":"https:\/\/www.europesays.com\/fr\/wp-json\/wp\/v2\/posts\/389827\/revisions"}],"wp:featuredmedia":[{"embeddable":true,"href":"https:\/\/www.europesays.com\/fr\/wp-json\/wp\/v2\/media\/389828"}],"wp:attachment":[{"href":"https:\/\/www.europesays.com\/fr\/wp-json\/wp\/v2\/media?parent=389827"}],"wp:term":[{"taxonomy":"category","embeddable":true,"href":"https:\/\/www.europesays.com\/fr\/wp-json\/wp\/v2\/categories?post=389827"},{"taxonomy":"post_tag","embeddable":true,"href":"https:\/\/www.europesays.com\/fr\/wp-json\/wp\/v2\/tags?post=389827"}],"curies":[{"name":"wp","href":"https:\/\/api.w.org\/{rel}","templated":true}]}}