{"id":389831,"date":"2025-09-14T08:34:16","date_gmt":"2025-09-14T08:34:16","guid":{"rendered":"https:\/\/www.europesays.com\/fr\/389831\/"},"modified":"2025-09-14T08:34:16","modified_gmt":"2025-09-14T08:34:16","slug":"expositions-visites-coulisses-de-monuments-voici-10-sorties-pour-les-journees-du-patrimoine-a-toulouse","status":"publish","type":"post","link":"https:\/\/www.europesays.com\/fr\/389831\/","title":{"rendered":"Expositions, visites, coulisses de monuments&#8230; Voici 10 sorties pour les journ\u00e9es du patrimoine \u00e0 Toulouse"},"content":{"rendered":"<p>            Par<br \/>\n        <strong><br \/>\n            <a href=\"https:\/\/actu.fr\/auteur\/lea-afonso\" title=\"Consulter tous les articles de L\u00e9a Afonso\" target=\"_blank\" rel=\"noopener\">L\u00e9a Afonso<\/a><br \/>\n        <\/strong><\/p>\n<p>        Publi\u00e9 le<\/p>\n<p>            14 sept. 2025 \u00e0 10h08        <\/p>\n<p>\u00c0 l\u2019occasion des <strong>Journ\u00e9es europ\u00e9ennes du patrimoine<\/strong>, les samedi\u00a020 et dimanche 21\u00a0septembre 2025, <a href=\"https:\/\/actu.fr\/toulouse\/\" target=\"_blank\" rel=\"noopener\">Toulouse<\/a> ouvre les portes de ses lieux embl\u00e9matiques et souvent m\u00e9connus. Monuments historiques, coulisses d\u2019institutions, balades insolites et visites guid\u00e9es\u2009: le week-end sera riche en d\u00e9couvertes pour les curieux comme pour les passionn\u00e9s d\u2019histoire. Du Capitole aux mus\u00e9es, en passant par des sites habituellement ferm\u00e9s au public, la Ville rose promet un <strong>programme vari\u00e9<\/strong> pour red\u00e9couvrir son patrimoine sous un nouvel angle. Voici une <strong>s\u00e9lection<\/strong> concoct\u00e9e par la r\u00e9daction d\u2019Actu Toulouse.<\/p>\n<p>#1. Le Z\u00e9nith<br \/>\n    <img   decoding=\"async\" loading=\"lazy\" src=\"https:\/\/www.europesays.com\/fr\/wp-content\/uploads\/2025\/09\/img-2084-960x640.jpg\" alt=\"Le z\u00e9nith se visite \u00e0 l'occasion des journ\u00e9es du patrimoine. \" width=\"960\" height=\"640\"\/><br \/>\n    Le Z\u00e9nith se visite \u00e0 l\u2019occasion des journ\u00e9es du patrimoine. (\u00a9L\u00e9a Afonso \/ Actu Toulouse)<\/p>\n<p class=\" wall-content\">De mani\u00e8re exceptionnelle, le Z\u00e9nith de Toulouse ouvre ses portes au public, lors de la journ\u00e9e de <strong>montage du Festival OZ<\/strong> (qui met \u00e0 l\u2019honneur la sc\u00e8ne \u00e9mergente et la cr\u00e9ation artistique en Occitanie). Seront \u00e0 d\u00e9couvrir sous forme de visites guid\u00e9es les coulisses, espaces backstage, les balances des concerts, la salle hors temps d\u2019exploitation\u2026<\/p>\n<p class=\" wall-content\">L\u2019id\u00e9e \u00e9tant de mieux comprendre le fonctionnement et les m\u00e9tiers qui animent chaque jour cette salle de spectacle.<\/p>\n<p>Infos pratiques\u2009:<br \/>\nSur r\u00e9servation sur <a href=\"https:\/\/actu.fr\/cdn-cgi\/l\/email-protection\" class=\"__cf_email__\" data-cfemail=\"c7a4a8a9b3a6a4b387bda2a9aeb3afeab3aae9a4a8aa\" target=\"_blank\" rel=\"noopener\">[email\u00a0protected]<\/a><br \/>\nLe samedi 20 septembre uniquement de 9\u2009h \u00e0 12\u2009h et 14\u2009h \u00e0 17\u2009h<br \/>\nAdresse\u2009: 11 avenue Raymond Badiou<br \/>\nGratuit#2. \u00c9glise du Ges\u00f9<br \/>\n    <img   decoding=\"async\" loading=\"lazy\" src=\"https:\/\/www.europesays.com\/fr\/wp-content\/uploads\/2025\/09\/toulouse-eglise-gesu-patrimoine-visite-960x640-1-960x640.jpg\" alt=\"Une toute nouvelle \u00e9glise \u00e0 visiter. \" width=\"960\" height=\"640\"\/><br \/>\n    Une toute nouvelle \u00e9glise \u00e0 visiter. (\u00a9Marie Lamarque \/ Actu Toulouse)<\/p>\n<p class=\" wall-content\">Pour<a href=\"https:\/\/actu.fr\/occitanie\/toulouse_31555\/video-cette-eglise-meconnue-de-toulouse-sera-bientot-ouverte-aux-visites-elle-renferme-des-tresors_63059619.html\" target=\"_blank\" rel=\"noopener\"> sa grande ouverture au public,<strong> l\u2019\u00c9glise du Ges\u00f9<\/strong><\/a> commence sa saison avec les journ\u00e9es du patrimoine. Sous forme de visites libres, les visiteurs auront droit \u00e0 des d\u00e9monstrations, des concerts, des ateliers\u2026<\/p>\n<p>Votre r\u00e9gion, votre actu !<\/p>\n<p>Recevez chaque jour les infos qui comptent pour vous.<\/p>\n<p>\t<a href=\"https:\/\/actu.fr\/newsletter\" class=\"ac-btn ac-btn--corner ac-btn--medium ac-btn--blue800\" target=\"_blank\" rel=\"noopener\">S&rsquo;incrire<\/a><\/p>\n<p>Infos pratiques\u2009:<br \/>Samedi de 10\u2009h \u00e0 13\u2009h et de 14\u2009h \u00e0 17\u2009h\u200930<br \/>Adresse\u2009: 22 bis, rue des Fleurs<br \/>Gratuit<\/p>\n<p>#3. La pr\u00e9fecture<br \/>\n    <img   decoding=\"async\" loading=\"lazy\" src=\"https:\/\/www.europesays.com\/fr\/wp-content\/uploads\/2025\/09\/whatsapp-image-2025-01-31-a-101158-53d8fb2f-960x640.jpg\" alt=\"De nombreuses activit\u00e9s de pr\u00e9vues \u00e0 la pr\u00e9fecture de la Haute-Garonne. \" width=\"960\" height=\"640\"\/><br \/>\n    De nombreuses activit\u00e9s pr\u00e9vues \u00e0 la pr\u00e9fecture de la Haute-Garonne. (\u00a9L\u00e9a Afonso \/ Actu Toulouse)<\/p>\n<p class=\" wall-content\">C\u2019est suite \u00e0 un succ\u00e8s l\u2019an pass\u00e9 avec plus de 2\u2009500 visites que la pr\u00e9fecture de la Haute-Garonne rouvre ces portes cette ann\u00e9e pour les Journ\u00e9es du patrimoine. Pour l\u2019occasion, un riche programme est pr\u00e9vu. Entre visite libre, visite guid\u00e9e, rencontre des<strong> artisans d\u2019Occitanie qui ont \u0153uvr\u00e9 \u00e0 la reconstruction de la Cath\u00e9drale Notre-Dame<\/strong>, expositions, immersion au c\u0153ur de la cellule de crise et bien d\u2019autres, il y en aura pour tous les go\u00fbts.<\/p>\n<p>Infos pratiques\u2009:<br \/>Visites et animations gratuites, sans inscription<br \/>De 10\u2009h\u200930 \u00e0 18\u2009h (derni\u00e8re entr\u00e9e \u00e0 17\u2009h\u200930)<br \/>Adresse\u2009: 1, place Saint-\u00c9tienne<\/p>\n<p>#4. Mus\u00e9um d\u2019histoire naturelle<\/p>\n<p class=\" wall-content\">Le mus\u00e9um d\u2019histoire naturelle pr\u00e9voit un programme bien rempli pour les journ\u00e9es du patrimoine. Des visites th\u00e9\u00e2tralis\u00e9es pour d\u00e9couvrir les secrets du mus\u00e9e aux rencontres avec des chercheurs, g\u00e9ologues et responsables de phototh\u00e8que en passant par la boutique du mus\u00e9e qui fait sa grande braderie\u2026 Il y en aura pour tous les go\u00fbts.<\/p>\n<p>Infos pratiques\u2009:<br \/>Samedi et dimanche de 10\u2009h \u00e0 18\u2009h<br \/>Adresse\u2009: 35 all\u00e9es Jules-Guesde<br \/>Gratuit<\/p>\n<p>#5. La cour des Consuls<br \/>\n    <img   decoding=\"async\" loading=\"lazy\" src=\"https:\/\/www.europesays.com\/fr\/wp-content\/uploads\/2025\/09\/escalier-la-cour-des-consuls-c-nicolas-pluquet-960x640.jpg\" alt=\"Une plong\u00e9e dans le patrimoine historique. \" width=\"960\" height=\"640\"\/><br \/>\n    Une plong\u00e9e dans le patrimoine historique. (\u00a9 Nicolas Pluquet)<\/p>\n<p class=\" wall-content\">Au c\u0153ur du quartier des Carmes, la Cour des Consuls <strong>f\u00eate ses 10\u00a0ans<\/strong> cette ann\u00e9e et pour l\u2019occasion, elle rouvre ses portes au public durant deux journ\u00e9es. <strong>Patrimoine<\/strong> vieux de plusieurs si\u00e8cles, salons, escalier avec rampe en fer forg\u00e9, architecture \u00e0 couper le souffle\u2026 seront \u00e0 d\u00e9couvrir.<\/p>\n<p>Adresse\u2009: 46 rue des Couteliers<\/p>\n<p>#6. Th\u00e9\u00e2tre de la Cit\u00e9<\/p>\n<p class=\" wall-content\">Embarquez dans les coulisses du Th\u00e9\u00e2tre de la Cit\u00e9 au travers de visites guid\u00e9es, de d\u00e9monstrations artistiques et de r\u00e9p\u00e9tition de spectacle. De quoi en apprendre plus sur les secrets de ce lieu.<\/p>\n<p>Infos pratiques\u2009:<br \/>Samedi \u00e0 14\u2009h, 15\u2009h\u200930 ou 17\u2009h<br \/>Dimanche \u00e0 11\u2009h, 15\u2009h ou 16\u2009h\u200930<br \/>Sur r\u00e9servation obligatoire au 05\u200934\u200945\u200905\u200905 ou theatre-cite.com<br \/>Gratuit<\/p>\n<p>#7. Pompes fun\u00e8bres<\/p>\n<p class=\" wall-content\">Une sortie quelque peu atypique pour les journ\u00e9es du patrimoine\u2009: les pompes fun\u00e8bres. Sous forme de visites guid\u00e9es, partez \u00e0 la d\u00e9couverte de <strong>l\u2019histoire<\/strong>, du <strong>savoir-faire<\/strong> et des missions des professionnels du fun\u00e9raire. Seront \u00e0 retrouver une exposition sur l\u2019histoire des pompes fun\u00e8bres de Toulouse depuis 120\u00a0ans, avec des ateliers\u00a0de d\u00e9monstrations des m\u00e9tiers, sur la pr\u00e9paration technique et sp\u00e9cifique d\u2019un cercueil\u2026<\/p>\n<p>Infos pratiques\u2009:<br \/>Samedi et dimanche de 10\u2009h \u00e0 17\u2009h\u200930<br \/>Dur\u00e9e\u2009: 45\u00a0minutes<br \/>Tout public, gratuit<br \/>Adresse\u2009: 2 rue de l\u2019abb\u00e9 Jules Lemire<\/p>\n<p>#8. Les chantiers de Tiss\u00e9o<br \/>\n    <img   decoding=\"async\" loading=\"lazy\" src=\"https:\/\/www.europesays.com\/fr\/wp-content\/uploads\/2025\/09\/ligne-c-soudure-2-960x640-1-960x640.jpg\" alt=\"En immersion dans \" width=\"960\" height=\"640\"\/><br \/>\n    En immersion dans \u00ab\u2009le c\u0153ur battant de la ligne C du m\u00e9tro\u2009\u00bb. (\u00a9Nina Hossein-Zadeh \/ Actu Toulouse)<\/p>\n<p class=\" wall-content\">Pour la deuxi\u00e8me ann\u00e9e cons\u00e9cutive, Tiss\u00e9o rouvre les portes de quatre de ses chantiers du m\u00e9tro, \u00e0 la crois\u00e9e entre les stations, viaducs, tunnels et savoir-faire de la ligne C.<\/p>\n<p class=\" wall-content\">Seront \u00e0 visiter\u2009:<\/p>\n<ul class=\" wall-content\">\n<li><a href=\"https:\/\/actu.fr\/occitanie\/toulouse_31555\/en-images-les-premiers-rails-de-la-ligne-c-ont-ete-soudes-dans-le-coeur-battant-du-futur-metro-de-toulouse_63093032.html\" target=\"_blank\" rel=\"noopener\">le<strong> garage atelier Daturas<\/strong> (le centre de maintenance des rames de la nouvelle ligne)<\/a><\/li>\n<li>la <strong>station Fran\u00e7ois Verdier<\/strong> avec l\u2019acc\u00e8s au 1\u1d49\u02b3 sous-sol (la salle des billets)<\/li>\n<li>le chantier de <strong>l\u2019Ormeau<\/strong> avec une descente jusqu\u2019aux quais (3\u1d49 sous-sol)<\/li>\n<li>la<strong> station Lab\u00e8ge Madron<\/strong> o\u00f9 les visiteurs pourront monter sur les quais des lignes C et B<\/li>\n<\/ul>\n<p>Uniquement le samedi, de 10\u2009h \u00e0 17\u2009h<\/p>\n<p>#9. Centre de conservation et de recherche de la Cin\u00e9math\u00e8que<\/p>\n<p class=\" wall-content\">Le lieu parfait pour les cin\u00e9philes\u2009! Le centre r\u00e9unit les collections de film, avec plus de 50\u2009000 copies inventori\u00e9es et d\u2019autres documents dont<strong> 100\u2009000 affiches<\/strong>, plus de <strong>600\u2009000 photographies<\/strong>, des press-books, des appareils, des documents originaux sur l\u2019histoire du cin\u00e9ma\u2026) de la Cin\u00e9math\u00e8que de Toulouse\u2026<\/p>\n<p>Infos pratiques\u2009:<br \/>\nDimanche \u00e0 10\u2009h, 11\u2009h, 12\u2009h, 14\u2009h, 15\u2009h, 16\u2009h<br \/>\nDur\u00e9e\u2009: 1\u2009h\u200930\/2\u2009h<br \/>\n\u00c0 partir de 10\u00a0ans<br \/>\nAdresse\u2009: 1 avenue Saint-Martin de Boville, Balma<br \/>\nSur r\u00e9servation\u2009: <a href=\"https:\/\/actu.fr\/cdn-cgi\/l\/email-protection\" class=\"__cf_email__\" data-cfemail=\"442e2034042825272d2a212925302c213531212021302b31282b3137216a272b29\" target=\"_blank\" rel=\"noopener\">[email\u00a0protected]<\/a><br \/>\nCl\u00f4ture des inscriptions le 19\u00a0septembre \u00e0 12\u2009h<br \/>\nGratuit#10. Immersion au XVIIIe\u00a0si\u00e8cle dans un ch\u00e2teau<\/p>\n<p class=\" wall-content\">Le Ch\u00e2teau de Merville, \u00e0 moins d\u2019une heure de Toulouse, propose pour les Journ\u00e9es du patrimoine une immersion en plein c\u0153ur du XVIIIe si\u00e8cle. Des personnages en robes, gilets, culottes et couvre-chefs d\u2019\u00e9poque d\u00e9ambuleront dans les all\u00e9es du parc et du labyrinthe accol\u00e9s au ch\u00e2teau. Une belle occasion de d\u00e9couvrir la mode vestimentaire d\u2019\u00e9poque, mais aussi de se divertir autour de jeux d\u2019antan.<\/p>\n<p>Infos pratiques\u2009:<br \/>Ouverture de 10\u2009h\u200930 \u00e0 18\u2009h\u200930 (derni\u00e8re admission \u00e0 17\u2009h)<br \/>Le tarif d\u2019entr\u00e9e comprend les animations du XVIIIe si\u00e8cle, le parcours Enigma et l\u2019acc\u00e8s au Ch\u00e2teau\u2009: adultes 16 \u20ac, enfants 14 \u20ac (de 4 \u00e0 12 ans)<br \/>Adresse\u2009: 1\u2009175 Chem. de Grande Borde, 31\u2009330 Merville<\/p>\n<p>Et bien d\u2019autres\u2026<\/p>\n<p class=\" wall-content\">Et bien \u00e9videmment, les sites plus traditionnels seront aussi \u00e0 visiter, comme le<strong> Capitole, les \u00e9glises, la basilique Saint-Sernin, le Castelet, l\u2019Envol des pionniers<\/strong>\u2026<\/p>\n<p class=\" wall-content\">Personnalisez votre actualit\u00e9 en ajoutant vos villes et m\u00e9dias en favori avec <a href=\"https:\/\/moncompte.actu.fr\" title=\"D\u00e9couvez Mon Actu\" rel=\"nofollow noopener\" data-trk=\"{&quot;cta&quot;:{&quot;action&quot;:&quot;https:\\\/\\\/moncompte.actu.fr&quot;,&quot;category&quot;:&quot;mon compte&quot;,&quot;from&quot;:&quot;article footer&quot;,&quot;name&quot;:&quot;Mon actu&quot;,&quot;type&quot;:&quot;cta&quot;}}\" target=\"_blank\">Mon Actu<\/a>.<\/p>\n","protected":false},"excerpt":{"rendered":"Par L\u00e9a Afonso Publi\u00e9 le 14 sept. 2025 \u00e0 10h08 \u00c0 l\u2019occasion des Journ\u00e9es europ\u00e9ennes du patrimoine, les&hellip;\n","protected":false},"author":2,"featured_media":389832,"comment_status":"","ping_status":"","sticky":false,"template":"","format":"standard","meta":{"footnotes":""},"categories":[2816],"tags":[1111,11,1777,674,1011,27,1652,12,2680,25,1341,2312],"class_list":{"0":"post-389831","1":"post","2":"type-post","3":"status-publish","4":"format-standard","5":"has-post-thumbnail","7":"category-toulouse","8":"tag-actu","9":"tag-actualites","10":"tag-eu","11":"tag-europe","12":"tag-fr","13":"tag-france","14":"tag-loisirs-culture","15":"tag-news","16":"tag-occitanie","17":"tag-republique-francaise","18":"tag-sortir-a-toulouse","19":"tag-toulouse"},"share_on_mastodon":{"url":"https:\/\/pubeurope.com\/@fr\/115201734851621101","error":""},"_links":{"self":[{"href":"https:\/\/www.europesays.com\/fr\/wp-json\/wp\/v2\/posts\/389831","targetHints":{"allow":["GET"]}}],"collection":[{"href":"https:\/\/www.europesays.com\/fr\/wp-json\/wp\/v2\/posts"}],"about":[{"href":"https:\/\/www.europesays.com\/fr\/wp-json\/wp\/v2\/types\/post"}],"author":[{"embeddable":true,"href":"https:\/\/www.europesays.com\/fr\/wp-json\/wp\/v2\/users\/2"}],"replies":[{"embeddable":true,"href":"https:\/\/www.europesays.com\/fr\/wp-json\/wp\/v2\/comments?post=389831"}],"version-history":[{"count":0,"href":"https:\/\/www.europesays.com\/fr\/wp-json\/wp\/v2\/posts\/389831\/revisions"}],"wp:featuredmedia":[{"embeddable":true,"href":"https:\/\/www.europesays.com\/fr\/wp-json\/wp\/v2\/media\/389832"}],"wp:attachment":[{"href":"https:\/\/www.europesays.com\/fr\/wp-json\/wp\/v2\/media?parent=389831"}],"wp:term":[{"taxonomy":"category","embeddable":true,"href":"https:\/\/www.europesays.com\/fr\/wp-json\/wp\/v2\/categories?post=389831"},{"taxonomy":"post_tag","embeddable":true,"href":"https:\/\/www.europesays.com\/fr\/wp-json\/wp\/v2\/tags?post=389831"}],"curies":[{"name":"wp","href":"https:\/\/api.w.org\/{rel}","templated":true}]}}