{"id":389833,"date":"2025-09-14T08:35:14","date_gmt":"2025-09-14T08:35:14","guid":{"rendered":"https:\/\/www.europesays.com\/fr\/389833\/"},"modified":"2025-09-14T08:35:14","modified_gmt":"2025-09-14T08:35:14","slug":"guillaume-lopez-largentine-a-toulouse-2","status":"publish","type":"post","link":"https:\/\/www.europesays.com\/fr\/389833\/","title":{"rendered":"Guillaume Lopez &#8211; l&rsquo;Argentine \u00e0 Toulouse"},"content":{"rendered":"<p>Guillaume Lopez, artiste toulousain d\u2019origine andalouse et catalano-aragonaise, continue de marquer l\u2019ann\u00e9e 2025 par une activit\u00e9 foisonnante et des projets innovants.<\/p>\n<p>Le groupe de\u00a0<a target=\"_blank\" rel=\"nofollow noopener noreferrer\" class=\"IciLink ici-link IciArticleLink g-ici-body-regular-1 underline brand svelte-lu7k6w\" href=\"https:\/\/www.guillaume-lopez.fr\/\">Guillaume Lopez<\/a>, <strong>Anda-Lutz<\/strong>, fusion po\u00e9tique entre jazz, musiques traditionnelles et improvisation, a r\u00e9cemment illumin\u00e9 le festival\u00a0<a target=\"_blank\" rel=\"nofollow noopener noreferrer\" class=\"IciLink ici-link IciArticleLink g-ici-body-regular-1 underline brand svelte-lu7k6w\" href=\"https:\/\/cosmojazzluchon.com\/\">CosmoJazz<\/a>\u00a0de <strong>Bagn\u00e8res-de-Luchon<\/strong>, o\u00f9 il a pr\u00e9sent\u00e9 un concert m\u00e9morable le 2 ao\u00fbt dernier. Ce projet, v\u00e9ritable pont musical entre l\u2019Occitanie, l\u2019Espagne et le Maghreb, poursuit son exploration des sonorit\u00e9s m\u00e9diterran\u00e9ennes avec des collaborations internationales.<\/p>\n<p><a href=\"https:\/\/www.youtube.com\/watch?v=Ixo-40l7H8k\" target=\"_blank\" rel=\"noopener noreferrer nofollow\" class=\"Youtube svelte-15adm43\" style=\"background-image: url(https:\/\/i.ytimg.com\/vi\/Ixo-40l7H8k\/sddefault.jpg);\"><\/p>\n<p>Guillaume Lopez, Etienne Manchon, Simon Portefaix \/ La vi\u00e8lha sul balcon<\/p>\n<p> <\/a> <\/p>\n<p>Parall\u00e8lement, il d\u00e9voile un nouvel album de compositions originales, o\u00f9 il m\u00eale influences occitanes et espagnoles. Ce disque est le fruit d\u2019une collaboration avec des artistes tels qu\u2019<strong>\u00c9milie Manescau<\/strong>, <strong>Thierry Roques<\/strong> et <strong>Simon Portefaix<\/strong>, et est disponible sur toutes les plateformes de streaming.<\/p>\n<p>En septembre et octobre, <strong>Guillaume Lopez<\/strong> poursuit sa tourn\u00e9e\u00a0: notamment le 27 septembre \u00e0 <strong>Flixecourt<\/strong> pour le\u00a0<a target=\"_blank\" rel=\"nofollow noopener noreferrer\" class=\"IciLink ici-link IciArticleLink g-ici-body-regular-1 underline brand svelte-lu7k6w\" href=\"https:\/\/www.festival-pipasso.fr\/grand-bal-du-pipasso-2025\">Bal du Pipasso<\/a>, et le 10 octobre \u00e0 <strong>Toulouse<\/strong> avec un duo in\u00e9dit aux c\u00f4t\u00e9s de <strong>Thierry Roques<\/strong>.<\/p>\n<p>Nouveau titre\u00a0: \u00ab\u00a0Salavina\u00a0\u00bb :<\/p>\n<p><a href=\"https:\/\/www.youtube.com\/watch?v=E4VvIS8oIt0\" target=\"_blank\" rel=\"noopener noreferrer nofollow\" class=\"Youtube svelte-15adm43\" style=\"background-image: url(https:\/\/i.ytimg.com\/vi\/E4VvIS8oIt0\/sddefault.jpg);\"><\/p>\n<p>Guillaume Lopez &#8211; Salavina<\/p>\n<p> <\/a> <\/p>\n<p>\u00c0 travers ses projets, <strong>Guillaume Lopez<\/strong> incarne une musique vivante, ouverte sur le monde et fid\u00e8le \u00e0 ses racines, offrant au public une exp\u00e9rience sonore riche et \u00e9mouvante.<\/p>\n","protected":false},"excerpt":{"rendered":"Guillaume Lopez, artiste toulousain d\u2019origine andalouse et catalano-aragonaise, continue de marquer l\u2019ann\u00e9e 2025 par une activit\u00e9 foisonnante et&hellip;\n","protected":false},"author":2,"featured_media":389711,"comment_status":"","ping_status":"","sticky":false,"template":"","format":"standard","meta":{"footnotes":""},"categories":[2816],"tags":[1111,11,1777,674,1011,27,12,2680,25,2312],"class_list":{"0":"post-389833","1":"post","2":"type-post","3":"status-publish","4":"format-standard","5":"has-post-thumbnail","7":"category-toulouse","8":"tag-actu","9":"tag-actualites","10":"tag-eu","11":"tag-europe","12":"tag-fr","13":"tag-france","14":"tag-news","15":"tag-occitanie","16":"tag-republique-francaise","17":"tag-toulouse"},"share_on_mastodon":{"url":"https:\/\/pubeurope.com\/@fr\/115201738267214536","error":""},"_links":{"self":[{"href":"https:\/\/www.europesays.com\/fr\/wp-json\/wp\/v2\/posts\/389833","targetHints":{"allow":["GET"]}}],"collection":[{"href":"https:\/\/www.europesays.com\/fr\/wp-json\/wp\/v2\/posts"}],"about":[{"href":"https:\/\/www.europesays.com\/fr\/wp-json\/wp\/v2\/types\/post"}],"author":[{"embeddable":true,"href":"https:\/\/www.europesays.com\/fr\/wp-json\/wp\/v2\/users\/2"}],"replies":[{"embeddable":true,"href":"https:\/\/www.europesays.com\/fr\/wp-json\/wp\/v2\/comments?post=389833"}],"version-history":[{"count":0,"href":"https:\/\/www.europesays.com\/fr\/wp-json\/wp\/v2\/posts\/389833\/revisions"}],"wp:featuredmedia":[{"embeddable":true,"href":"https:\/\/www.europesays.com\/fr\/wp-json\/wp\/v2\/media\/389711"}],"wp:attachment":[{"href":"https:\/\/www.europesays.com\/fr\/wp-json\/wp\/v2\/media?parent=389833"}],"wp:term":[{"taxonomy":"category","embeddable":true,"href":"https:\/\/www.europesays.com\/fr\/wp-json\/wp\/v2\/categories?post=389833"},{"taxonomy":"post_tag","embeddable":true,"href":"https:\/\/www.europesays.com\/fr\/wp-json\/wp\/v2\/tags?post=389833"}],"curies":[{"name":"wp","href":"https:\/\/api.w.org\/{rel}","templated":true}]}}