{"id":389834,"date":"2025-09-14T08:36:18","date_gmt":"2025-09-14T08:36:18","guid":{"rendered":"https:\/\/www.europesays.com\/fr\/389834\/"},"modified":"2025-09-14T08:36:18","modified_gmt":"2025-09-14T08:36:18","slug":"lille-avec-sa-fresque-coloree-sur-un-poste-electrique-thomas-knuts-veut-reenchanter-la-ville","status":"publish","type":"post","link":"https:\/\/www.europesays.com\/fr\/389834\/","title":{"rendered":"Lille. Avec sa fresque color\u00e9e sur un poste \u00e9lectrique, Thomas Knuts veut r\u00e9enchanter la ville"},"content":{"rendered":"<p>            Par<br \/>\n        <strong><br \/>\n            <a href=\"https:\/\/actu.fr\/auteur\/annesophie-2\" title=\"Consulter tous les articles de Anne-Sophie Hourdeaux\" rel=\"nofollow noopener\" target=\"_blank\">Anne-Sophie Hourdeaux<\/a><br \/>\n        <\/strong><\/p>\n<p>        Publi\u00e9 le<\/p>\n<p>            14 sept. 2025 \u00e0 9h50        <\/p>\n<p>Prenez un vieux poste \u00e9lectrique, un artiste, et de la peinture, secouez, et vous aurez un art urbain plein de surprises\u2009! C\u2019est ce qui est arriv\u00e9 <b>dans le quartier Wazemmes \u00e0 Lille (Nord)<\/b>, juste en face de l\u2019\u00e9cole Quinet-Rollin\u2009:<b> une fresque est apparue sur\u2026 un poste \u00e9lectrique Enedis<\/b>\u2009! Rencontre avec l\u2019artiste qui l\u2019a r\u00e9alis\u00e9e, Thomas Knuts.<\/p>\n<p>    <img   decoding=\"async\" loading=\"lazy\" class=\"size-large\" src=\"https:\/\/www.europesays.com\/fr\/wp-content\/uploads\/2025\/09\/9a5b72f800b869e5b72f800b8726b7v-960x640.jpg\" alt=\"fresque poste \u00e9lectrique lille\" width=\"960\" height=\"640\"\/><br \/>\n    L\u2019inauguration de la fresque a eu lieu en pr\u00e9sence de Charlotte Brun, adjointe au maire, l\u2019artiste Thomas Knuts (\u00e0 gauche) et des responsables d\u2019Enedis. \u00a9Anne-Sophie Hourdeaux\/Croix du Nord<\/p>\n<p class=\" wall-content\">Le projet a \u00e9t\u00e9 tr\u00e8s vite concr\u00e9tis\u00e9, \u00ab\u2009d\u00e9cid\u00e9 en juillet\u00a02025 et achev\u00e9 fin ao\u00fbt\u00a02025\u2009\u00bb signale Enedis.<\/p>\n<p>Deux jours de travail<\/p>\n<p class=\" wall-content\">Il lui a fallu deux jours pour finaliser son travail\u2009: fin ao\u00fbt 2025, juste avant la rentr\u00e9e, la rue Littr\u00e9 s\u2019est \u00e9gay\u00e9e de nouvelles couleurs sur le trottoir juste en face de l\u2019\u00e9cole Quinet-Rollin. L\u2019artiste est un nordiste, Thomas Canut, alias Thomas Knuts. \u00ab\u2009Je vis \u00e0 Mons-en-Bar\u0153ul, je suis originaire de la C\u00f4te d\u2019Opale, j\u2019ai mon atelier au Bazar St So. Je suis artiste peintre plasticien depuis 5 ans, avant, j\u2019\u00e9tais directeur artistique. Je peins, et je donne des cours d\u2019illustration au lyc\u00e9e St-Luc de Tournai.\u00a0\u00bb<\/p>\n<p class=\" wall-content\">Thomas Knuts a d\u00e9j\u00e0 r\u00e9alis\u00e9 des \u0153uvres de rue, et aussi des fresques chez des restaurateurs, comme Aux artistes et Autour de vous \u00e0 Lille. \u00ab\u2009Mais c\u2019est la premi\u00e8re fois sur un poste \u00e9lectrique\u2009!\u2009\u00bb sourit-il. Il a utilis\u00e9 de la peinture \u00e0 l\u2019acrylique et en bombe.<\/p>\n<blockquote class=\"ac-article-quote wall-content\">\n<p>J\u2019ai eu carte blanche. Mon challenge a \u00e9t\u00e9 de m\u2019adapter au support, car il fallait un visuel qui s\u2019int\u00e8gre aux \u00e9l\u00e9ments du poste de distribution \u00e9lectrique, deux \u00e9normes ronds en relief. J\u2019ai repris ma gamme de couleurs habituelles, toujours satur\u00e9es, color\u00e9es. Pour mettre du peps quoi\u2009!<\/p>\n<p>Thomas Knuts, artiste<\/p><\/blockquote>\n<p>Transmettre la joie de vivre<\/p>\n<p class=\" wall-content\">Le but de l\u2019art de Thomas est \u00ab\u2009de transmettre des \u00e9motions positives, de l\u2019enthousiasme, d\u2019embellir la rue et d\u2019y apporter une sorte de bien \u00eatre\u2009\u00bb.<\/p>\n<p>Votre r\u00e9gion, votre actu !<\/p>\n<p>Recevez chaque jour les infos qui comptent pour vous.<\/p>\n<p>\t<a href=\"https:\/\/actu.fr\/newsletter\" class=\"ac-btn ac-btn--corner ac-btn--medium ac-btn--blue800\" rel=\"nofollow noopener\" target=\"_blank\">S&rsquo;incrire<\/a><\/p>\n<p class=\" wall-content\">Ses th\u00e8mes de pr\u00e9dilection tournent autour de la nature. \u00ab\u2009Il y a beaucoup de v\u00e9g\u00e9tal dans ma peinture. Les \u00e9l\u00e9ments naturels sont des fen\u00eatres sur le monde, ils invitent \u00e0 la r\u00eaverie\u2009\u00bb.<\/p>\n<p class=\" wall-content\">Au centre, on rep\u00e8re un personnage avec une toute petite t\u00eate et des grands bras. \u00ab\u2009Il se balade, on a envie d\u2019aller avec lui\u2009!\u2009\u00bb On peut reconna\u00eetre un volcan \u00ab\u2009symbole de l\u2019amour, de la passion\u2009\u00bb\u2009; et un arc-en-ciel \u00ab\u2009qui \u00e9voque les racines, la transmission familiale\u2009\u00bb.<\/p>\n<p class=\" wall-content\">La cerise sur le g\u00e2teau, c\u2019est que les \u00e9coliers du trottoir d\u2019en face le regarderont tous les jours\u2009! Charlotte Brun, adjointe \u00e0 la ville de Lille a rappel\u00e9 que cette rue \u00ab\u2009est un axe majeur de l\u2019entr\u00e9e du quartier, qui se caract\u00e9rise par le partage, tout comme cette fresque\u2009!\u2009\u00bb<\/p>\n<p>Deux autres postes bient\u00f4t color\u00e9s<\/p>\n<p class=\" wall-content\">Enedis annonce que deux autres postes \u00e9lectriques seront ainsi peints dans la m\u00e9tropole lilloise courant septembre\u2009: \u00e0 Roubaix rue S\u00e9bastopol\u2009; et \u00e0 Tourcoing chauss\u00e9e Gramme, tout pr\u00e8s des bureaux d\u2019Enedis. C\u2019est le m\u00eame artiste qui y mettra des couleurs.<\/p>\n<p class=\" wall-content\">Personnalisez votre actualit\u00e9 en ajoutant vos villes et m\u00e9dias en favori avec <a href=\"https:\/\/moncompte.actu.fr\" title=\"D\u00e9couvez Mon Actu\" rel=\"nofollow noopener\" data-trk=\"{&quot;cta&quot;:{&quot;action&quot;:&quot;https:\\\/\\\/moncompte.actu.fr&quot;,&quot;category&quot;:&quot;mon compte&quot;,&quot;from&quot;:&quot;article footer&quot;,&quot;name&quot;:&quot;Mon actu&quot;,&quot;type&quot;:&quot;cta&quot;}}\" target=\"_blank\">Mon Actu<\/a>.<\/p>\n","protected":false},"excerpt":{"rendered":"Par Anne-Sophie Hourdeaux Publi\u00e9 le 14 sept. 2025 \u00e0 9h50 Prenez un vieux poste \u00e9lectrique, un artiste, et&hellip;\n","protected":false},"author":2,"featured_media":389835,"comment_status":"","ping_status":"","sticky":false,"template":"","format":"standard","meta":{"footnotes":""},"categories":[2815],"tags":[1111,11,1777,674,1011,27,811,1307,12,25,104,7189],"class_list":{"0":"post-389834","1":"post","2":"type-post","3":"status-publish","4":"format-standard","5":"has-post-thumbnail","7":"category-lille","8":"tag-actu","9":"tag-actualites","10":"tag-eu","11":"tag-europe","12":"tag-fr","13":"tag-france","14":"tag-hauts-de-france","15":"tag-lille","16":"tag-news","17":"tag-republique-francaise","18":"tag-societe","19":"tag-street-art"},"share_on_mastodon":{"url":"https:\/\/pubeurope.com\/@fr\/115201742276240250","error":""},"_links":{"self":[{"href":"https:\/\/www.europesays.com\/fr\/wp-json\/wp\/v2\/posts\/389834","targetHints":{"allow":["GET"]}}],"collection":[{"href":"https:\/\/www.europesays.com\/fr\/wp-json\/wp\/v2\/posts"}],"about":[{"href":"https:\/\/www.europesays.com\/fr\/wp-json\/wp\/v2\/types\/post"}],"author":[{"embeddable":true,"href":"https:\/\/www.europesays.com\/fr\/wp-json\/wp\/v2\/users\/2"}],"replies":[{"embeddable":true,"href":"https:\/\/www.europesays.com\/fr\/wp-json\/wp\/v2\/comments?post=389834"}],"version-history":[{"count":0,"href":"https:\/\/www.europesays.com\/fr\/wp-json\/wp\/v2\/posts\/389834\/revisions"}],"wp:featuredmedia":[{"embeddable":true,"href":"https:\/\/www.europesays.com\/fr\/wp-json\/wp\/v2\/media\/389835"}],"wp:attachment":[{"href":"https:\/\/www.europesays.com\/fr\/wp-json\/wp\/v2\/media?parent=389834"}],"wp:term":[{"taxonomy":"category","embeddable":true,"href":"https:\/\/www.europesays.com\/fr\/wp-json\/wp\/v2\/categories?post=389834"},{"taxonomy":"post_tag","embeddable":true,"href":"https:\/\/www.europesays.com\/fr\/wp-json\/wp\/v2\/tags?post=389834"}],"curies":[{"name":"wp","href":"https:\/\/api.w.org\/{rel}","templated":true}]}}