{"id":389836,"date":"2025-09-14T08:38:12","date_gmt":"2025-09-14T08:38:12","guid":{"rendered":"https:\/\/www.europesays.com\/fr\/389836\/"},"modified":"2025-09-14T08:38:12","modified_gmt":"2025-09-14T08:38:12","slug":"martine-vassal-precipite-son-entree-en-campagne","status":"publish","type":"post","link":"https:\/\/www.europesays.com\/fr\/389836\/","title":{"rendered":"Martine Vassal pr\u00e9cipite son entr\u00e9e en campagne"},"content":{"rendered":"<p>Ce ne devait \u00eatre que des Universit\u00e9s d\u2019\u00e9t\u00e9 pour r\u00e9p\u00e9ter le\u00a0refrain de l\u2019union de la droite et du centre \u00e0 la reconqu\u00eate de la mairie en mars\u00a02026. Et, au gr\u00e9 de la soir\u00e9e, reprendre en ch\u0153ur, autour des t\u00e9nors locaux, des couplets contre Beno\u00eet Payan et son plaisir du karaok\u00e9.<\/p>\n<p>Surpriiiiise\u00a0! Ce samedi soir, devant plusieurs centaines de militants r\u00e9unis aux Halles de la Major, <a href=\"https:\/\/www.laprovence.com\/article\/region\/3900315220426614\/municipales-2026-a-marseille-le-brouillon-de-liste-qui-met-la-droite-en-emoi\" target=\"_blank\" rel=\"nofollow noopener\">Martine Vassal a fait sa d\u00e9claration<\/a>. \u00ab\u00a0Marseille, je t\u2019aime et je serai candidate.\u00a0\u00bb Apr\u00e8s des semaines de tergiversations, la r\u00e9v\u00e9lation d\u2019une enqu\u00eate men\u00e9e par le parquet apr\u00e8s un signalement la visant pour d\u00e9tournement de fonds publics, ou encore <a href=\"https:\/\/www.laprovence.com\/article\/politique\/3076091261920214\/municipales-2026-le-divers-droit-frederic-collart-oui-je-suis-candidat-a-marseille\" target=\"_blank\" rel=\"nofollow noopener\">la d\u00e9claration de candidature dans La Provence, vendredi, de Fr\u00e9d\u00e9ric Collart<\/a> (\u00e9lu DVD dans sa majorit\u00e9 au D\u00e9partement), Martine Vassal a d\u00e9cid\u00e9 de donner le \u00ab\u00a0la\u00a0\u00bb.<\/p>\n<p>\u00ab\u00a0Trop c&rsquo;est trop\u00a0\u00bb<\/p>\n<p>Pouss\u00e9e depuis plusieurs semaines par un cercle d\u2019impatients et le pr\u00e9sident de R\u00e9gion (Renaissance) Renaud Muselier, elle a pr\u00e9cipit\u00e9 son entr\u00e9e en campagne. \u00ab\u00a0J\u2019ai pris ma d\u00e9cision hier (vendredi, NDLR). Trop, c\u2019est trop. C\u2019est le fait de plusieurs choses. Et quand je vois que mes enfants veulent quitter Marseille, cela me fend le c\u0153ur\u00a0\u00bb, glissait-elle aux journalistes \u00e0 l\u2019issue. \u00ab\u00a0Un mom&#8230;<\/p>\n","protected":false},"excerpt":{"rendered":"Ce ne devait \u00eatre que des Universit\u00e9s d\u2019\u00e9t\u00e9 pour r\u00e9p\u00e9ter le\u00a0refrain de l\u2019union de la droite et du&hellip;\n","protected":false},"author":2,"featured_media":389837,"comment_status":"","ping_status":"","sticky":false,"template":"","format":"standard","meta":{"footnotes":""},"categories":[2814],"tags":[17,5734,1111,11,1777,674,1011,27,884,10203,3554,12,316,52208,882,25,3711,14243],"class_list":{"0":"post-389836","1":"post","2":"type-post","3":"status-publish","4":"format-standard","5":"has-post-thumbnail","7":"category-marseille","8":"tag-17","9":"tag-5734","10":"tag-actu","11":"tag-actualites","12":"tag-eu","13":"tag-europe","14":"tag-fr","15":"tag-france","16":"tag-marseille","17":"tag-martine","18":"tag-municipales","19":"tag-news","20":"tag-politique","21":"tag-precipite","22":"tag-provence-alpes-cote-dazur","23":"tag-republique-francaise","24":"tag-son","25":"tag-vassal"},"share_on_mastodon":{"url":"https:\/\/pubeurope.com\/@fr\/115201750023028201","error":""},"_links":{"self":[{"href":"https:\/\/www.europesays.com\/fr\/wp-json\/wp\/v2\/posts\/389836","targetHints":{"allow":["GET"]}}],"collection":[{"href":"https:\/\/www.europesays.com\/fr\/wp-json\/wp\/v2\/posts"}],"about":[{"href":"https:\/\/www.europesays.com\/fr\/wp-json\/wp\/v2\/types\/post"}],"author":[{"embeddable":true,"href":"https:\/\/www.europesays.com\/fr\/wp-json\/wp\/v2\/users\/2"}],"replies":[{"embeddable":true,"href":"https:\/\/www.europesays.com\/fr\/wp-json\/wp\/v2\/comments?post=389836"}],"version-history":[{"count":0,"href":"https:\/\/www.europesays.com\/fr\/wp-json\/wp\/v2\/posts\/389836\/revisions"}],"wp:featuredmedia":[{"embeddable":true,"href":"https:\/\/www.europesays.com\/fr\/wp-json\/wp\/v2\/media\/389837"}],"wp:attachment":[{"href":"https:\/\/www.europesays.com\/fr\/wp-json\/wp\/v2\/media?parent=389836"}],"wp:term":[{"taxonomy":"category","embeddable":true,"href":"https:\/\/www.europesays.com\/fr\/wp-json\/wp\/v2\/categories?post=389836"},{"taxonomy":"post_tag","embeddable":true,"href":"https:\/\/www.europesays.com\/fr\/wp-json\/wp\/v2\/tags?post=389836"}],"curies":[{"name":"wp","href":"https:\/\/api.w.org\/{rel}","templated":true}]}}