{"id":389838,"date":"2025-09-14T08:39:15","date_gmt":"2025-09-14T08:39:15","guid":{"rendered":"https:\/\/www.europesays.com\/fr\/389838\/"},"modified":"2025-09-14T08:39:15","modified_gmt":"2025-09-14T08:39:15","slug":"marseille-martine-vassal-briguera-la-mairie-de-marseille-en-2026","status":"publish","type":"post","link":"https:\/\/www.europesays.com\/fr\/389838\/","title":{"rendered":"Marseille. Martine Vassal briguera la mairie de Marseille en 2026"},"content":{"rendered":"<p>Les universit\u00e9s d\u2019\u00e9t\u00e9 de la droite et du centre se sont conclues par <a href=\"https:\/\/www.destimed.fr\/marseille-municipales-2026-martine-vassal-officialise-sa-candidature\/\" rel=\"nofollow noopener\" target=\"_blank\">l\u2019annonce de la candidature de Martine vassal \u00e0 la mairie de Marseille<\/a>. Dans une salle chauff\u00e9e \u00e0 blanc, la jeune g\u00e9n\u00e9ration a ouvert le bal des interventions avant d\u2019\u00e9couter le discours puis l\u2019annonce officielle de la pr\u00e9sidente de la m\u00e9tropole Aix-Marseille Provence et du d\u00e9partement des Bouches-du-Rh\u00f4ne.<br \/>\n<img fetchpriority=\"high\" decoding=\"async\" class=\"size-large wp-image-109564\" src=\"https:\/\/www.europesays.com\/fr\/wp-content\/uploads\/2025\/09\/IMG-20250914-WA0004-1024x473.jpg\" alt=\"Moment de liesse lorsque Martine Vassal, avec \u00e0 ses c\u00f4t\u00e9s Renaud Muselier, annonce sa candidature \u00e0 la mairie de Marseille (Photo Jo\u00ebl Barcy)  \" width=\"1024\" height=\"473\"  \/>Moment de liesse lorsque Martine Vassal, avec \u00e0 ses c\u00f4t\u00e9s Renaud Muselier, annonce sa candidature \u00e0 la mairie de Marseille (Photo Jo\u00ebl Barcy)<br \/>\n\u00ab Marseille je t\u2019aime\u2026 \u00bb<\/p>\n<p>C\u2019est avec ce cri d\u2019amour que Martine Vassal a annonc\u00e9 sa candidature \u00e0 la mairie. \u00ab Marseille je t\u2019aime et je serai candidate\u2026 \u00bb Elle n\u2019a pas le temps de terminer sa phrase que l\u2019enthousiasme gagne les militants. \u00ab Aux \u00e9lections municipales de 2026\u2026\u00bb est couvert par les applaudissements.<\/p>\n<p>Haro sur Beno\u00eet Payan<\/p>\n<p>Avant les discours de Renaud Muselier et de Martine Vassal, la jeune garde de la droite et du centre avait chauff\u00e9 la salle avec une consigne:\u00a0 haro sur l\u2019actuel maire de Marseille Beno\u00eet Payan. \u00ab J\u2019ai \u00e9t\u00e9 mis au pain sec et \u00e0 l\u2019eau par cette mairie, s\u2019indigne Sylvain Souvestre le maire LR des 11e et 12e arrondissements. Je suis le porte-voix de 127 000 habitants qui constate le m\u00e9pris, le blocage et le dogmatisme de Beno\u00eet Payan. \u00bb Marion Bareille, la maire des 13-14 encha\u00eene. \u00ab Soyons clairs mes chers amis, la gauche a \u00e9chou\u00e9 pendant 5 ans et nous on n\u2019a pas \u00e9t\u00e9 \u00e9lus pour colmater les br\u00e8ches ou \u00e9viter l\u2019h\u00e9morragie caus\u00e9e par Beno\u00eet Payan. Pr\u00e9parons l\u2019alternance et la victoire. \u00bb<\/p>\n<p>G\u00e9n\u00e9ration Marseille<br \/>\n<img loading=\"lazy\" decoding=\"async\" class=\"size-large wp-image-109565\" src=\"data:image\/svg+xml,%3Csvg%20xmlns=\" http:=\"\" alt=\"Destimed IMG 20250914 WA0002\" width=\"1024\" height=\"576\" data-lazy- data-lazy- data-lazy-src=\"https:\/\/www.europesays.com\/fr\/wp-content\/uploads\/2025\/09\/IMG-20250914-WA0002-1024x576.jpg\"\/>\u00a9 Jo\u00ebl barcy<\/p>\n<p>\u00a0<\/p>\n<p>Rien n\u2019est bon pour la jeune g\u00e9n\u00e9ration de la droite et du centre au sein de la mairie centrale. \u00ab Aujourd\u2019hui, le maire non-\u00e9lu, Monsieur Payan, doit rendre des comptes, intime Sylvain Di Giovanni, pr\u00e9sident de Marseille Provence unie. Rendre des comptes pour avoir fractur\u00e9 l\u2019identit\u00e9 marseillaise et favoris\u00e9 le communautarisme. \u00bb Pour le pr\u00e9sident d\u2019une g\u00e9n\u00e9ration pour Marseille, Romain Simmarano, l\u2019action est en marche. \u00ab On a mis en place une m\u00e9thodologie politique de l\u2019addition, du rassemblement, de la f\u00e9d\u00e9ration des forces car il faut aller la chercher avec tripes cette victoire. \u00bb<\/p>\n<p>Fid\u00e9lit\u00e9 au mentor<br \/>\n<img loading=\"lazy\" decoding=\"async\" class=\"size-large wp-image-109567\" src=\"data:image\/svg+xml,%3Csvg%20xmlns=\" http:=\"\" alt=\"La jeune g\u00e9n\u00e9ration s\u2019est rang\u00e9e sous la banni\u00e8re de Renaud Muselier \u00a9 Jo\u00ebl Barcy\" width=\"1024\" height=\"576\" data-lazy- data-lazy- data-lazy-src=\"https:\/\/www.europesays.com\/fr\/wp-content\/uploads\/2025\/09\/IMG-20250914-WA0003-1024x576.jpg\"\/>La jeune g\u00e9n\u00e9ration s\u2019est rang\u00e9e sous la banni\u00e8re de Renaud Muselier \u00a9 Jo\u00ebl Barcy<\/p>\n<p>Cette jeune g\u00e9n\u00e9ration s\u2019est rang\u00e9e sous la banni\u00e8re de Renaud Muselier, pr\u00e9sident de Provence-Alpes-C\u00f4te d\u2019Azur et de <a href=\"https:\/\/www.destimed.fr\/provence-alpes-cote-dazur-cap-sur-lavenir-renaud-muselier-prepare-les-municipales\/\" rel=\"nofollow noopener\" target=\"_blank\">Cap sur l\u2019Avenir\u00a0<\/a>. En vieux sage et habile tacticien, il a fait taire les ambitions de chacun en dessinant progressivement le portrait de la candidate Vassal. \u00ab Un, il faut quelqu\u2019un de courageux, d\u2019extr\u00eamement courageux. La vie politique est tr\u00e8s violente et notamment \u00e0 Marseille. Parall\u00e8lement \u00e0 cela il faut beaucoup d\u2019exp\u00e9rience. On ne s\u2019improvise pas maire. Ce n\u2019est pas se voir le matin en se disant je vais \u00eatre maire, c\u2019est autrement plus difficile. Il faut conna\u00eetre sa ville, conna\u00eetre ses quartiers. \u00bb<\/p>\n<p>\u00ab On est parvenus \u00e0 l\u2019union \u00bb<\/p>\n<p>Martine Vassal dit s\u2019\u00eatre engag\u00e9e car \u00ab elle aime sa ville \u00bb. Au-del\u00e0 Renaud Muselier et la candidate \u00e9taient d\u2019accord sur le profil bas\u00e9 sur l\u2019exp\u00e9rience, la d\u00e9termination et l\u2019envie. Pour Martine Vassal la situation est diff\u00e9rente de 2020. \u00ab Il y avait plusieurs candidats \u00e0 droite, l\u00e0 on a travaill\u00e9 pour recr\u00e9er une union. Aujourd\u2019hui on est rassembl\u00e9s, tous unis sous les m\u00eames couleurs. \u00bb Et concernant que Fr\u00e9d\u00e9ric Collard (qui veut emmener une liste de la soci\u00e9t\u00e9 civile), elle consid\u00e8re: \u00ab Fr\u00e9d\u00e9ric est un ami, il \u00e9tait \u00e0 un mariage en Corse, c\u2019est pour cela qu\u2019il n\u2019est pas l\u00e0. Je suis s\u00fbre et certaine qu\u2019\u00e0 un moment on se rassemblera tous car on a tous les m\u00eames valeurs et un amour de la ville de Marseille. \u00bb<\/p>\n<p><strong>Reportage Jo\u00ebl BARCY<\/strong><\/p>\n","protected":false},"excerpt":{"rendered":"Les universit\u00e9s d\u2019\u00e9t\u00e9 de la droite et du centre se sont conclues par l\u2019annonce de la candidature de&hellip;\n","protected":false},"author":2,"featured_media":389839,"comment_status":"","ping_status":"","sticky":false,"template":"","format":"standard","meta":{"footnotes":""},"categories":[2814],"tags":[1111,11,1777,674,1011,27,884,12,882,25],"class_list":{"0":"post-389838","1":"post","2":"type-post","3":"status-publish","4":"format-standard","5":"has-post-thumbnail","7":"category-marseille","8":"tag-actu","9":"tag-actualites","10":"tag-eu","11":"tag-europe","12":"tag-fr","13":"tag-france","14":"tag-marseille","15":"tag-news","16":"tag-provence-alpes-cote-dazur","17":"tag-republique-francaise"},"share_on_mastodon":{"url":"https:\/\/pubeurope.com\/@fr\/115201754067745084","error":""},"_links":{"self":[{"href":"https:\/\/www.europesays.com\/fr\/wp-json\/wp\/v2\/posts\/389838","targetHints":{"allow":["GET"]}}],"collection":[{"href":"https:\/\/www.europesays.com\/fr\/wp-json\/wp\/v2\/posts"}],"about":[{"href":"https:\/\/www.europesays.com\/fr\/wp-json\/wp\/v2\/types\/post"}],"author":[{"embeddable":true,"href":"https:\/\/www.europesays.com\/fr\/wp-json\/wp\/v2\/users\/2"}],"replies":[{"embeddable":true,"href":"https:\/\/www.europesays.com\/fr\/wp-json\/wp\/v2\/comments?post=389838"}],"version-history":[{"count":0,"href":"https:\/\/www.europesays.com\/fr\/wp-json\/wp\/v2\/posts\/389838\/revisions"}],"wp:featuredmedia":[{"embeddable":true,"href":"https:\/\/www.europesays.com\/fr\/wp-json\/wp\/v2\/media\/389839"}],"wp:attachment":[{"href":"https:\/\/www.europesays.com\/fr\/wp-json\/wp\/v2\/media?parent=389838"}],"wp:term":[{"taxonomy":"category","embeddable":true,"href":"https:\/\/www.europesays.com\/fr\/wp-json\/wp\/v2\/categories?post=389838"},{"taxonomy":"post_tag","embeddable":true,"href":"https:\/\/www.europesays.com\/fr\/wp-json\/wp\/v2\/tags?post=389838"}],"curies":[{"name":"wp","href":"https:\/\/api.w.org\/{rel}","templated":true}]}}