{"id":389842,"date":"2025-09-14T08:41:14","date_gmt":"2025-09-14T08:41:14","guid":{"rendered":"https:\/\/www.europesays.com\/fr\/389842\/"},"modified":"2025-09-14T08:41:14","modified_gmt":"2025-09-14T08:41:14","slug":"la-tendance-velo-cargo-a-le-vent-en-poupe-surtout-a-lyon","status":"publish","type":"post","link":"https:\/\/www.europesays.com\/fr\/389842\/","title":{"rendered":"La tendance v\u00e9lo cargo a le vent en poupe&#8230; surtout \u00e0 Lyon"},"content":{"rendered":"<p>Longtemps rel\u00e9gu\u00e9 au second plan, le v\u00e9lo cargo conna\u00eet une popularit\u00e9 croissante en France. Plus qu\u2019un simple mode de transport, il s\u2019est impos\u00e9 comme une solution polyvalente et durable, id\u00e9ale pour les familles comme pour les professionnels.<\/p>\n<p>Alliant l\u2019<strong>agilit\u00e9 du v\u00e9lo<\/strong> \u00e0 la c<strong>apacit\u00e9 de charge d\u2019une petite voiture<\/strong>, le <strong>v\u00e9lo cargo<\/strong> offre une <strong>alternative \u00e9cologique et \u00e9conomique<\/strong> pour les <strong>d\u00e9placements urbains<\/strong>. Avec ses <strong>250 km de Voies Lyonnaises<\/strong> \u00e0 l\u2019horizon 2030, Lyon devient le terrain de jeu id\u00e9al pour ce <strong>mode de d\u00e9placement alternatif<\/strong>\u2026 <strong>Changer de mobilit\u00e9<\/strong>, c\u2019est possible ! M\u00eame pour les familles\u2026 avec la <strong>tendance v\u00e9lo cargo<\/strong>.<\/p>\n<p>Cette <strong>tendance v\u00e9lo cargo<\/strong> s\u2019explique par une <strong>prise de conscience environnementale<\/strong>, une volont\u00e9 de <strong>r\u00e9duire sa d\u00e9pendance \u00e0 la voiture<\/strong>. Et  aussi par l\u2019<strong>essor des pistes cyclables en ville<\/strong>. Les v\u00e9los cargo se d\u00e9clinent en plusieurs mod\u00e8les : <strong>biporteur<\/strong>, <strong>triporteur<\/strong>, <strong>longtail<\/strong>\u2026 Souvent avec une <strong>assistance \u00e9lectrique<\/strong>, ce qui rend leur <strong>utilisation accessible au plus grand nombre<\/strong>. Que ce soit pour <strong>emmener les enfants \u00e0 l\u2019\u00e9cole<\/strong>, <strong>faire ses courses<\/strong> ou <strong>livrer des marchandises<\/strong>, le <strong>v\u00e9lo cargo<\/strong> se positionne comme un v\u00e9ritable couteau suisse urbain.<\/p>\n<p>Pour bien comprendre cette<strong> tendance v\u00e9lo cargo<\/strong>, nous avons rencontr\u00e9 <strong>Alexandre Chetail<\/strong>, l\u2019organisateur du <strong>Cargo Bike Festival<\/strong>. Regardez l\u2019\u00e9mission <strong>Caf\u00e9 Climat<\/strong> diffus\u00e9e sur <strong>BFM Lyon<\/strong>, en partenariat avec <strong>Lyon Demain<\/strong><\/p>\n<p><video controls=\"\" src=\"https:\/\/www.lyondemain.fr\/wp-content\/uploads\/2025\/09\/Bonjour-Lyon-du-jeudi-11-septembre-2025-Trim.mp4.mp4\"\/>Caf\u00e9 Climat du 11 septembre 2025 : la tendance v\u00e9lo cargo<\/p>\n<p>\u00ab\u00a0Avant toute consid\u00e9ration \u00e9cologique ou \u00e9conomique, le <strong>v\u00e9lo cargo<\/strong>, c\u2019est aussi <strong>du plaisir<\/strong>. C\u2019est un moment convivial avec les enfants. Un v\u00e9ritable tour de man\u00e8ge au quotidien.\u00a0\u00bb explique Alexandre Karsenty.<\/p>\n<p>Ecoutez aussi : <a href=\"https:\/\/www.lyondemain.fr\/douze-cycles-velo-cargo-annee-2025\/\" target=\"_blank\" rel=\"noreferrer noopener\">Douze Cycles d\u00e9croche le prix du \u00ab\u00a0V\u00e9lo cargo de l\u2019ann\u00e9e\u00a0\u00bb 2025<\/a><\/p>\n<p>Pour tout savoir sur le Cargo Bike Festival, c\u2019est aussi  <a href=\"https:\/\/cargobikefestival.fr\/\" target=\"_blank\" rel=\"noreferrer noopener\">ici<\/a><\/p>\n<p>Et pour essayer son futur v\u00e9lo cargo, rendez-vous<strong> <\/strong>au <strong>Cargo Bike Festival<\/strong>, les <strong>samedi 27 et dimanche 28 septembre 2025<\/strong> \u00e0 Lyon, <strong>place Bellecour<\/strong>.<\/p>\n<p>J\u2019aime \u00e7a\u00a0:<\/p>\n<p>J\u2019aime chargement\u2026<\/p>\n<p><a class=\"sd-link-color\"\/><\/p>\n<p>\n\tArticles similaires\n<\/p>\n<p>\t\t\t\t<img decoding=\"async\" src=\"https:\/\/www.europesays.com\/fr\/wp-content\/uploads\/2025\/09\/1757839274_352_7866158698e17e8ed633c05e8f8e7fe5d9e057ad78661c4dc34e413abb6b9f19\" alt=\"G\u00e9rald Bouchon\"\/><\/p>\n<p>Pionnier des radios libres, passionn\u00e9 de radio, journaliste et dirigeant de m\u00e9dias \u00e9co-responsables..<\/p>\n","protected":false},"excerpt":{"rendered":"Longtemps rel\u00e9gu\u00e9 au second plan, le v\u00e9lo cargo conna\u00eet une popularit\u00e9 croissante en France. Plus qu\u2019un simple mode&hellip;\n","protected":false},"author":2,"featured_media":389843,"comment_status":"","ping_status":"","sticky":false,"template":"","format":"standard","meta":{"footnotes":""},"categories":[1889],"tags":[1111,11,52209,2430,52210,39893,52211,52212,1777,674,1011,27,52213,2428,6314,12,25,44025,208,27605],"class_list":{"0":"post-389842","1":"post","2":"type-post","3":"status-publish","4":"format-standard","5":"has-post-thumbnail","7":"category-lyon","8":"tag-actu","9":"tag-actualites","10":"tag-alternative-a-la-voiture","11":"tag-auvergne-rhone-alpes","12":"tag-biporteur","13":"tag-cargo-bike-festival","14":"tag-changer-de-mobilite","15":"tag-enfants-a-velo","16":"tag-eu","17":"tag-europe","18":"tag-fr","19":"tag-france","20":"tag-long-tail","21":"tag-lyon","22":"tag-mobilites-douces","23":"tag-news","24":"tag-republique-francaise","25":"tag-triporteur","26":"tag-velo","27":"tag-velo-cargo"},"share_on_mastodon":{"url":"https:\/\/pubeurope.com\/@fr\/115201761826349395","error":""},"_links":{"self":[{"href":"https:\/\/www.europesays.com\/fr\/wp-json\/wp\/v2\/posts\/389842","targetHints":{"allow":["GET"]}}],"collection":[{"href":"https:\/\/www.europesays.com\/fr\/wp-json\/wp\/v2\/posts"}],"about":[{"href":"https:\/\/www.europesays.com\/fr\/wp-json\/wp\/v2\/types\/post"}],"author":[{"embeddable":true,"href":"https:\/\/www.europesays.com\/fr\/wp-json\/wp\/v2\/users\/2"}],"replies":[{"embeddable":true,"href":"https:\/\/www.europesays.com\/fr\/wp-json\/wp\/v2\/comments?post=389842"}],"version-history":[{"count":0,"href":"https:\/\/www.europesays.com\/fr\/wp-json\/wp\/v2\/posts\/389842\/revisions"}],"wp:featuredmedia":[{"embeddable":true,"href":"https:\/\/www.europesays.com\/fr\/wp-json\/wp\/v2\/media\/389843"}],"wp:attachment":[{"href":"https:\/\/www.europesays.com\/fr\/wp-json\/wp\/v2\/media?parent=389842"}],"wp:term":[{"taxonomy":"category","embeddable":true,"href":"https:\/\/www.europesays.com\/fr\/wp-json\/wp\/v2\/categories?post=389842"},{"taxonomy":"post_tag","embeddable":true,"href":"https:\/\/www.europesays.com\/fr\/wp-json\/wp\/v2\/tags?post=389842"}],"curies":[{"name":"wp","href":"https:\/\/api.w.org\/{rel}","templated":true}]}}