{"id":389844,"date":"2025-09-14T08:45:11","date_gmt":"2025-09-14T08:45:11","guid":{"rendered":"https:\/\/www.europesays.com\/fr\/389844\/"},"modified":"2025-09-14T08:45:11","modified_gmt":"2025-09-14T08:45:11","slug":"la-vasque-olympique-va-t-elle-grimper-dans-le-ciel-de-paris-pour-la-derniere-fois-en-2025","status":"publish","type":"post","link":"https:\/\/www.europesays.com\/fr\/389844\/","title":{"rendered":"La vasque olympique va-t-elle grimper dans le ciel de Paris pour la derni\u00e8re fois en 2025\u00a0?"},"content":{"rendered":"<p>            Par<br \/>\n        <strong><br \/>\n            <a href=\"https:\/\/actu.fr\/auteur\/antoine-grotteria02\" title=\"Consulter tous les articles de Antoine Grotteria\" rel=\"nofollow noopener\" target=\"_blank\">Antoine Grotteria<\/a><br \/>\n        <\/strong><\/p>\n<p>        Publi\u00e9 le<\/p>\n<p>            14 sept. 2025 \u00e0 10h20        <\/p>\n<p>Une derni\u00e8re pour la route. Alors que la capitale c\u00e9l\u00e8bre la premi\u00e8re <a href=\"https:\/\/actu.fr\/ile-de-france\/bobigny_93008\/fete-nationale-du-sport-pourquoi-une-partie-de-la-seine-saint-denis-boycotte-l-evenement_63152882.html\" rel=\"nofollow noopener\" target=\"_blank\">f\u00eate nationale du sport<\/a> ce dimanche 14 septembre 2025, la <a href=\"https:\/\/actu.fr\/ile-de-france\/paris_75056\/video-le-message-stop-genocide-a-gaza-projete-sur-la-vasque-olympique-a-paris_62962434.html\" rel=\"nofollow noopener\" target=\"_blank\">vasque olympique<\/a> s\u2019appr\u00eate \u00e0 quitter le <a href=\"https:\/\/actu.fr\/ile-de-france\/paris_75056\/retour-de-la-vasque-olympique-a-paris-des-billets-encore-disponibles-pour-admirer-la-nouvelle-attraction_61522328.html\" rel=\"nofollow noopener\" target=\"_blank\">jardin des Tuileries<\/a>, dans le 1er arrondissement de <a href=\"https:\/\/actu.fr\/paris\/\" rel=\"nofollow noopener\" target=\"_blank\">Paris<\/a>. Cette journ\u00e9e marque la <strong>derni\u00e8re occasion<\/strong> pour les badauds d\u2019apercevoir le c\u00e9l\u00e8bre anneau de feu, r\u00e9v\u00e9l\u00e9 \u00e0 la face du monde en 2024 lors de la <strong>c\u00e9r\u00e9monie d\u2019ouverture<\/strong> des <a href=\"https:\/\/actu.fr\/jeux-olympiques\" rel=\"nofollow noopener\" target=\"_blank\">Jeux olympiques<\/a>.\u00a0<\/p>\n<p>Visible de 10 heures \u00e0 18 heures<\/p>\n<p class=\" wall-content\">Accessible <strong>gratuitement<\/strong> et <strong>sans r\u00e9servation<\/strong>, la sph\u00e8re imagin\u00e9e par le designer Mathieu Lehanneur est visible de 10 heures \u00e0 18 heures. Une amplitude horaire qui permet aux curieux de coupler des <a href=\"https:\/\/actu.fr\/ile-de-france\/paris_75056\/piste-geante-rue-de-rivoli-100-m-dans-la-seine-a-paris-le-programme-xxl-de-la-fete-nationale-du-sport_63129142.html\" rel=\"nofollow noopener\" target=\"_blank\">activit\u00e9s sportives organis\u00e9es rue de Rivoli<\/a> \u00e0 la venue pr\u00e8s du <a href=\"https:\/\/actu.fr\/ile-de-france\/paris_75056\/renovation-du-louvre-ce-que-prepare-la-ville-de-paris-pour-embellir-les-abords-du-musee_62180778.html\" rel=\"nofollow noopener\" target=\"_blank\">mus\u00e9e du Louvre<\/a>. En revanche, les retardataires souhaitant contempler la mont\u00e9e au ciel de la flamme d\u2019eau et de lumi\u00e8re pourraient \u00eatre d\u00e9\u00e7us.\u00a0<\/p>\n<p class=\" wall-content\">Si la pluie n\u2019a pas encore fait son apparition, les pr\u00e9visions de M\u00e9t\u00e9o-France s\u2019av\u00e8rent <strong>gris\u00e2tres<\/strong>. Des gouttes pourraient mouiller le sol de la capitale en fin d\u2019apr\u00e8s-midi. Suffisant pour annuler l\u2019envol ? Pour le moment, <strong>aucune d\u00e9cision<\/strong> n\u2019a pas \u00e9t\u00e9 prise officiellement, comme l\u2019indique le <a href=\"https:\/\/vasqueparis2024.fr\/\" rel=\"nofollow noopener\" target=\"_blank\">site<\/a> de la vasque. \u00ab\u00a0D\u00e9collage incertain\u00a0\u00bb, est-il \u00e9crit, faute de d\u00e9tails.\u00a0<\/p>\n<p class=\" wall-content\">\n<p class=\" wall-content\">Symbole de l\u2019h\u00e9ritage voulu par le comit\u00e9 d\u2019organisation des JO, la vasque avait \u00e9t\u00e9 allum\u00e9e par l\u2019athl\u00e8te Marie-Jo P\u00e9rec et le judoka Teddy Riner le 26 juillet 2024. Elle reviendra du <strong>21 juin au 14 septembre,<\/strong> en 2026 et 2027, avant d\u2019\u00eatre d\u00e9finitivement \u00e9teinte en amont des Jeux olympiques de Los Angeles.\u00a0<\/p>\n<p class=\" wall-content\">Personnalisez votre actualit\u00e9 en ajoutant vos villes et m\u00e9dias en favori avec <a href=\"https:\/\/moncompte.actu.fr\" title=\"D\u00e9couvez Mon Actu\" rel=\"nofollow noopener\" data-trk=\"{&quot;cta&quot;:{&quot;action&quot;:&quot;https:\\\/\\\/moncompte.actu.fr&quot;,&quot;category&quot;:&quot;mon compte&quot;,&quot;from&quot;:&quot;article footer&quot;,&quot;name&quot;:&quot;Mon actu&quot;,&quot;type&quot;:&quot;cta&quot;}}\" target=\"_blank\">Mon Actu<\/a>.<\/p>\n","protected":false},"excerpt":{"rendered":"Par Antoine Grotteria Publi\u00e9 le 14 sept. 2025 \u00e0 10h20 Une derni\u00e8re pour la route. Alors que la&hellip;\n","protected":false},"author":2,"featured_media":167502,"comment_status":"","ping_status":"","sticky":false,"template":"","format":"standard","meta":{"footnotes":""},"categories":[1888],"tags":[1111,1928,11,1927,1777,674,1011,27,7941,3094,12,1926,626,1925,25,104],"class_list":{"0":"post-389844","1":"post","2":"type-post","3":"status-publish","4":"format-standard","5":"has-post-thumbnail","7":"category-paris","8":"tag-actu","9":"tag-actu-paris","10":"tag-actualites","11":"tag-actualites-paris","12":"tag-eu","13":"tag-europe","14":"tag-fr","15":"tag-france","16":"tag-jo-paris-2024","17":"tag-musee-du-louvre","18":"tag-news","19":"tag-news-paris","20":"tag-paris","21":"tag-paris-news","22":"tag-republique-francaise","23":"tag-societe"},"share_on_mastodon":{"url":"https:\/\/pubeurope.com\/@fr\/115201777621025257","error":""},"_links":{"self":[{"href":"https:\/\/www.europesays.com\/fr\/wp-json\/wp\/v2\/posts\/389844","targetHints":{"allow":["GET"]}}],"collection":[{"href":"https:\/\/www.europesays.com\/fr\/wp-json\/wp\/v2\/posts"}],"about":[{"href":"https:\/\/www.europesays.com\/fr\/wp-json\/wp\/v2\/types\/post"}],"author":[{"embeddable":true,"href":"https:\/\/www.europesays.com\/fr\/wp-json\/wp\/v2\/users\/2"}],"replies":[{"embeddable":true,"href":"https:\/\/www.europesays.com\/fr\/wp-json\/wp\/v2\/comments?post=389844"}],"version-history":[{"count":0,"href":"https:\/\/www.europesays.com\/fr\/wp-json\/wp\/v2\/posts\/389844\/revisions"}],"wp:featuredmedia":[{"embeddable":true,"href":"https:\/\/www.europesays.com\/fr\/wp-json\/wp\/v2\/media\/167502"}],"wp:attachment":[{"href":"https:\/\/www.europesays.com\/fr\/wp-json\/wp\/v2\/media?parent=389844"}],"wp:term":[{"taxonomy":"category","embeddable":true,"href":"https:\/\/www.europesays.com\/fr\/wp-json\/wp\/v2\/categories?post=389844"},{"taxonomy":"post_tag","embeddable":true,"href":"https:\/\/www.europesays.com\/fr\/wp-json\/wp\/v2\/tags?post=389844"}],"curies":[{"name":"wp","href":"https:\/\/api.w.org\/{rel}","templated":true}]}}