{"id":389849,"date":"2025-09-14T08:48:12","date_gmt":"2025-09-14T08:48:12","guid":{"rendered":"https:\/\/www.europesays.com\/fr\/389849\/"},"modified":"2025-09-14T08:48:12","modified_gmt":"2025-09-14T08:48:12","slug":"transformer-le-parisien-en-machine-de-propagande-bolloriste-ce-serait-trahir-la-republique","status":"publish","type":"post","link":"https:\/\/www.europesays.com\/fr\/389849\/","title":{"rendered":"\u00ab\u00a0Transformer \u201cLe\u00a0Parisien\u201d en machine de propagande bolloriste, ce serait trahir la R\u00e9publique\u00a0\u00bb"},"content":{"rendered":"\n<p class=\"article__paragraph  \">Demain, <a href=\"https:\/\/www.lemonde.fr\/economie\/article\/2025\/09\/09\/au-parisien-les-journalistes-redoutent-la-vente-du-quotidien-au-groupe-bollore_6640179_3234.html\" rel=\"nofollow noopener\" target=\"_blank\">un m\u00e9dia suppl\u00e9mentaire pourrait tomber dans l\u2019escarcelle de Vincent Bollor\u00e9<\/a>, et pas des moindres\u00a0: c\u2019est bien sur Le\u00a0Parisien que ce milliardaire interventionniste, qui fait peu de cas de l\u2019ind\u00e9pendance des journalistes, souhaite aujourd\u2019hui mettre la main.\u00a0Il ne s\u2019agit ni d\u2019une rumeur anodine ni d\u2019un fait divers \u00e9conomique\u00a0: c\u2019est une v\u00e9ritable alerte d\u00e9mocratique, qui devrait toutes et tous nous inqui\u00e9ter en ces temps de crise de la repr\u00e9sentation politique.<\/p>\n<p class=\"article__paragraph  \">Car chacun conna\u00eet d\u00e9sormais la m\u00e9canique implacable de cet actionnaire. Les promesses initiales d\u2019ind\u00e9pendance, r\u00e9p\u00e9t\u00e9es comme des mantras pour amadouer journalistes et lecteurs, se dissipent vite. <a href=\"https:\/\/www.lemonde.fr\/actualite-medias\/video\/2024\/03\/13\/vincent-bollore-cnews-raconte-la-verite_6221832_3236.html\" rel=\"nofollow noopener\" target=\"_blank\">On l\u2019a vu \u00e0 i-T\u00e9l\u00e9, devenue CNews<\/a>. On l\u2019a vu \u00e0 Europe\u00a01. On l\u2019a vu au Journal du dimanche. Partout, le m\u00eame sc\u00e9nario\u00a0: une r\u00e9daction asphyxi\u00e9e, des journalistes pouss\u00e9s vers la sortie si par malheur ils osent s\u2019opposer \u00e0 la ligne \u00e9ditoriale, un pluralisme m\u00e9thodiquement \u00e9touff\u00e9 et une ligne id\u00e9ologique impos\u00e9e au pas de charge.<\/p>\n<p class=\"article__paragraph  \">Demain, <a href=\"https:\/\/www.lemonde.fr\/economie\/article\/2025\/09\/11\/on-sait-ce-qui-arrive-quand-vincent-bollore-reprend-un-media-au-parisien-la-redaction-se-mobilise-pour-empecher-sa-vente_6640432_3234.html\" rel=\"nofollow noopener\" target=\"_blank\">c\u2019est l\u2019un des quotidiens les plus embl\u00e9matiques de France<\/a> qui pourrait subir cette m\u00eame op\u00e9ration. Or, Le\u00a0Parisien n\u2019est pas un titre comme un autre. Le transformer en machine de propagande bolloriste, ce serait trahir la R\u00e9publique, trahir un symbole de la Lib\u00e9ration. N\u00e9 dans l\u2019\u00e9lan de\u00a01944, ce journal est l\u2019h\u00e9ritier d\u2019une histoire qui m\u00eale combat d\u00e9mocratique et enracinement populaire.<\/p>\n<p class=\"article__paragraph  \">Il raconte la vie quotidienne de millions de Franciliennes et de Franciliens, fait dialoguer l\u2019\u00e9chelle locale et l\u2019\u00e9chelle nationale, met en r\u00e9cit les pr\u00e9occupations intimes comme les grandes secousses de l\u2019\u00e9poque. En faire un instrument de propagande serait une mutilation collective, o\u00f9 lectrices et lecteurs se trouveraient priv\u00e9s d\u2019un regard ind\u00e9pendant sur leurs propres vies. Cela serait \u00e9galement un coup d\u2019\u00e9p\u00e9e suppl\u00e9mentaire port\u00e9 contre nos libert\u00e9s d\u00e9mocratiques.<\/p>\n<p>           Vision r\u00e9gressive de la soci\u00e9t\u00e9           <\/p>\n<p class=\"article__paragraph  \">Car ce n\u2019est pas seulement un journal que l\u2019on menace, c\u2019est une part de notre libert\u00e9 commune. Une soci\u00e9t\u00e9 sans presse libre et sans information ind\u00e9pendante est une soci\u00e9t\u00e9 sans contre-pouvoir. Une soci\u00e9t\u00e9 sans pluralisme est une soci\u00e9t\u00e9 sans d\u00e9mocratie. La concentration des m\u00e9dias entre les mains de quelques milliardaires constitue une lame de fond qui emporte tout\u00a0: la confrontation des id\u00e9es et la vitalit\u00e9 du d\u00e9bat public. Chaque fois qu\u2019un titre tombe dans l\u2019escarcelle d\u2019un industriel <a href=\"https:\/\/www.lemonde.fr\/m-le-mag\/article\/2021\/11\/16\/l-opa-de-vincent-bollore-sur-la-presidentielle_6102316_4500055.html\" rel=\"nofollow noopener\" target=\"_blank\">dont l\u2019agenda est moins \u00e9ditorial que politique<\/a>, c\u2019est un pan entier de l\u2019espace d\u00e9mocratique qui se r\u00e9tr\u00e9cit.<\/p>\n<p class=\"reading-mode-only \"><strong>Il vous reste 43.66% de cet article \u00e0 lire. La suite est r\u00e9serv\u00e9e aux abonn\u00e9s.<\/strong><\/p>\n","protected":false},"excerpt":{"rendered":"Demain, un m\u00e9dia suppl\u00e9mentaire pourrait tomber dans l\u2019escarcelle de Vincent Bollor\u00e9, et pas des moindres\u00a0: c\u2019est bien sur&hellip;\n","protected":false},"author":2,"featured_media":389850,"comment_status":"","ping_status":"","sticky":false,"template":"","format":"standard","meta":{"footnotes":""},"categories":[1888],"tags":[11,1777,674,1011,27,12,626,25],"class_list":{"0":"post-389849","1":"post","2":"type-post","3":"status-publish","4":"format-standard","5":"has-post-thumbnail","7":"category-paris","8":"tag-actualites","9":"tag-eu","10":"tag-europe","11":"tag-fr","12":"tag-france","13":"tag-news","14":"tag-paris","15":"tag-republique-francaise"},"share_on_mastodon":{"url":"https:\/\/pubeurope.com\/@fr\/115201789797566295","error":""},"_links":{"self":[{"href":"https:\/\/www.europesays.com\/fr\/wp-json\/wp\/v2\/posts\/389849","targetHints":{"allow":["GET"]}}],"collection":[{"href":"https:\/\/www.europesays.com\/fr\/wp-json\/wp\/v2\/posts"}],"about":[{"href":"https:\/\/www.europesays.com\/fr\/wp-json\/wp\/v2\/types\/post"}],"author":[{"embeddable":true,"href":"https:\/\/www.europesays.com\/fr\/wp-json\/wp\/v2\/users\/2"}],"replies":[{"embeddable":true,"href":"https:\/\/www.europesays.com\/fr\/wp-json\/wp\/v2\/comments?post=389849"}],"version-history":[{"count":0,"href":"https:\/\/www.europesays.com\/fr\/wp-json\/wp\/v2\/posts\/389849\/revisions"}],"wp:featuredmedia":[{"embeddable":true,"href":"https:\/\/www.europesays.com\/fr\/wp-json\/wp\/v2\/media\/389850"}],"wp:attachment":[{"href":"https:\/\/www.europesays.com\/fr\/wp-json\/wp\/v2\/media?parent=389849"}],"wp:term":[{"taxonomy":"category","embeddable":true,"href":"https:\/\/www.europesays.com\/fr\/wp-json\/wp\/v2\/categories?post=389849"},{"taxonomy":"post_tag","embeddable":true,"href":"https:\/\/www.europesays.com\/fr\/wp-json\/wp\/v2\/tags?post=389849"}],"curies":[{"name":"wp","href":"https:\/\/api.w.org\/{rel}","templated":true}]}}