{"id":389853,"date":"2025-09-14T08:50:12","date_gmt":"2025-09-14T08:50:12","guid":{"rendered":"https:\/\/www.europesays.com\/fr\/389853\/"},"modified":"2025-09-14T08:50:12","modified_gmt":"2025-09-14T08:50:12","slug":"ladhesion-de-lukraine-toujours-en-stand-by-la-pologne-accuse-la-hongrie-de-chantage","status":"publish","type":"post","link":"https:\/\/www.europesays.com\/fr\/389853\/","title":{"rendered":"L\u2019adh\u00e9sion de l\u2019Ukraine toujours en stand-by, la Pologne accuse la Hongrie de \u00ab chantage \u00bb"},"content":{"rendered":"<p class=\"mb-4 text-lg md:leading-8 break-words\"><strong>Blocage &#8211; Le ministre polonais des Affaires \u00e9trang\u00e8res ne cache pas son exasp\u00e9ration \u00e0 l\u2019\u00e9gard de la Hongrie, qui bloque toujours le processus d\u2019adh\u00e9sion de l\u2019Ukraine \u00e0 l\u2019Union europ\u00e9enne<\/strong><\/p>\n<p class=\"mb-4 text-lg md:leading-8 break-words\">L\u2019Ukraine reste bloqu\u00e9e dans la salle d\u2019attente. Le pays a d\u00e9pos\u00e9 sa candidature pour rejoindre l\u2019<a href=\"https:\/\/www.20minutes.fr\/dossier\/ue?at_medium=RSS%20feed&amp;at_campaign=ynews&amp;utm_source=yahoo&amp;utm_medium=rss&amp;utm_campaign=news_feed&amp;utm_content=in_article_link\" rel=\"nofollow noopener\" target=\"_blank\" data-ylk=\"slk:Union europ\u00e9enne;elm:context_link;itc:0;sec:content-canvas\" class=\"link \">Union europ\u00e9enne<\/a> quelques jours apr\u00e8s le d\u00e9but de l\u2019invasion russe en f\u00e9vrier\u00a02022, mais le dossier est au point mort. Le n\u0153ud du probl\u00e8me se nomme <a href=\"https:\/\/www.20minutes.fr\/dossier\/viktor_orban?at_medium=RSS%20feed&amp;at_campaign=ynews&amp;utm_source=yahoo&amp;utm_medium=rss&amp;utm_campaign=news_feed&amp;utm_content=in_article_link\" rel=\"nofollow noopener\" target=\"_blank\" data-ylk=\"slk:Viktor Orban;elm:context_link;itc:0;sec:content-canvas\" class=\"link \">Viktor Orban<\/a>, proche du <a href=\"https:\/\/www.20minutes.fr\/dossier\/kremlin?at_medium=RSS%20feed&amp;at_campaign=ynews&amp;utm_source=yahoo&amp;utm_medium=rss&amp;utm_campaign=news_feed&amp;utm_content=in_article_link\" rel=\"nofollow noopener\" target=\"_blank\" data-ylk=\"slk:Kremlin;elm:context_link;itc:0;sec:content-canvas\" class=\"link \">Kremlin<\/a>.<\/p>\n<p class=\"mb-4 text-lg md:leading-8 break-words\">Au grand dam du ministre polonais des Affaires \u00e9trang\u00e8res, Radoslaw Sikorski, qui a d\u00e9nonc\u00e9 l\u2019attitude de la Hongrie samedi. \u00ab\u00a0Vous pouvez faire du chantage \u00e0 toute l\u2019UE avec vos probl\u00e8mes bilat\u00e9raux, mais il y a des limites\u00a0\u00bb, a-t-il lanc\u00e9 lors de la conf\u00e9rence annuelle Yalta European Strategy \u00e0 Kiev. \u00ab\u00a0\u00c0 notre avis, la Hongrie est all\u00e9e au-del\u00e0 ce qui est raisonnable.\u00a0\u00bb<\/p>\n<p>L\u2019Ukraine \u00ab\u00a0ne tire pas un trait\u00a0\u00bb sur la Hongrie<\/p>\n<p class=\"mb-4 text-lg md:leading-8 break-words\">Les relations entre la <a href=\"https:\/\/www.20minutes.fr\/dossier\/hongrie?at_medium=RSS%20feed&amp;at_campaign=ynews&amp;utm_source=yahoo&amp;utm_medium=rss&amp;utm_campaign=news_feed&amp;utm_content=in_article_link\" rel=\"nofollow noopener\" target=\"_blank\" data-ylk=\"slk:Hongrie;elm:context_link;itc:0;sec:content-canvas\" class=\"link \">Hongrie<\/a> et l\u2019Ukraine ont atteint un haut niveau de tensions ces derniers mois, les deux pays s\u2019accusant mutuellement d\u2019espionnage et expulsant des diplomates. Budapest a \u00e9galement interdit certains responsables ukrainiens d\u2019entr\u00e9e en Hongrie.<\/p>\n<p class=\"mb-4 text-lg md:leading-8 break-words\">Kiev a besoin de l\u2019approbation unanime de tous les \u00c9tats membres de l\u2019UE, \u00e0 des dizaines d\u2019\u00e9tapes diff\u00e9rentes, pour faire avancer sa candidature. Le vice-Premier ministre ukrainien charg\u00e9 de l\u2019Int\u00e9gration europ\u00e9enne, Taras Katchka, a assur\u00e9 que Kiev maintiendrait le dialogue avec Budapest.<\/p>\n<p class=\"mb-4 text-lg md:leading-8 break-words\">\u00ab\u00a0On ne tire pas un trait sur eux, malgr\u00e9 leurs d\u00e9clarations publiques sur notre avenir au sein de l\u2019Union europ\u00e9enne\u00a0\u00bb, a-t-il affirm\u00e9, lors de la conf\u00e9rence Yalta European Strategy \u00e0 Kiev. Cette semaine, Katchka s\u2019est justement rendu e(&#8230;)<\/p>\n<p class=\"mb-4 text-lg md:leading-8 break-words\"><a href=\"https:\/\/www.20minutes.fr\/monde\/ukraine\/4172965-20250914-ue-adhesion-ukraine-toujours-stand-by-pologne-accuse-hongrie-chantage?at_medium=RSS%20feed&amp;at_campaign=ynews&amp;utm_source=yahoo&amp;utm_medium=rss&amp;utm_campaign=news_feed&amp;utm_content=read_more_link&quot;\" rel=\"nofollow noopener\" target=\"_blank\" data-ylk=\"slk:Lire la suite sur 20minutes;elm:context_link;itc:0;sec:content-canvas\" class=\"link \">Lire la suite sur 20minutes<\/a><\/p>\n<p>\u00c0 lire aussi :<br \/><a href=\"https:\/\/www.20minutes.fr\/monde\/ukraine\/4172620-20250911-guerre-ukraine-pologne-cherche-soutien-finlande-donne-raison-trump?at_medium=RSS%20feed&amp;at_campaign=ynews&amp;utm_source=yahoo&amp;utm_medium=rss&amp;utm_campaign=news_feed&amp;utm_content=related_content_link\" rel=\"nofollow noopener\" target=\"_blank\" data-ylk=\"slk:Guerre en Ukraine\u00a0: La Pologne cherche du soutien, la Finlande donne raison \u00e0 Trump;elm:context_link;itc:0;sec:content-canvas\" class=\"link \">Guerre en Ukraine\u00a0: La Pologne cherche du soutien, la Finlande donne raison \u00e0 Trump<\/a><br \/><a href=\"https:\/\/www.20minutes.fr\/monde\/4172279-20250910-monde-hostile-tempete-geopolitique-europe-doit-battre-place-lance-ursula-von-der-leyen?at_medium=RSS%20feed&amp;at_campaign=ynews&amp;utm_source=yahoo&amp;utm_medium=rss&amp;utm_campaign=news_feed&amp;utm_content=related_content_link\" rel=\"nofollow noopener\" target=\"_blank\" data-ylk=\"slk:\u00ab\u00a0Monde hostile\u00a0\u00bb, \u00ab\u00a0temp\u00eate g\u00e9opolitique\u00a0\u00bb\u2026 L\u2019Europe \u00ab\u00a0doit se battre pour sa place\u00a0\u00bb, lance Ursula von\u00a0der\u00a0Leyen;elm:context_link;itc:0;sec:content-canvas\" class=\"link \">\u00ab\u00a0Monde hostile\u00a0\u00bb, \u00ab\u00a0temp\u00eate g\u00e9opolitique\u00a0\u00bb\u2026 L\u2019Europe \u00ab\u00a0doit se battre pour sa place\u00a0\u00bb, lance Ursula von\u00a0der\u00a0Leyen<\/a><\/p>\n","protected":false},"excerpt":{"rendered":"Blocage &#8211; Le ministre polonais des Affaires \u00e9trang\u00e8res ne cache pas son exasp\u00e9ration \u00e0 l\u2019\u00e9gard de la Hongrie,&hellip;\n","protected":false},"author":2,"featured_media":389854,"comment_status":"","ping_status":"","sticky":false,"template":"","format":"standard","meta":{"footnotes":""},"categories":[1590],"tags":[11,260,16499,1777,674,804,11229,7738,5493,12,52219,220],"class_list":{"0":"post-389853","1":"post","2":"type-post","3":"status-publish","4":"format-standard","5":"has-post-thumbnail","7":"category-ukraine","8":"tag-actualites","9":"tag-affaires-etrangeres","10":"tag-etats-membres-de-lue","11":"tag-eu","12":"tag-europe","13":"tag-hongrie","14":"tag-kiev","15":"tag-lunion-europeenne","16":"tag-lukraine","17":"tag-news","18":"tag-radoslaw-sikorski","19":"tag-ukraine"},"share_on_mastodon":{"url":"https:\/\/pubeurope.com\/@fr\/115201797248038179","error":""},"_links":{"self":[{"href":"https:\/\/www.europesays.com\/fr\/wp-json\/wp\/v2\/posts\/389853","targetHints":{"allow":["GET"]}}],"collection":[{"href":"https:\/\/www.europesays.com\/fr\/wp-json\/wp\/v2\/posts"}],"about":[{"href":"https:\/\/www.europesays.com\/fr\/wp-json\/wp\/v2\/types\/post"}],"author":[{"embeddable":true,"href":"https:\/\/www.europesays.com\/fr\/wp-json\/wp\/v2\/users\/2"}],"replies":[{"embeddable":true,"href":"https:\/\/www.europesays.com\/fr\/wp-json\/wp\/v2\/comments?post=389853"}],"version-history":[{"count":0,"href":"https:\/\/www.europesays.com\/fr\/wp-json\/wp\/v2\/posts\/389853\/revisions"}],"wp:featuredmedia":[{"embeddable":true,"href":"https:\/\/www.europesays.com\/fr\/wp-json\/wp\/v2\/media\/389854"}],"wp:attachment":[{"href":"https:\/\/www.europesays.com\/fr\/wp-json\/wp\/v2\/media?parent=389853"}],"wp:term":[{"taxonomy":"category","embeddable":true,"href":"https:\/\/www.europesays.com\/fr\/wp-json\/wp\/v2\/categories?post=389853"},{"taxonomy":"post_tag","embeddable":true,"href":"https:\/\/www.europesays.com\/fr\/wp-json\/wp\/v2\/tags?post=389853"}],"curies":[{"name":"wp","href":"https:\/\/api.w.org\/{rel}","templated":true}]}}