{"id":38986,"date":"2025-04-20T13:32:27","date_gmt":"2025-04-20T13:32:27","guid":{"rendered":"https:\/\/www.europesays.com\/fr\/38986\/"},"modified":"2025-04-20T13:32:27","modified_gmt":"2025-04-20T13:32:27","slug":"du-haut-de-ses-420-m-lankou-contemple-le-korejou-a-plouguerneau","status":"publish","type":"post","link":"https:\/\/www.europesays.com\/fr\/38986\/","title":{"rendered":"Du haut de ses 4,20\u00a0m, l\u2019Ankou contemple le Korejou, \u00e0 Plouguerneau"},"content":{"rendered":"<p>Depuis le mois de f\u00e9vrier 2025, un nouveau personnage en bois sculpt\u00e9, visible de loin, est apparu pr\u00e8s du calvaire de l\u2019estran, au Korejou, \u00e0 Plouguerneau. N\u00e9e d\u2019un arbre abattu par la temp\u00eate Ciaran en novembre 2023 et taill\u00e9e par le sculpteur Fran\u00e7ois Breton, cette \u0153uvre de 4,20 m de haut repr\u00e9sente l\u2019Ankou, qui ne laisse personne indiff\u00e9rent.<\/p>\n<p>Incontournable figure de la mythologie celtique et personnage souvent \u00e9voqu\u00e9 dans les contes et l\u00e9gendes bretons, l\u2019Ankou symbolise le passage de la vie \u00e0 la mort ou encore du jour \u00e0 la nuit. Il est souvent repr\u00e9sent\u00e9 par un squelette d\u2019homme, recouvert d\u2019une cape et tenant dans sa main une faux, mont\u00e9e \u00e0 l\u2019envers, pour trancher les \u00e2mes qu\u2019il r\u00e9colte dans sa charrette ou dans son bateau quand il est sur le littoral.<\/p>\n<p>\u00ab\u00a0Un clin d\u2019\u0153il humoristique\u00a0\u00bb \u00e0 un rejet artistique<\/p>\n<p>Fran\u00e7ois Breton, qui \u0153uvre \u00e0 la cr\u00e9ation du calvaire de l\u2019estran et de ses 150 personnages en pierre depuis 2006, s\u2019est lanc\u00e9 dans la sculpture de l\u2019Ankou pour deux raisons\u00a0: \u00ab\u00a0Le premier germe de mon projet \u00e9tait ces arbres abattus par la temp\u00eate Ciaran il y a plus d\u2019un an et pour lesquels les b\u00fbcherons ne venaient pas, alors j\u2019ai d\u00e9cid\u00e9 de les exploiter et d\u2019en faire des sculptures. En second, je voulais faire un clin d\u2019\u0153il humoristique au rejet d\u2019un projet magnifique, sous des pr\u00e9textes que je trouve fallacieux\u00a0\u00bb. L\u2019artiste fait ici r\u00e9f\u00e9rence au projet de don \u00e0 la commune d\u2019une monumentale sculpture en aluminium de 4,50 m de haut repr\u00e9sentant l\u2019Ankou, cr\u00e9\u00e9e par le sculpteur plouguern\u00e9en <a href=\"https:\/\/www.letelegramme.fr\/finistere\/plouguerneau-29880\/spanjean-marie-appriouspan-le-poete-du-metal-2232426.php\" title=\"www.letelegramme.fr\" target=\"_blank\" rel=\"noopener\">Jean-Marie Appriou<\/a>. Cette \u0153uvre devait \u00eatre install\u00e9e face \u00e0 la mer, au Korejou, fin 2024 mais suite \u00e0 la pol\u00e9mique qu\u2019elle a engendr\u00e9e et aux vives r\u00e9actions d\u2019opposition d\u2019une partie des habitants de la commune jugeant inappropri\u00e9 d\u2019installer l\u2019\u0153uvre dans un port, l\u2019artiste avait annul\u00e9 son projet.<\/p>\n","protected":false},"excerpt":{"rendered":"Depuis le mois de f\u00e9vrier 2025, un nouveau personnage en bois sculpt\u00e9, visible de loin, est apparu pr\u00e8s&hellip;\n","protected":false},"author":2,"featured_media":38987,"comment_status":"","ping_status":"","sticky":false,"template":"","format":"standard","meta":{"footnotes":""},"categories":[1358],"tags":[1348,1384,1385,3450,251,1386,58,59,1011,27,9815,12174,12173,3899],"class_list":{"0":"post-38986","1":"post","2":"type-post","3":"status-publish","4":"format-standard","5":"has-post-thumbnail","7":"category-arts-et-design","8":"tag-arts","9":"tag-arts-and-design","10":"tag-arts-et-design","11":"tag-brest","12":"tag-culture","13":"tag-design","14":"tag-divertissement","15":"tag-entertainment","16":"tag-fr","17":"tag-france","18":"tag-landerneau","19":"tag-lannilis","20":"tag-plouguerneau","21":"tag-sculpture"},"share_on_mastodon":{"url":"https:\/\/pubeurope.com\/@fr\/114370546575831426","error":""},"_links":{"self":[{"href":"https:\/\/www.europesays.com\/fr\/wp-json\/wp\/v2\/posts\/38986","targetHints":{"allow":["GET"]}}],"collection":[{"href":"https:\/\/www.europesays.com\/fr\/wp-json\/wp\/v2\/posts"}],"about":[{"href":"https:\/\/www.europesays.com\/fr\/wp-json\/wp\/v2\/types\/post"}],"author":[{"embeddable":true,"href":"https:\/\/www.europesays.com\/fr\/wp-json\/wp\/v2\/users\/2"}],"replies":[{"embeddable":true,"href":"https:\/\/www.europesays.com\/fr\/wp-json\/wp\/v2\/comments?post=38986"}],"version-history":[{"count":0,"href":"https:\/\/www.europesays.com\/fr\/wp-json\/wp\/v2\/posts\/38986\/revisions"}],"wp:featuredmedia":[{"embeddable":true,"href":"https:\/\/www.europesays.com\/fr\/wp-json\/wp\/v2\/media\/38987"}],"wp:attachment":[{"href":"https:\/\/www.europesays.com\/fr\/wp-json\/wp\/v2\/media?parent=38986"}],"wp:term":[{"taxonomy":"category","embeddable":true,"href":"https:\/\/www.europesays.com\/fr\/wp-json\/wp\/v2\/categories?post=38986"},{"taxonomy":"post_tag","embeddable":true,"href":"https:\/\/www.europesays.com\/fr\/wp-json\/wp\/v2\/tags?post=38986"}],"curies":[{"name":"wp","href":"https:\/\/api.w.org\/{rel}","templated":true}]}}