{"id":389861,"date":"2025-09-14T08:54:20","date_gmt":"2025-09-14T08:54:20","guid":{"rendered":"https:\/\/www.europesays.com\/fr\/389861\/"},"modified":"2025-09-14T08:54:20","modified_gmt":"2025-09-14T08:54:20","slug":"europe-1-matin-week-end-14-09-2025","status":"publish","type":"post","link":"https:\/\/www.europesays.com\/fr\/389861\/","title":{"rendered":"Europe 1 matin week-end &#8211; 14\/09\/2025"},"content":{"rendered":"<p>Chaque samedi et dimanche, de 6h \u00e0 9h, Alexis de la Fl\u00e9ch\u00e8re, entour\u00e9 des journalistes de la r\u00e9daction et des chroniqueurs de la station, vous propose un point complet sur l&rsquo;actualit\u00e9 pour mieux la comprendre. Un rendez-vous incontournable pour commencer votre week-end. Culture, soci\u00e9t\u00e9 et \u00e9vasion seront \u00e9galement au programme de ces trois heures.&#13;<\/p>\n","protected":false},"excerpt":{"rendered":"Chaque samedi et dimanche, de 6h \u00e0 9h, Alexis de la Fl\u00e9ch\u00e8re, entour\u00e9 des journalistes de la r\u00e9daction&hellip;\n","protected":false},"author":2,"featured_media":290993,"comment_status":"","ping_status":"","sticky":false,"template":"","format":"standard","meta":{"footnotes":""},"categories":[1586],"tags":[11,1777,674,1011,27,12,25],"class_list":{"0":"post-389861","1":"post","2":"type-post","3":"status-publish","4":"format-standard","5":"has-post-thumbnail","7":"category-europe","8":"tag-actualites","9":"tag-eu","10":"tag-europe","11":"tag-fr","12":"tag-france","13":"tag-news","14":"tag-republique-francaise"},"share_on_mastodon":{"url":"https:\/\/pubeurope.com\/@fr\/115201813079578643","error":""},"_links":{"self":[{"href":"https:\/\/www.europesays.com\/fr\/wp-json\/wp\/v2\/posts\/389861","targetHints":{"allow":["GET"]}}],"collection":[{"href":"https:\/\/www.europesays.com\/fr\/wp-json\/wp\/v2\/posts"}],"about":[{"href":"https:\/\/www.europesays.com\/fr\/wp-json\/wp\/v2\/types\/post"}],"author":[{"embeddable":true,"href":"https:\/\/www.europesays.com\/fr\/wp-json\/wp\/v2\/users\/2"}],"replies":[{"embeddable":true,"href":"https:\/\/www.europesays.com\/fr\/wp-json\/wp\/v2\/comments?post=389861"}],"version-history":[{"count":0,"href":"https:\/\/www.europesays.com\/fr\/wp-json\/wp\/v2\/posts\/389861\/revisions"}],"wp:featuredmedia":[{"embeddable":true,"href":"https:\/\/www.europesays.com\/fr\/wp-json\/wp\/v2\/media\/290993"}],"wp:attachment":[{"href":"https:\/\/www.europesays.com\/fr\/wp-json\/wp\/v2\/media?parent=389861"}],"wp:term":[{"taxonomy":"category","embeddable":true,"href":"https:\/\/www.europesays.com\/fr\/wp-json\/wp\/v2\/categories?post=389861"},{"taxonomy":"post_tag","embeddable":true,"href":"https:\/\/www.europesays.com\/fr\/wp-json\/wp\/v2\/tags?post=389861"}],"curies":[{"name":"wp","href":"https:\/\/api.w.org\/{rel}","templated":true}]}}