{"id":389862,"date":"2025-09-14T08:55:12","date_gmt":"2025-09-14T08:55:12","guid":{"rendered":"https:\/\/www.europesays.com\/fr\/389862\/"},"modified":"2025-09-14T08:55:12","modified_gmt":"2025-09-14T08:55:12","slug":"ladhesion-de-lukraine-toujours-en-stand-by-la-pologne-accuse-la-hongrie-de-chantage-2","status":"publish","type":"post","link":"https:\/\/www.europesays.com\/fr\/389862\/","title":{"rendered":"L\u2019adh\u00e9sion de l\u2019Ukraine toujours en stand-by, la Pologne accuse la Hongrie de \u00ab\u00a0chantage\u00a0\u00bb"},"content":{"rendered":"<p>L\u2019Ukraine reste bloqu\u00e9e dans la salle d\u2019attente. Le pays a d\u00e9pos\u00e9 sa candidature pour rejoindre l\u2019<a href=\"https:\/\/www.20minutes.fr\/dossier\/ue\" class=\"c-link c-link--is-underlined\" target=\"_blank\" rel=\"noopener\">Union europ\u00e9enne<\/a> quelques jours apr\u00e8s le d\u00e9but de l\u2019invasion russe en f\u00e9vrier\u00a02022, mais le dossier est au point mort. Le n\u0153ud du probl\u00e8me se nomme <a href=\"https:\/\/www.20minutes.fr\/dossier\/viktor_orban\" class=\"c-link c-link--is-underlined\" target=\"_blank\" rel=\"noopener\">Viktor Orban<\/a>, proche du <a href=\"https:\/\/www.20minutes.fr\/dossier\/kremlin\" class=\"c-link c-link--is-underlined\" target=\"_blank\" rel=\"noopener\">Kremlin<\/a>.<\/p>\n<p>Au grand dam du ministre polonais des Affaires \u00e9trang\u00e8res, Radoslaw Sikorski, qui a d\u00e9nonc\u00e9 l\u2019attitude de la Hongrie samedi. \u00ab\u00a0Vous pouvez faire du chantage \u00e0 toute l\u2019UE avec vos probl\u00e8mes bilat\u00e9raux, mais il y a des limites\u00a0\u00bb, a-t-il lanc\u00e9 lors de la conf\u00e9rence annuelle Yalta European Strategy \u00e0 Kiev. \u00ab\u00a0\u00c0 notre avis, la Hongrie est all\u00e9e au-del\u00e0 ce qui est raisonnable.\u00a0\u00bb<\/p>\n<\/p>\n<p>L\u2019Ukraine \u00ab\u00a0ne tire pas un trait\u00a0\u00bb sur la Hongrie<\/p>\n<p>Les relations entre la <a href=\"https:\/\/www.20minutes.fr\/dossier\/hongrie\" class=\"c-link c-link--is-underlined\" target=\"_blank\" rel=\"noopener\">Hongrie<\/a> et l\u2019Ukraine ont atteint un haut niveau de tensions ces derniers mois, les deux pays s\u2019accusant mutuellement d\u2019espionnage et expulsant des diplomates. Budapest a \u00e9galement interdit certains responsables ukrainiens d\u2019entr\u00e9e en Hongrie.<\/p>\n<p>Kiev a besoin de l\u2019approbation unanime de tous les \u00c9tats membres de l\u2019UE, \u00e0 des dizaines d\u2019\u00e9tapes diff\u00e9rentes, pour faire avancer sa candidature. Le vice-Premier ministre ukrainien charg\u00e9 de l\u2019Int\u00e9gration europ\u00e9enne, Taras Katchka, a assur\u00e9 que Kiev maintiendrait le dialogue avec Budapest.<\/p>\n<p>\u00ab\u00a0On ne tire pas un trait sur eux, malgr\u00e9 leurs d\u00e9clarations publiques sur notre avenir au sein de l\u2019Union europ\u00e9enne\u00a0\u00bb, a-t-il affirm\u00e9, lors de la conf\u00e9rence Yalta European Strategy \u00e0 Kiev. Cette semaine, Katchka s\u2019est justement rendu en Hongrie pour rencontrer le ministre hongrois des Affaires \u00e9trang\u00e8res, Peter Szijjarto.<\/p>\n<p>\u00c0 l\u2019issue de cette visite, Szijjarto a r\u00e9it\u00e9r\u00e9 l\u2019opposition de <a href=\"https:\/\/www.20minutes.fr\/dossier\/budapest\" class=\"c-link c-link--is-underlined\" target=\"_blank\" rel=\"noopener\">Budapest<\/a> \u00e0 l\u2019adh\u00e9sion de l\u2019Ukraine \u00e0 l\u2019UE, mais Katchka croit toujours en un assouplissement de cette position. \u00ab\u00a0J\u2019esp\u00e8re que nous pourrons les convaincre d\u2019adapter leur approche\u00a0\u00bb, a-t-il d\u00e9clar\u00e9.<\/p>\n","protected":false},"excerpt":{"rendered":"L\u2019Ukraine reste bloqu\u00e9e dans la salle d\u2019attente. Le pays a d\u00e9pos\u00e9 sa candidature pour rejoindre l\u2019Union europ\u00e9enne quelques&hellip;\n","protected":false},"author":2,"featured_media":389863,"comment_status":"","ping_status":"","sticky":false,"template":"","format":"standard","meta":{"footnotes":""},"categories":[1586],"tags":[47,11,1777,674,1779,1011,27,131,804,74,12,2437,25,1778,364,555],"class_list":{"0":"post-389862","1":"post","2":"type-post","3":"status-publish","4":"format-standard","5":"has-post-thumbnail","7":"category-europe","8":"tag-actualite","9":"tag-actualites","10":"tag-eu","11":"tag-europe","12":"tag-european-union","13":"tag-fr","14":"tag-france","15":"tag-guerre-en-ukraine","16":"tag-hongrie","17":"tag-monde","18":"tag-news","19":"tag-pologne","20":"tag-republique-francaise","21":"tag-ue","22":"tag-union-europeenne","23":"tag-union-europeenne-ue"},"share_on_mastodon":{"url":"https:\/\/pubeurope.com\/@fr\/115201816972599944","error":""},"_links":{"self":[{"href":"https:\/\/www.europesays.com\/fr\/wp-json\/wp\/v2\/posts\/389862","targetHints":{"allow":["GET"]}}],"collection":[{"href":"https:\/\/www.europesays.com\/fr\/wp-json\/wp\/v2\/posts"}],"about":[{"href":"https:\/\/www.europesays.com\/fr\/wp-json\/wp\/v2\/types\/post"}],"author":[{"embeddable":true,"href":"https:\/\/www.europesays.com\/fr\/wp-json\/wp\/v2\/users\/2"}],"replies":[{"embeddable":true,"href":"https:\/\/www.europesays.com\/fr\/wp-json\/wp\/v2\/comments?post=389862"}],"version-history":[{"count":0,"href":"https:\/\/www.europesays.com\/fr\/wp-json\/wp\/v2\/posts\/389862\/revisions"}],"wp:featuredmedia":[{"embeddable":true,"href":"https:\/\/www.europesays.com\/fr\/wp-json\/wp\/v2\/media\/389863"}],"wp:attachment":[{"href":"https:\/\/www.europesays.com\/fr\/wp-json\/wp\/v2\/media?parent=389862"}],"wp:term":[{"taxonomy":"category","embeddable":true,"href":"https:\/\/www.europesays.com\/fr\/wp-json\/wp\/v2\/categories?post=389862"},{"taxonomy":"post_tag","embeddable":true,"href":"https:\/\/www.europesays.com\/fr\/wp-json\/wp\/v2\/tags?post=389862"}],"curies":[{"name":"wp","href":"https:\/\/api.w.org\/{rel}","templated":true}]}}