{"id":389866,"date":"2025-09-14T08:57:13","date_gmt":"2025-09-14T08:57:13","guid":{"rendered":"https:\/\/www.europesays.com\/fr\/389866\/"},"modified":"2025-09-14T08:57:13","modified_gmt":"2025-09-14T08:57:13","slug":"la-deputee-macroniste-violette-spillebout-sommee-de-sexpliquer-pour-son-abstention-lors-du-vote-de-confiance","status":"publish","type":"post","link":"https:\/\/www.europesays.com\/fr\/389866\/","title":{"rendered":"La d\u00e9put\u00e9e macroniste Violette Spillebout somm\u00e9e de s\u2019expliquer pour son abstention lors du vote de confiance"},"content":{"rendered":"<p>                         <img loading=\"lazy\" decoding=\"async\" src=\"https:\/\/www.europesays.com\/fr\/wp-content\/uploads\/2025\/09\/172bef2_upload-1-jeon1pu8zjuv-000-667z9we.jpg\" alt=\"La d\u00e9put\u00e9e (Renaissance) du Nord Violette Spillebout \u00e0 l\u2019Assembl\u00e9e nationale, \u00e0 Paris, le\u00a08\u00a0juillet\u00a02025.\"   width=\"664\" height=\"443\"\/>    La d\u00e9put\u00e9e (Renaissance) du Nord Violette Spillebout \u00e0 l\u2019Assembl\u00e9e nationale, \u00e0 Paris, le\u00a08\u00a0juillet\u00a02025.  GUILLAUME BAPTISTE\/AFP                 <\/p>\n<p class=\"article__paragraph  \">Il y a des prises de libert\u00e9 qui ne passent pas. Huit jours apr\u00e8s s\u2019\u00eatre abstenue lors du vote de confiance \u00e0<strong> <\/strong>Fran\u00e7ois Bayrou, la d\u00e9put\u00e9e macroniste Violette Spillebout est convoqu\u00e9e, mardi 16\u00a0septembre \u00e0 10\u00a0h\u00a030, devant le bureau de son groupe, Ensemble pour la R\u00e9publique, \u00e0 l\u2019Assembl\u00e9e, a appris Le\u00a0Monde. L\u2019\u00e9lue du Nord est somm\u00e9e de s\u2019expliquer sur son choix de passer outre la consigne de vote donn\u00e9e par son parti, Renaissance.<\/p>\n<p class=\"article__paragraph  \">Sur les 161\u00a0d\u00e9put\u00e9s que compte le camp pr\u00e9sidentiel \u00e0 l\u2019Assembl\u00e9e (Renaissance, Horizons et Mouvement d\u00e9mocrate), elle est la seule \u00e0 ne pas avoir donn\u00e9 sa voix au B\u00e9arnais. Elle s\u2019est fendue d\u2019une explication dans un message post\u00e9 sur le r\u00e9seau social\u00a0X, d\u00e9fendant \u00ab\u00a0une d\u00e9cision conforme \u00e0 [s]on \u00e9thique politique\u00a0\u00bb, peu apr\u00e8s avoir pr\u00e9venu le pr\u00e9sident de groupe et du parti, Gabriel Attal, une demi-heure avant le d\u00e9but de s\u00e9ance.<\/p>\n<p class=\"article__paragraph  \">Violette Spillebout justifie son abstention par les propos tenus, deux jours plus t\u00f4t, par Fran\u00e7ois Bayrou dans l\u2019\u00e9mission \u00ab\u00a0C \u00e0 vous\u00a0\u00bb, sur France\u00a05, au sujet de <a href=\"https:\/\/www.lemonde.fr\/les-decodeurs\/article\/2025\/05\/14\/l-affaire-de-betharram-est-elle-une-affaire-bayrou_6552800_4355771.html\" rel=\"nofollow noopener\" target=\"_blank\">l\u2019affaire de B\u00e9tharram<\/a>, dans laquelle il est accus\u00e9 d\u2019avoir menti sur sa connaissance des violences perp\u00e9tr\u00e9es contre les \u00e9l\u00e8ves de l\u2019\u00e9tablissement catholique. Corapporteuse de la commission d\u2019enqu\u00eate cr\u00e9\u00e9e en d\u00e9but d\u2019ann\u00e9e apr\u00e8s la r\u00e9v\u00e9lation de l\u2019affaire, la d\u00e9put\u00e9e nordiste s\u2019est dite \u00ab\u00a0profond\u00e9ment choqu\u00e9e\u00a0\u00bb par les dires de l\u2019\u00e9dile de Pau, qui \u00ab\u00a0n\u2019a pas eu un mot pour les victimes\u00a0\u00bb, mais a d\u00e9crit une \u00ab\u00a0terrible injustice\u00a0\u00bb pour sa famille et lui-m\u00eame. \u00ab\u00a0Il a ni\u00e9 avec tant de m\u00e9pris la qualit\u00e9 du travail transpartisan de la commission\u00a0\u00bb, s\u2019est-elle \u00e9mue. Contact\u00e9e par Le\u00a0Monde, Violette Spillebout n\u2019a pas souhait\u00e9 r\u00e9agir \u00e0 sa convocation.<\/p>\n<p class=\"reading-mode-only \"><strong>Il vous reste 60.78% de cet article \u00e0 lire. La suite est r\u00e9serv\u00e9e aux abonn\u00e9s.<\/strong><\/p>\n","protected":false},"excerpt":{"rendered":"La d\u00e9put\u00e9e (Renaissance) du Nord Violette Spillebout \u00e0 l\u2019Assembl\u00e9e nationale, \u00e0 Paris, le\u00a08\u00a0juillet\u00a02025. GUILLAUME BAPTISTE\/AFP Il y a&hellip;\n","protected":false},"author":2,"featured_media":389867,"comment_status":"","ping_status":"","sticky":false,"template":"","format":"standard","meta":{"footnotes":""},"categories":[2],"tags":[11,1011,27,12,25],"class_list":{"0":"post-389866","1":"post","2":"type-post","3":"status-publish","4":"format-standard","5":"has-post-thumbnail","7":"category-actualites","8":"tag-actualites","9":"tag-fr","10":"tag-france","11":"tag-news","12":"tag-republique-francaise"},"share_on_mastodon":{"url":"https:\/\/pubeurope.com\/@fr\/115201825302130249","error":""},"_links":{"self":[{"href":"https:\/\/www.europesays.com\/fr\/wp-json\/wp\/v2\/posts\/389866","targetHints":{"allow":["GET"]}}],"collection":[{"href":"https:\/\/www.europesays.com\/fr\/wp-json\/wp\/v2\/posts"}],"about":[{"href":"https:\/\/www.europesays.com\/fr\/wp-json\/wp\/v2\/types\/post"}],"author":[{"embeddable":true,"href":"https:\/\/www.europesays.com\/fr\/wp-json\/wp\/v2\/users\/2"}],"replies":[{"embeddable":true,"href":"https:\/\/www.europesays.com\/fr\/wp-json\/wp\/v2\/comments?post=389866"}],"version-history":[{"count":0,"href":"https:\/\/www.europesays.com\/fr\/wp-json\/wp\/v2\/posts\/389866\/revisions"}],"wp:featuredmedia":[{"embeddable":true,"href":"https:\/\/www.europesays.com\/fr\/wp-json\/wp\/v2\/media\/389867"}],"wp:attachment":[{"href":"https:\/\/www.europesays.com\/fr\/wp-json\/wp\/v2\/media?parent=389866"}],"wp:term":[{"taxonomy":"category","embeddable":true,"href":"https:\/\/www.europesays.com\/fr\/wp-json\/wp\/v2\/categories?post=389866"},{"taxonomy":"post_tag","embeddable":true,"href":"https:\/\/www.europesays.com\/fr\/wp-json\/wp\/v2\/tags?post=389866"}],"curies":[{"name":"wp","href":"https:\/\/api.w.org\/{rel}","templated":true}]}}