{"id":389868,"date":"2025-09-14T08:58:15","date_gmt":"2025-09-14T08:58:15","guid":{"rendered":"https:\/\/www.europesays.com\/fr\/389868\/"},"modified":"2025-09-14T08:58:15","modified_gmt":"2025-09-14T08:58:15","slug":"cette-solution-ne-resout-rien-deplore-le-docteur-jerome-marty-sur-rtl","status":"publish","type":"post","link":"https:\/\/www.europesays.com\/fr\/389868\/","title":{"rendered":"\u00ab\u00a0Cette solution ne r\u00e9sout rien\u00a0\u00bb, d\u00e9plore le docteur J\u00e9r\u00f4me Marty sur RTL"},"content":{"rendered":"<p class=\"article-p mdl\">Pour sa premi\u00e8re sortie sur le terrain et sa premi\u00e8re annonce, <strong>S\u00e9bastien Lecornu a choisi le th\u00e8me de la sant\u00e9<\/strong>. En d\u00e9placement \u00e0 M\u00e2con (Sa\u00f4ne-et-Loire) le 13 septembre, le nouveau locataire de Matignon a promis une solution au probl\u00e8me des d\u00e9serts m\u00e9dicaux.\u00a0<\/p>\n<p class=\"article-p mdl\">\u00ab\u00a0Un r\u00e9seau <strong>France Sant\u00e9<\/strong> et dans lequel on se dit une chose simple, c&rsquo;est que d&rsquo;ici \u00e0 2027, on doit avoir une offre de soins de proximit\u00e9 par bassin de vie \u00e0 minima et donc globalement quelque chose autour de 30 minutes de chez vous\u00a0\u00bb, a-t-il pr\u00e9sent\u00e9. Concr\u00e8tement,\u00a0<a class=\"link\" href=\"https:\/\/www.rtl.fr\/actu\/politique\/pourquoi-sebastien-lecornu-a-t-il-choisi-la-sante-pour-son-premier-deplacement-depuis-son-arrivee-a-matignon-7900540973\" title=\"&quot;France sant\u00e9&quot; : S\u00e9bastien Lecornu promet de b\u00e2tir un r\u00e9seau pour proposer \u00e0 chacun une offre de soins \u00e0 moins de 30 minutes\" target=\"_blank\" rel=\"noopener\">5.000 maisons France Sant\u00e9 seront con\u00e7ues dans les deux ans<\/a>.\u00a0<\/p>\n<p class=\"article-p mdl\">Invit\u00e9 au micro de St\u00e9phane Carpentier, ce 13 septembre sur RTL, le docteur J\u00e9r\u00f4me Marty, pr\u00e9sident du syndicat UFML (Union Fran\u00e7aise pour une M\u00e9decine Libre), souligne que \u00ab\u00a0le Premier ministre semble avoir compris que<strong> la probl\u00e9matique des difficult\u00e9s d&rsquo;acc\u00e8s aux soins est le premier probl\u00e8me des Fran\u00e7ais<\/strong>\u00ab\u00a0.\u00a0<\/p>\n<p class=\"article-p mdl\">\u00ab\u00a0Mais par contre, nuance-t-il, le fait d&rsquo;annoncer une martingale, c&rsquo;est un petit peu <strong>de la pens\u00e9e magique<\/strong>. Si la probl\u00e9matique \u00e9tait aussi simple, \u00e7a se saurait. S&rsquo;il s&rsquo;agissait juste de faire des maisons m\u00e9dicales pour r\u00e9soudre le probl\u00e8me d&rsquo;acc\u00e8s aux soins, \u00e7a se saurait. Malheureusement, c&rsquo;est beaucoup plus complexe que \u00e7a\u00a0\u00bb.<\/p>\n<p class=\"article-p mdl\">\u00ab\u00a0On rappelle, poursuit-il, qu&rsquo;en 2017, le pr\u00e9sident Macron avait annonc\u00e9 &lsquo;je doublerai le nombre de maisons m\u00e9dicales&rsquo;, ce qui a \u00e9t\u00e9 fait, elles sont pass\u00e9es de 1.000 \u00e0 2.000. Et pendant le temps o\u00f9 elles ont \u00e9t\u00e9 doubl\u00e9es,<strong> le nombre de Fran\u00e7ais sans m\u00e9decin traitant n&rsquo;a cess\u00e9 d&rsquo;augmenter. <\/strong>Donc, on voit bien que cette solution l\u00e0 ne r\u00e9sout rien\u00a0\u00bb.<\/p>\n<blockquote class=\"article-quote\">\n<p class=\"article-quote-text icon icon-quote-v2\">Dire qu&rsquo;on va installer partout des maisons que l&rsquo;on va financer alors que l&rsquo;\u00c9tat manque d&rsquo;argent, ce n&rsquo;est pas la solution.<\/p>\n<p>Le docteur J\u00e9r\u00f4me Marty, pr\u00e9sident du syndicat UFML pour une m\u00e9decine libre<\/p>\n<\/blockquote>\n<p class=\"article-p mdl\">Pour J\u00e9r\u00f4me Marty, le probl\u00e8me est avant tout le manque de m\u00e9decins. \u00ab\u00a0Les m\u00e9decins mettent du temps \u00e0 s&rsquo;installer, on le sait tous, mais le probl\u00e8me est plus complexe. <strong>Un m\u00e9decin, il ne s&rsquo;installe pas seul,<\/strong> il s&rsquo;installe en couple et souvent, le conjoint ou la conjointe a un m\u00e9tier encore plus technique que le m\u00e9tier de m\u00e9decin. Donc, il faut trouver un travail aux deux. Vous ne pouvez pas installer un couple si, par exemple, le conjoint est ing\u00e9nieur dans le nucl\u00e9aire ou pilote chez Airbus. Ce n&rsquo;est pas possible\u00a0\u00bb.<\/p>\n<p class=\"article-p mdl\">J\u00e9r\u00f4me Marty appelle \u00e0 la construction d&rsquo;un \u00ab\u00a0fin canevas qui fait que<strong> la solution \u00e0 ce territoire n&rsquo;est pas la solution \u00e0 cet autre territoire,<\/strong> qui n&rsquo;est pas elle-m\u00eame la solution au territoire suivant : \u00e0 chaque fois, c&rsquo;est une solution diff\u00e9rente et il faut trouver\u00a0\u00bb.\u00a0<\/p>\n<p class=\"article-p mdl\">\u00ab\u00a0Donc dire qu&rsquo;on va installer partout des maisons que l&rsquo;on va financer alors que l&rsquo;\u00c9tat manque d&rsquo;argent, <strong>ce n&rsquo;est pas la solution,<\/strong> assure-t-il. Nous, on croule sous les charges, on croule sous les normes, on croule sous la pression administrative&#8230; Qu&rsquo;ils nous foutent la paix et qu&rsquo;ils nous donnent les moyens d&rsquo;exercer !\u00a0\u00bb<\/p>\n<p>    L&rsquo;\u00e9quipe de l&rsquo;\u00e9mission vous recommande<\/p>\n<p class=\"s-newsletter__title\">\n                L\u2019actualit\u00e9 par la r\u00e9daction de RTL dans votre bo\u00eete mail.\n            <\/p>\n<p class=\"s-newsletter__subtitle\">\n                Gr\u00e2ce \u00e0 votre compte RTL abonnez-vous \u00e0 la newsletter RTL info pour suivre toute l&rsquo;actualit\u00e9 au quotidien\n            <\/p>\n<p>\n                                    Lire la suite\n                                <\/p>\n","protected":false},"excerpt":{"rendered":"Pour sa premi\u00e8re sortie sur le terrain et sa premi\u00e8re annonce, S\u00e9bastien Lecornu a choisi le th\u00e8me de&hellip;\n","protected":false},"author":2,"featured_media":389869,"comment_status":"","ping_status":"","sticky":false,"template":"","format":"standard","meta":{"footnotes":""},"categories":[4],"tags":[11,107,1011,27,224,2673,12,362,25,71,11067],"class_list":{"0":"post-389868","1":"post","2":"type-post","3":"status-publish","4":"format-standard","5":"has-post-thumbnail","7":"category-france","8":"tag-actualites","9":"tag-fil-info","10":"tag-fr","11":"tag-france","12":"tag-medecine","13":"tag-medecins","14":"tag-news","15":"tag-replay","16":"tag-republique-francaise","17":"tag-sante","18":"tag-sebastien-lecornu"},"share_on_mastodon":{"url":"https:\/\/pubeurope.com\/@fr\/115201829061525764","error":""},"_links":{"self":[{"href":"https:\/\/www.europesays.com\/fr\/wp-json\/wp\/v2\/posts\/389868","targetHints":{"allow":["GET"]}}],"collection":[{"href":"https:\/\/www.europesays.com\/fr\/wp-json\/wp\/v2\/posts"}],"about":[{"href":"https:\/\/www.europesays.com\/fr\/wp-json\/wp\/v2\/types\/post"}],"author":[{"embeddable":true,"href":"https:\/\/www.europesays.com\/fr\/wp-json\/wp\/v2\/users\/2"}],"replies":[{"embeddable":true,"href":"https:\/\/www.europesays.com\/fr\/wp-json\/wp\/v2\/comments?post=389868"}],"version-history":[{"count":0,"href":"https:\/\/www.europesays.com\/fr\/wp-json\/wp\/v2\/posts\/389868\/revisions"}],"wp:featuredmedia":[{"embeddable":true,"href":"https:\/\/www.europesays.com\/fr\/wp-json\/wp\/v2\/media\/389869"}],"wp:attachment":[{"href":"https:\/\/www.europesays.com\/fr\/wp-json\/wp\/v2\/media?parent=389868"}],"wp:term":[{"taxonomy":"category","embeddable":true,"href":"https:\/\/www.europesays.com\/fr\/wp-json\/wp\/v2\/categories?post=389868"},{"taxonomy":"post_tag","embeddable":true,"href":"https:\/\/www.europesays.com\/fr\/wp-json\/wp\/v2\/tags?post=389868"}],"curies":[{"name":"wp","href":"https:\/\/api.w.org\/{rel}","templated":true}]}}