{"id":389878,"date":"2025-09-14T09:04:16","date_gmt":"2025-09-14T09:04:16","guid":{"rendered":"https:\/\/www.europesays.com\/fr\/389878\/"},"modified":"2025-09-14T09:04:16","modified_gmt":"2025-09-14T09:04:16","slug":"di-giannantonio-continue-sa-serie-de-medailles-en-avec-emotion","status":"publish","type":"post","link":"https:\/\/www.europesays.com\/fr\/389878\/","title":{"rendered":"Di Giannantonio continue sa s\u00e9rie de m\u00e9dailles en avec \u00e9motion"},"content":{"rendered":"<p>VR46 devient l&rsquo;\u00e9quipe sp\u00e9cialiste des sprints. Apr\u00e8s avoir plac\u00e9 ses deux pilotes parmi les trois premiers au Balaton Park, l&rsquo;\u00e9quipe poursuit sa s\u00e9rie gr\u00e2ce \u00e0 <a href=\"https:\/\/fr.motorsport.com\/driver\/fabio-di-giannantonio\/289538\/\" target=\"_blank\" rel=\"noopener\">Fabio Di Giannantonio<\/a>, troisi\u00e8me en Catalogne, la semaine derni\u00e8re, et encore ce samedi au Grand Prix de Saint-Marin.<\/p>\n<p>Seulement septi\u00e8me sur la grille, l&rsquo;Italien a doubl\u00e9 <a href=\"https:\/\/fr.motorsport.com\/driver\/franco-morbidelli\/109417\/\" target=\"_blank\" rel=\"noopener\">Franco Morbidelli<\/a> et <a href=\"https:\/\/fr.motorsport.com\/driver\/luca-marini\/201098\/\" target=\"_blank\" rel=\"noopener\">Luca Marini<\/a> au d\u00e9part, puis profit\u00e9 des chutes de <a href=\"https:\/\/fr.motorsport.com\/driver\/fabio-quartararo\/109400\/\" target=\"_blank\" rel=\"noopener\">Fabio Quartararo<\/a> puis <a href=\"https:\/\/fr.motorsport.com\/driver\/marc-marquez\/92646\/\" target=\"_blank\" rel=\"noopener\">Marc M\u00e1rquez<\/a> devant lui. Il a sans r\u00e9elle difficult\u00e9 contenu son co\u00e9quipier, Franco Morbidelli, pour prendre une m\u00e9daille \u00e0 domicile.<\/p>\n<p>\u00ab\u00a0C&rsquo;est incroyable d&rsquo;\u00eatre sur le podium, surtout apr\u00e8s des qualifications difficiles\u00a0\u00bb, a d\u00e9clar\u00e9 Di Giannantonio au site officiel du MotoGP. \u00ab\u00a0On a progress\u00e9 depuis [vendredi] mais il a manqu\u00e9 un dixi\u00e8me pour \u00eatre sur les deux premi\u00e8res lignes. J&rsquo;esp\u00e9rais juste faire un bon travail, rouler \u00e0 un bon rythme, le mien, mais j&rsquo;ai pris un excellent d\u00e9part et j&rsquo;ai pu me battre avec eux.\u00a0\u00bb<\/p>\n<p>\u00ab\u00a0Je dois dire que Franky faisait un bon travail parce qu&rsquo;il \u00e9tait tr\u00e8s proche de moi, il ne m&rsquo;a jamais laiss\u00e9 le moindre espace. C&rsquo;\u00e9tait une course dure en fait, mais on a r\u00e9ussi un bon podium. Je suis super content pour l&rsquo;\u00e9quipe. C&rsquo;est mon premier podium en MotoGP ici, avec mon casque sp\u00e9cial. Je suis content.\u00a0\u00bb<\/p>\n<p>   <img decoding=\"async\" draggable=\"false\" src=\"https:\/\/www.europesays.com\/fr\/wp-content\/uploads\/2025\/09\/1757840654_83_fabio-di-giannantonio-vr46-rac.jpg\" alt=\"Fabio Di Giannantonio, VR46 Racing Team\" width=\"1200\" height=\"800\" loading=\"lazy\"\/> <\/p>\n<p class=\"title\">Fabio Di Giannantonio et Franco Morbidelli.<\/p>\n<p class=\"photographer\">Photo de: Gold and Goose Photography \/ LAT Images \/ via Getty Images<\/p>\n<p>Franco Morbidelli avait r\u00e9ussi de meilleures qualifications, en prenant la cinqui\u00e8me place. Apr\u00e8s avoir \u00e9t\u00e9 doubl\u00e9 par son co\u00e9quipier au d\u00e9part, il a pass\u00e9 l&rsquo;int\u00e9gralit\u00e9 du sprint juste derri\u00e8re lui. \u00ab\u00a0C&rsquo;\u00e9tait un bon sprint\u00a0\u00bb, a comment\u00e9 Morbidelli. \u00ab\u00a0Je n&rsquo;ai pas pris un bon d\u00e9part mais ensuite, j&rsquo;ai acc\u00e9l\u00e9r\u00e9 mon rythme et je suis rest\u00e9 toute la course derri\u00e8re Fabio.\u00a0\u00bb<\/p>\n<p>\u00ab\u00a0\u00c0 la fin, j&rsquo;ai essay\u00e9 d&rsquo;attaquer un peu plus pour voir s&rsquo;il y avait une chance de faire un d\u00e9passement propre, mais je n&rsquo;\u00e9tais pas assez proche au moment de sa seule erreur, au virage 1. J&rsquo;ai fini quatri\u00e8me. La troisi\u00e8me et la quatri\u00e8me place, c&rsquo;est un excellent r\u00e9sultat pour l&rsquo;\u00e9quipe et une belle journ\u00e9e dans son ensemble, assez solide et bonne.\u00a0\u00bb<\/p>\n<p>Une \u00e9motion particuli\u00e8re pour Di Giannantonio<\/p>\n<p>Comme l&rsquo;ensemble des Italiens, les pilotes VR46 ont des d\u00e9corations sp\u00e9ciales sur leurs casques depuis samedi. Celui de Di Giannantonio est int\u00e9gralement rouge avec un dinosaure&#8230; une r\u00e9f\u00e9rence \u00e0 sa toute premi\u00e8re moto, une pocket bike qui lui a \u00e9t\u00e9 offerte pour ses six ans.<\/p>\n<p>\u00ab\u00a0Quand je parle du design du casque, j&rsquo;ai toujours la chair de poule. C&rsquo;est vraiment ce que je ressens. Ce n&rsquo;est pas le plus beau casque au monde, mais c&rsquo;est le plus beau quand on conna\u00eet l&rsquo;histoire, en tout cas pour moi.\u00a0\u00bb<\/p>\n<p>   <img decoding=\"async\" draggable=\"false\" src=\"https:\/\/www.europesays.com\/fr\/wp-content\/uploads\/2025\/09\/1757840656_335_fabio-di-giannantonio-vr46-rac.jpg\" alt=\"Fabio Di Giannantonio, VR46 Racing Team\" width=\"1200\" height=\"800\" loading=\"lazy\"\/> <\/p>\n<p class=\"title\">Fabio Di Giannantonio avec son casque sp\u00e9cial \u00e0 Misano.<\/p>\n<p class=\"photographer\">Photo de: Roberto Tommasini \/ NurPhoto via Getty Images<\/p>\n<p>\u00ab\u00a0Ce jour-l\u00e0, ce 10 octobre, le jour de mes six ans, j&rsquo;ai re\u00e7u le plus beau cadeau de ma vie, cette pocket bike, et elle \u00e9tait totalement rouge avec des dinosaures. Ce n&rsquo;est pas un super design artistique, juste le petit Diggia sur une MotoGP, la moto de ses r\u00eaves.\u00a0\u00bb<\/p>\n<p>Di Giannantonio peut en plus b\u00e9n\u00e9ficier du soutien de sa famille ce week-end\u00a0: \u00ab\u00a0C&rsquo;est magnifique. Croyez-moi, c&rsquo;est l&rsquo;un des plus beaux moments de ma carri\u00e8re. C&rsquo;est juste une troisi\u00e8me place et un podium en sprint, mais personnellement, c&rsquo;est tr\u00e8s particulier.\u00a0\u00bb<\/p>\n<p>Lire aussi :<\/p>\n<p>Dans cet article<\/p>\n<p>Soyez le premier inform\u00e9 et souscrivez aux alertes mails pour recevoir les infos en temps r\u00e9el<\/p>\n<p>    S&rsquo;abonner aux alertes de news<\/p>\n","protected":false},"excerpt":{"rendered":"VR46 devient l&rsquo;\u00e9quipe sp\u00e9cialiste des sprints. Apr\u00e8s avoir plac\u00e9 ses deux pilotes parmi les trois premiers au Balaton&hellip;\n","protected":false},"author":2,"featured_media":389879,"comment_status":"","ping_status":"","sticky":false,"template":"","format":"standard","meta":{"footnotes":""},"categories":[1413],"tags":[52220,1011,27,48392,48393,1457,1456,1458,60],"class_list":{"0":"post-389878","1":"post","2":"type-post","3":"status-publish","4":"format-standard","5":"has-post-thumbnail","7":"category-moto","8":"tag-di-giannantonio-continue-sa-su00e9rie-de-mu00e9dailles-en-avec-u00e9motion","9":"tag-fr","10":"tag-france","11":"tag-gp-de-saint-marin","12":"tag-misano-world-circuit-marco-simoncelli","13":"tag-moto","14":"tag-motocycle","15":"tag-motogp","16":"tag-sports"},"share_on_mastodon":{"url":"https:\/\/pubeurope.com\/@fr\/115201852732158895","error":""},"_links":{"self":[{"href":"https:\/\/www.europesays.com\/fr\/wp-json\/wp\/v2\/posts\/389878","targetHints":{"allow":["GET"]}}],"collection":[{"href":"https:\/\/www.europesays.com\/fr\/wp-json\/wp\/v2\/posts"}],"about":[{"href":"https:\/\/www.europesays.com\/fr\/wp-json\/wp\/v2\/types\/post"}],"author":[{"embeddable":true,"href":"https:\/\/www.europesays.com\/fr\/wp-json\/wp\/v2\/users\/2"}],"replies":[{"embeddable":true,"href":"https:\/\/www.europesays.com\/fr\/wp-json\/wp\/v2\/comments?post=389878"}],"version-history":[{"count":0,"href":"https:\/\/www.europesays.com\/fr\/wp-json\/wp\/v2\/posts\/389878\/revisions"}],"wp:featuredmedia":[{"embeddable":true,"href":"https:\/\/www.europesays.com\/fr\/wp-json\/wp\/v2\/media\/389879"}],"wp:attachment":[{"href":"https:\/\/www.europesays.com\/fr\/wp-json\/wp\/v2\/media?parent=389878"}],"wp:term":[{"taxonomy":"category","embeddable":true,"href":"https:\/\/www.europesays.com\/fr\/wp-json\/wp\/v2\/categories?post=389878"},{"taxonomy":"post_tag","embeddable":true,"href":"https:\/\/www.europesays.com\/fr\/wp-json\/wp\/v2\/tags?post=389878"}],"curies":[{"name":"wp","href":"https:\/\/api.w.org\/{rel}","templated":true}]}}