{"id":389887,"date":"2025-09-14T09:09:10","date_gmt":"2025-09-14T09:09:10","guid":{"rendered":"https:\/\/www.europesays.com\/fr\/389887\/"},"modified":"2025-09-14T09:09:10","modified_gmt":"2025-09-14T09:09:10","slug":"les-artistes-ne-se-font-pas-prier-pour-revenir","status":"publish","type":"post","link":"https:\/\/www.europesays.com\/fr\/389887\/","title":{"rendered":"les artistes ne se font pas prier pour revenir"},"content":{"rendered":"<p>La promenade artistique de Molineuf a semble-t-il trouv\u00e9 la bonne formule. Au fil des \u00e9ditions, le public a su r\u00e9pondre pr\u00e9sent et les artistes se plaisent \u00e0 revenir exposer ou cr\u00e9er lors de deux week-ends de septembre.<\/p>\n<p>Il y a quelques ann\u00e9es, l\u2019artiste canadien Jacques Lanteigne avait pr\u00e9sent\u00e9 des pi\u00e8ces en milieu naturel. Cette fois-ci, avec le cachet qu\u2019on lui a propos\u00e9 il a pu prendre ses billets d\u2019avion pour rejoindre la vall\u00e9e de la Cisse. Avec \u00e0 la cl\u00e9 un challenge int\u00e9ressant \u00e0 relever pour lui\u00a0: celui de r\u00e9aliser une salamandre g\u00e9ante aux<a title=\"lien vers site NR\" target=\"_self\" href=\"https:\/\/www.lanouvellerepublique.fr\/loir-et-cher\/commune\/valencisse\/loir-et-cher-flanerie-et-pedagogie-au-marais-des-rinceaux\" rel=\"noopener\"> Rinceaux<\/a>. Isol\u00e9 dans cette zone humide, le sculpteur devrait donner la touche finale \u00e0 son \u0153uvre samedi 20\u00a0septembre 2025. Il a d\u00e9j\u00e0 enfonc\u00e9 des dizaines de pieux en acacias. \u00ab\u00a0Je vais ensuite remplir le corps de bois mort, explique-t-il. Le tout sera ensuite recouvert d\u2019une toile de jute sur laquelle je d\u00e9poserai une bouillie de mousse. Le but est que mon travail se fonde dans le paysage. Ce qui se passe aux Rinceaux avec cette conscience \u00e9cologique a du sens pour moi&#8230;. <\/p>\n<p>    Cet article a \u00e9t\u00e9 tronqu\u00e9. Abonnez-vous pour lire l&rsquo;article complet sur notre site.<\/p>\n<p>\u00a0\u00bb<\/p>\n<p style=\"margin: 0 !important; padding: 0 !important; font-size: 12px !important;\">Cet article a \u00e9t\u00e9 tronqu\u00e9. Abonnez-vous pour lire l&rsquo;article complet.<\/p>\n<p>    <a href=\"https:\/\/www.lanouvellerepublique.fr\/abonnements\" style=\"display: inline-block; margin-top: 5px !important; padding: 6px 12px !important; background: #cb1c27; color: white; text-decoration: none; border-radius: 4px; font-size: 12px !important;\" target=\"_blank\" rel=\"noopener\"><br \/>\n      S&rsquo;abonner<br \/>\n    <\/a><\/p>\n","protected":false},"excerpt":{"rendered":"La promenade artistique de Molineuf a semble-t-il trouv\u00e9 la bonne formule. Au fil des \u00e9ditions, le public a&hellip;\n","protected":false},"author":2,"featured_media":389888,"comment_status":"","ping_status":"","sticky":false,"template":"","format":"standard","meta":{"footnotes":""},"categories":[1358],"tags":[1392,1348,1384,1385,1386,58,59,1349,1011,27,4368,1393,52222,52221],"class_list":{"0":"post-389887","1":"post","2":"type-post","3":"status-publish","4":"format-standard","5":"has-post-thumbnail","7":"category-arts-et-design","8":"tag-a-la-une-local","9":"tag-arts","10":"tag-arts-and-design","11":"tag-arts-et-design","12":"tag-design","13":"tag-divertissement","14":"tag-entertainment","15":"tag-expositions","16":"tag-fr","17":"tag-france","18":"tag-loir-et-cher","19":"tag-loisirs","20":"tag-parcs-et-jardins","21":"tag-valencisse"},"share_on_mastodon":{"url":"https:\/\/pubeurope.com\/@fr\/115201872009198975","error":""},"_links":{"self":[{"href":"https:\/\/www.europesays.com\/fr\/wp-json\/wp\/v2\/posts\/389887","targetHints":{"allow":["GET"]}}],"collection":[{"href":"https:\/\/www.europesays.com\/fr\/wp-json\/wp\/v2\/posts"}],"about":[{"href":"https:\/\/www.europesays.com\/fr\/wp-json\/wp\/v2\/types\/post"}],"author":[{"embeddable":true,"href":"https:\/\/www.europesays.com\/fr\/wp-json\/wp\/v2\/users\/2"}],"replies":[{"embeddable":true,"href":"https:\/\/www.europesays.com\/fr\/wp-json\/wp\/v2\/comments?post=389887"}],"version-history":[{"count":0,"href":"https:\/\/www.europesays.com\/fr\/wp-json\/wp\/v2\/posts\/389887\/revisions"}],"wp:featuredmedia":[{"embeddable":true,"href":"https:\/\/www.europesays.com\/fr\/wp-json\/wp\/v2\/media\/389888"}],"wp:attachment":[{"href":"https:\/\/www.europesays.com\/fr\/wp-json\/wp\/v2\/media?parent=389887"}],"wp:term":[{"taxonomy":"category","embeddable":true,"href":"https:\/\/www.europesays.com\/fr\/wp-json\/wp\/v2\/categories?post=389887"},{"taxonomy":"post_tag","embeddable":true,"href":"https:\/\/www.europesays.com\/fr\/wp-json\/wp\/v2\/tags?post=389887"}],"curies":[{"name":"wp","href":"https:\/\/api.w.org\/{rel}","templated":true}]}}