{"id":389897,"date":"2025-09-14T09:14:18","date_gmt":"2025-09-14T09:14:18","guid":{"rendered":"https:\/\/www.europesays.com\/fr\/389897\/"},"modified":"2025-09-14T09:14:18","modified_gmt":"2025-09-14T09:14:18","slug":"a-antibes-le-record-de-france-de-chikungunya","status":"publish","type":"post","link":"https:\/\/www.europesays.com\/fr\/389897\/","title":{"rendered":"\u00c0 Antibes, le record de France de chikungunya"},"content":{"rendered":"<p class=\"paragraph text_align_left lp-f-body-02\">Le moustique-tigre ne fait pas dans la demi-mesure \u00e0 Antibes ! Depuis le mois de juillet, l\u2019insecte champion par excellence pour transporter <a href=\"https:\/\/www.leparisien.fr\/societe\/sante\/chikungunya-12-foyers-de-transmission-identifies-en-metropole-30-recenses-cas-au-total-16-07-2025-X77JNLTY35EVPC6KPIT3N2MJK4.php\" target=\"_blank\" rel=\"noreferrer noopener\">le virus du chikungunya<\/a> apr\u00e8s avoir piqu\u00e9 quelqu\u2019un d\u00e9j\u00e0 infect\u00e9, est \u00e0 l\u2019origine d\u2019une \u00e9pid\u00e9mie sans pr\u00e9c\u00e9dent.<\/p>\n<p class=\"paragraph text_align_left lp-f-body-02\">Officiellement, 71 cas autochtones sont recens\u00e9s par l\u2019Agence R\u00e9gionale de Sant\u00e9 Paca (ARS) au 8 septembre (sur un total de 79 dans toutes les Alpes-Maritimes). Selon Sant\u00e9 publique France, c\u2019est \u00ab l\u2019\u00e9pisode le plus important en nombre jamais enregistr\u00e9 dans l\u2019hexagone \u00bb.<\/p>\n<p class=\"paragraph text_align_left lp-f-body-02\">Et cela devrait continuer un peu. Les contaminations, observ\u00e9es dans le nord de la commune, pr\u00e8s de l\u2019autoroute, o\u00f9 se situent des immeubles et des villas, ne diminuent pas pour l\u2019instant. Elles sont m\u00eame en forte augmentation par rapport au dernier bilan (+ 33) indique \u00e9galement l\u2019agence sanitaire.<\/p>\n<p>Des op\u00e9rations de d\u00e9moustication<\/p>\n<p class=\"paragraph text_align_left lp-f-body-02\">Du porte-\u00e0-porte est effectu\u00e9 pour sensibiliser les habitants aux bons gestes mais aussi les inviter \u00e0 se faire d\u00e9pister en cas de sympt\u00f4mes. Des op\u00e9rations de <a href=\"https:\/\/www.leparisien.fr\/paris-75\/a-paris-une-operation-anti-moustique-tigre-menee-dans-le-xie-la-nuit-prochaine-ce-quil-faut-savoir-10-09-2025-J5YZFFYI7RBUBAA43CRLWJXJCQ.php\" target=\"_blank\" rel=\"noreferrer noopener\">d\u00e9moustication<\/a> se multiplient dont deux r\u00e9alis\u00e9es ce mercredi dans des copropri\u00e9t\u00e9s et des jardins individuels.<\/p>\n<p class=\"paragraph text_align_left lp-f-body-02\">\u00ab Ces traitements permettent de ralentir. On est un peu comme les pompiers sur les d\u00e9parts de feu. La difficult\u00e9 c\u2019est qu\u2019il suffit que quelqu\u2019un se fasse piquer dans la zone infest\u00e9e puis reparte ailleurs et la contamination peut \u00e9clater dans un nouveau quartier \u00bb, pr\u00e9cise Gr\u00e9gory L\u2019Ambert, responsable du p\u00f4le <a href=\"https:\/\/www.leparisien.fr\/societe\/sante\/moustique-tigre\/\" target=\"_blank\" rel=\"noreferrer noopener\">moustique-tigre<\/a> et sant\u00e9 publique de l\u2019Entente interd\u00e9partementale pour la d\u00e9moustication du littoral m\u00e9diterran\u00e9en (EID).<\/p>\n<p class=\"paragraph text_align_left lp-f-body-02\">La maladie virale pouvant ressembler \u00e0 une forte grippe, parfois tr\u00e8s invalidante, n\u2019a, \u00e0 cette heure, provoqu\u00e9 aucun cas grave. \u00ab Le cas primaire import\u00e9 \u00e0 l\u2019origine de la transmission est une personne de retour de Madagascar \u00bb, indique Sant\u00e9 publique France. Dans la r\u00e9gion Sud, d\u2019autres communes, comme Fr\u00e9jus (51 cas) et Vitrolles (46), sont \u00e9galement fortement concern\u00e9es par le chikungunya dont la propagation est li\u00e9e \u00e0 <a href=\"https:\/\/www.leparisien.fr\/la-reunion-974\/la-reunion-cinq-nouveaux-morts-imputes-au-chikungunya-04-06-2025-LH6SAKJ7WZF3XFYGV3V542YL44.php\" target=\"_blank\" rel=\"noreferrer noopener\">l\u2019\u00e9pid\u00e9mie de grande ampleur qui a s\u00e9vi \u00e0 la R\u00e9union<\/a>.<\/p>\n","protected":false},"excerpt":{"rendered":"Le moustique-tigre ne fait pas dans la demi-mesure \u00e0 Antibes ! Depuis le mois de juillet, l\u2019insecte champion&hellip;\n","protected":false},"author":2,"featured_media":316443,"comment_status":"","ping_status":"","sticky":false,"template":"","format":"standard","meta":{"footnotes":""},"categories":[10],"tags":[6657,459,1011,27,72,71,104],"class_list":{"0":"post-389897","1":"post","2":"type-post","3":"status-publish","4":"format-standard","5":"has-post-thumbnail","7":"category-sante","8":"tag-alpes-maritimes-06","9":"tag-departements-horsidfo","10":"tag-fr","11":"tag-france","12":"tag-health","13":"tag-sante","14":"tag-societe"},"share_on_mastodon":{"url":"https:\/\/pubeurope.com\/@fr\/115201891678235225","error":""},"_links":{"self":[{"href":"https:\/\/www.europesays.com\/fr\/wp-json\/wp\/v2\/posts\/389897","targetHints":{"allow":["GET"]}}],"collection":[{"href":"https:\/\/www.europesays.com\/fr\/wp-json\/wp\/v2\/posts"}],"about":[{"href":"https:\/\/www.europesays.com\/fr\/wp-json\/wp\/v2\/types\/post"}],"author":[{"embeddable":true,"href":"https:\/\/www.europesays.com\/fr\/wp-json\/wp\/v2\/users\/2"}],"replies":[{"embeddable":true,"href":"https:\/\/www.europesays.com\/fr\/wp-json\/wp\/v2\/comments?post=389897"}],"version-history":[{"count":0,"href":"https:\/\/www.europesays.com\/fr\/wp-json\/wp\/v2\/posts\/389897\/revisions"}],"wp:featuredmedia":[{"embeddable":true,"href":"https:\/\/www.europesays.com\/fr\/wp-json\/wp\/v2\/media\/316443"}],"wp:attachment":[{"href":"https:\/\/www.europesays.com\/fr\/wp-json\/wp\/v2\/media?parent=389897"}],"wp:term":[{"taxonomy":"category","embeddable":true,"href":"https:\/\/www.europesays.com\/fr\/wp-json\/wp\/v2\/categories?post=389897"},{"taxonomy":"post_tag","embeddable":true,"href":"https:\/\/www.europesays.com\/fr\/wp-json\/wp\/v2\/tags?post=389897"}],"curies":[{"name":"wp","href":"https:\/\/api.w.org\/{rel}","templated":true}]}}