{"id":389901,"date":"2025-09-14T09:17:07","date_gmt":"2025-09-14T09:17:07","guid":{"rendered":"https:\/\/www.europesays.com\/fr\/389901\/"},"modified":"2025-09-14T09:17:07","modified_gmt":"2025-09-14T09:17:07","slug":"ces-radars-voient-tout-dans-votre-voiture-telephone-ceinture-distance-ces-cameras-ia-distribuent-10-000-amendes-par-jour-le-journal-economique","status":"publish","type":"post","link":"https:\/\/www.europesays.com\/fr\/389901\/","title":{"rendered":"\u00ab Ces radars voient tout dans votre voiture \u00bb : t\u00e9l\u00e9phone, ceinture, distance, ces cam\u00e9ras IA distribuent 10 000 amendes par jour &#8211; Le Journal \u00c9conomique"},"content":{"rendered":"<ol>\n<li><a href=\"https:\/\/news.google.com\/rss\/articles\/CBMi_AFBVV95cUxOUWoyZDI2NENhNnB1dnNWQzNLTVZFWHRjWlF3TUNPaEhlamJZUUhlWG9kTDlXa3RZQ2pTTGhmbnJrOXdFWDVDSjMyU18tbkl5dTA1cVVlQVZnbkkzV1EyNlU1YmxoVFpiT3dKaEd0N3dIalVhb2JXSmMyeGVoQ0R1b3Ztd0M4bXlSMXpvNENrNGhVcnpoZXJ4VHRLcEsta3JkYUZCMklid2c0azF3Y3NELTNRYVF3M0ZsMGpSWm15RDlIS2ZvSmZtVnpzVDcySExQYXJoLXgzM2xIdFhTck1MeGdzUXBKRnpsNl9SUWk0clNhUW9aTkNkS0VWczM?oc=5\" target=\"_blank\" rel=\"nofollow noopener\">\u00ab Ces radars voient tout dans votre voiture \u00bb : t\u00e9l\u00e9phone, ceinture, distance, ces cam\u00e9ras IA distribuent 10 000 amendes par jour<\/a>&nbsp;&nbsp;Le Journal \u00c9conomique<\/li>\n<li><a href=\"https:\/\/news.google.com\/rss\/articles\/CBMimwJBVV95cUxOMVJmNHBvM0hSYkc5V2x4Yk9hSTFFSjlWX1JXTlNxYzNja3lCRkJ3T09NRWhleDdFdmRQQ05peGpvMWhtVllZcEtyZlJ0RUloOVl1Nms3Vk9WNmRRY3F0NEdwZjc5VVI0S3lkeTEyVG44SXJ5VkkwQUxoQjAtTXZoLU5mS21kM3VwQ2hiVVFxUGE2Rk9OV1k5a2QxZDhnb0RMRTU1TmhKdlhyYmpGUzZpWDJqM2h1eFE1amk5NWY4OExhaWMzd0NPRFphZXdUU1JvR3RXcnNFYWhaRnNCakxVSi1CYTJ4Y0RYT3dzR3RNazFKNTNGdkNST19SZlNhdjJxWlpoRHJ5ZnZaZE9MZkJBcE9KOURTM2dQTTJv?oc=5\" target=\"_blank\" rel=\"nofollow noopener\">Des radars intelligents pour traquer de nouvelles infractions : ce que pr\u00e9voit le programme \u00ab\u00a0radars\u00a0\u00bb de la S\u00e9curit\u00e9 routi\u00e8re dans les ann\u00e9es \u00e0 venir<\/a>&nbsp;&nbsp;TF1 Info<\/li>\n<li><a href=\"https:\/\/news.google.com\/rss\/articles\/CBMikAFBVV95cUxQMUs4NzNrTUd4YWxsUlB3dXlpTjBtMDhKeDlyZklKNUN1eXQySkVYNTRqRVdXQ0QtRTEzOFgtYi1qb1V0NWZVbE5UQS1hZ3F3b2NIS0h2MktQNG1WXzhiZHZkbUtZQmlkQkZkd0NuQ1k2YnExT2tsU1B4X3Y1ay0yenhPTVFrc1RBX19wNlloTTc?oc=5\" target=\"_blank\" rel=\"nofollow noopener\">Les automobilistes touch\u00e9s par une pluie d\u2019amendes d\u2019ici \u00e0 2030<\/a>&nbsp;&nbsp;Tuxboard<\/li>\n<li><a href=\"https:\/\/news.google.com\/rss\/articles\/CBMi7gFBVV95cUxOc3RkaXloT1E2cGlhOEw2di1hLUZqSTRjVm9wbndkLVVyalBtS3UtUW9wdEdHV3U1UXlMcmg4cVV4cHFMSFBySklCaUtGbnJ2ZUtjQVVOSzlQejFpSHRHS19CN2lMMUJQVUVkT1RRRGp5TkRNdE5nQTRvU3BjRnMwNTRJQUNPWkFaaHFQR0cwam9xUFpqT05LU2h0UmRPelp3VU1RWU9ESHhUTE5sZFFwSzZETFVWMHMyRU5lbEFJNXhXWmdINHJRa0tQbDJVX09rQXFqdVNoYWMyQkNERkJYdWpSOGFKd0xLcTdMV0ZR?oc=5\" target=\"_blank\" rel=\"nofollow noopener\">Non-port de la ceinture, t\u00e9l\u00e9phone au volant et distances de s\u00e9curit\u00e9 : les nouveaux radars ne laisseront rien passer<\/a>&nbsp;&nbsp;jeuxvideo.com<\/li>\n<li><a href=\"https:\/\/news.google.com\/rss\/articles\/CBMiwwFBVV95cUxPS1o5WkJVVURqYU5XbjJfa1dSRzkyVzZNbmJaM1pBQXhPT0hhMEhweGYtSTdTSjVlRlpqMExyQkN6dFdaSzFLbW9UUkhQNFlmOWw4ZWEzZ0xwN1ZFcVBmcnFGUDdLUmh5cGRHWjBXSEZaZTNzU0FQS1hwWTZ1VlBkVm1HdlN1Z1Y1ZU9ybk1qQTAzbjk1UlJFMFF2RFBXNU82eEpPRzlmamtVYXFBZVFKSTVESGVweTJoTVI2Qld5bldMYWs?oc=5\" target=\"_blank\" rel=\"nofollow noopener\">Radar 2025 : adieu les amendes, voici les nouvelles marges d\u2019erreur officielles \u00e0 connaitre<\/a>&nbsp;&nbsp;NextPlz<\/li>\n<\/ol>\n","protected":false},"excerpt":{"rendered":"\u00ab Ces radars voient tout dans votre voiture \u00bb : t\u00e9l\u00e9phone, ceinture, distance, ces cam\u00e9ras IA distribuent 10&hellip;\n","protected":false},"author":2,"featured_media":1445,"comment_status":"","ping_status":"","sticky":false,"template":"","format":"standard","meta":{"footnotes":""},"categories":[7],"tags":[1011,27,43,40,41,39,42,44],"class_list":{"0":"post-389901","1":"post","2":"type-post","3":"status-publish","4":"format-standard","5":"has-post-thumbnail","7":"category-sciences-et-technologies","8":"tag-fr","9":"tag-france","10":"tag-science","11":"tag-science-and-technology","12":"tag-sciences","13":"tag-sciences-et-technologies","14":"tag-technologies","15":"tag-technology"},"share_on_mastodon":{"url":"https:\/\/pubeurope.com\/@fr\/115201903468001092","error":""},"_links":{"self":[{"href":"https:\/\/www.europesays.com\/fr\/wp-json\/wp\/v2\/posts\/389901","targetHints":{"allow":["GET"]}}],"collection":[{"href":"https:\/\/www.europesays.com\/fr\/wp-json\/wp\/v2\/posts"}],"about":[{"href":"https:\/\/www.europesays.com\/fr\/wp-json\/wp\/v2\/types\/post"}],"author":[{"embeddable":true,"href":"https:\/\/www.europesays.com\/fr\/wp-json\/wp\/v2\/users\/2"}],"replies":[{"embeddable":true,"href":"https:\/\/www.europesays.com\/fr\/wp-json\/wp\/v2\/comments?post=389901"}],"version-history":[{"count":0,"href":"https:\/\/www.europesays.com\/fr\/wp-json\/wp\/v2\/posts\/389901\/revisions"}],"wp:featuredmedia":[{"embeddable":true,"href":"https:\/\/www.europesays.com\/fr\/wp-json\/wp\/v2\/media\/1445"}],"wp:attachment":[{"href":"https:\/\/www.europesays.com\/fr\/wp-json\/wp\/v2\/media?parent=389901"}],"wp:term":[{"taxonomy":"category","embeddable":true,"href":"https:\/\/www.europesays.com\/fr\/wp-json\/wp\/v2\/categories?post=389901"},{"taxonomy":"post_tag","embeddable":true,"href":"https:\/\/www.europesays.com\/fr\/wp-json\/wp\/v2\/tags?post=389901"}],"curies":[{"name":"wp","href":"https:\/\/api.w.org\/{rel}","templated":true}]}}