{"id":389904,"date":"2025-09-14T09:19:15","date_gmt":"2025-09-14T09:19:15","guid":{"rendered":"https:\/\/www.europesays.com\/fr\/389904\/"},"modified":"2025-09-14T09:19:15","modified_gmt":"2025-09-14T09:19:15","slug":"appelez-leur-employeur-des-dizaines-de-gens-limoges-pour-avoir-critique-linfluenceur","status":"publish","type":"post","link":"https:\/\/www.europesays.com\/fr\/389904\/","title":{"rendered":"\u00ab\u00a0Appelez leur employeur\u2026\u00a0\u00bb Des dizaines de gens limog\u00e9s pour avoir critiqu\u00e9 l\u2019influenceur"},"content":{"rendered":"<p>Devenu un \u00ab\u00a0martyr\u00a0\u00bb pour la droite radicale am\u00e9ricaine, <a href=\"https:\/\/www.20minutes.fr\/monde\/etats-unis\/4172386-20250910-charlie-kirk-influenceur-pro-trump-fait-tirer-dessus-lors-meeting\" class=\"c-link c-link--is-underlined\" rel=\"nofollow noopener\" target=\"_blank\">Charlie Kirk<\/a> ne fait pas l\u2019unanimit\u00e9 pour autant. Des critiques ont aussi \u00e9t\u00e9 \u00e9mises \u00e0 son encontre, non sans cons\u00e9quences\u00a0: des dizaines de personnes ont ainsi perdu leur emploi apr\u00e8s un simple message sur les r\u00e9seaux sociaux.<\/p>\n<p>C\u2019est le cas de Laura Sosh-Lightsy, employ\u00e9e d\u2019une universit\u00e9 publique du Tennessee, dans le sud des \u00c9<a href=\"https:\/\/www.20minutes.fr\/monde\/etats-unis\/\" class=\"c-link c-link--is-underlined\" rel=\"nofollow noopener\" target=\"_blank\">tats-Unis<\/a>. Mercredi, juste apr\u00e8s <a href=\"https:\/\/www.20minutes.fr\/monde\/etats-unis\/4172803-20250912-assassinat-charlie-kirk-radicalise-politiquement-messages-antifascistes-sait-tyler-robinson\" class=\"c-link c-link--is-underlined\" rel=\"nofollow noopener\" target=\"_blank\">l\u2019assassinat par balle<\/a> de l\u2019influenceur de 31 ans, fauch\u00e9 sur un campus universitaire, elle \u00e9crit sur <a href=\"https:\/\/www.20minutes.fr\/high-tech\/facebook\/\" class=\"c-link c-link--is-underlined\" rel=\"nofollow noopener\" target=\"_blank\">Facebook<\/a>\u00a0: \u00ab\u00a0La haine engendre la haine. ZERO sympathie.\u00a0\u00bb<\/p>\n<p>Dans la foul\u00e9e, une s\u00e9natrice r\u00e9publicaine, Marsha Blackburn, d\u00e9nonce la publication\u00a0: \u00ab\u00a0Cette personne devrait avoir honte [\u2026]. Elle doit \u00eatre vir\u00e9e de son poste\u00a0\u00bb. Effet imm\u00e9diat\u00a0: l\u2019universit\u00e9 annonce la limoger.<\/p>\n<\/p>\n<p>Le ministre de la D\u00e9fense sonne la charge<\/p>\n<p>Dans un pays ultra-polaris\u00e9, englu\u00e9 dans la violence politique, ils sont nombreux \u00e0 traquer en ligne les d\u00e9tracteurs de Charlie Kirk. Le porte-voix de la jeunesse trumpiste \u00e9tait autant adul\u00e9 que honni pour ses propos pro armes, anti-avortement, antimigrants ou sa rh\u00e9torique virulente sur les minorit\u00e9s ethniques.<\/p>\n<p>L\u2019influenceur conservateur Joey Mannarino a partag\u00e9 quelques conseils pour mener cette chasse aux sorci\u00e8res\u00a0: \u00ab\u00a0T\u00e9l\u00e9chargez leur photo de profil, comparez-la avec leur profil LinkedIn, trouvez leur lieu de travail, appelez leur employeur et laissez des avis <a href=\"https:\/\/www.20minutes.fr\/high-tech\/google\/\" class=\"c-link c-link--is-underlined\" rel=\"nofollow noopener\" target=\"_blank\">Google<\/a>.\u00a0\u00bb<\/p>\n<p>Depuis mercredi, des employ\u00e9s d\u2019\u00e9coles publiques, des pompiers ou encore des militaires ont fait les frais de ce climat de d\u00e9lation, \u00e9tant brutalement renvoy\u00e9s de leur travail.<\/p>\n<p>Le ministre de la D\u00e9fense, <a href=\"https:\/\/www.20minutes.fr\/politique\/pete-hegseth\/\" class=\"c-link c-link--is-underlined\" rel=\"nofollow noopener\" target=\"_blank\">Pete Hegseth<\/a>, a ordonn\u00e9 \u00e0 ses services d\u2019identifier tout membre de l\u2019arm\u00e9e qui se serait moqu\u00e9 ou r\u00e9joui de l\u2019assassinat du h\u00e9raut de l\u2019Am\u00e9rique chr\u00e9tienne et traditionaliste. Un paradoxe pour ce pouvoir r\u00e9publicain qui ne cesse d\u2019\u00e9riger la libert\u00e9 d\u2019expression en droit supr\u00eame.<\/p>\n<p>\u00ab\u00a0Raciste, homophobe et misogyne\u00a0\u00bb<\/p>\n<p>Un enseignant de l\u2019Oklahoma, dans le sud des \u00c9tats-Unis, a \u00e9crit que \u00ab\u00a0Charlie Kirk est mort de la m\u00eame fa\u00e7on qu\u2019il a v\u00e9cu\u00a0: en faisant ressortir le pire chez les gens\u00a0\u00bb. Depuis, l\u2019enseignant fait l\u2019objet d\u2019une enqu\u00eate men\u00e9e par le minist\u00e8re de l\u2019\u00c9ducation de l\u2019\u00c9tat qui a qualifi\u00e9 ses propos d&rsquo; \u00ab\u00a0odieux\u00a0\u00bb.<\/p>\n<p>La militante d\u2019extr\u00eame droite Laura Loomer, r\u00e9put\u00e9e pour avoir l\u2019oreille du <a href=\"https:\/\/www.20minutes.fr\/dossier\/donald_trump\" class=\"c-link c-link--is-underlined\" rel=\"nofollow noopener\" target=\"_blank\">pr\u00e9sident Donald Trump<\/a>, est devenue le fer de lance de cette offensive visant \u00e0 r\u00e9duire au silence les critiques de Charlie Kirk.<\/p>\n<p>Captures d\u2019\u00e9cran \u00e0 l\u2019appui, elle d\u00e9nonce par exemple sur ses r\u00e9seaux sociaux un fonctionnaire de l\u2019agence de r\u00e9ponse aux catastrophes naturelles (Fema), qui a d\u00e9clar\u00e9 sur Instagram \u00eatre \u00ab\u00a0en deuil pour ce raciste, homophobe et misogyne\u00a0\u00bb.<\/p>\n<p>Elle a partag\u00e9 le profil Linkedin du d\u00e9tracteur et celui-ci a \u00e9t\u00e9 plac\u00e9 en cong\u00e9 forc\u00e9 pour ses commentaires \u00ab\u00a0r\u00e9voltants et inadmissibles\u00a0\u00bb, a fait savoir l\u2019agence dans un communiqu\u00e9.<\/p>\n<p>Samedi, Turning Point, l\u2019organisation de jeunesse fond\u00e9e par Charlie Kirk, a annonc\u00e9 qu\u2019une grande c\u00e9r\u00e9monie d\u2019hommage national se tiendrait le 21\u00a0septembre \u00e0 Glendale, en Arizona. Le lieu choisi est un stade d\u2019une capacit\u00e9 d\u00e9passant 63.000 places.<\/p>\n","protected":false},"excerpt":{"rendered":"Devenu un \u00ab\u00a0martyr\u00a0\u00bb pour la droite radicale am\u00e9ricaine, Charlie Kirk ne fait pas l\u2019unanimit\u00e9 pour autant. Des critiques&hellip;\n","protected":false},"author":2,"featured_media":389905,"comment_status":"","ping_status":"","sticky":false,"template":"","format":"standard","meta":{"footnotes":""},"categories":[5],"tags":[47,11,6744,75,73,1011,27,2438,14,51817,74,12,28],"class_list":{"0":"post-389904","1":"post","2":"type-post","3":"status-publish","4":"format-standard","5":"has-post-thumbnail","7":"category-international","8":"tag-actualite","9":"tag-actualites","10":"tag-assassinat","11":"tag-donald-trump","12":"tag-etats-unis","13":"tag-fr","14":"tag-france","15":"tag-influenceur","16":"tag-international","17":"tag-maga","18":"tag-monde","19":"tag-news","20":"tag-world"},"share_on_mastodon":{"url":"https:\/\/pubeurope.com\/@fr\/115201911276861995","error":""},"_links":{"self":[{"href":"https:\/\/www.europesays.com\/fr\/wp-json\/wp\/v2\/posts\/389904","targetHints":{"allow":["GET"]}}],"collection":[{"href":"https:\/\/www.europesays.com\/fr\/wp-json\/wp\/v2\/posts"}],"about":[{"href":"https:\/\/www.europesays.com\/fr\/wp-json\/wp\/v2\/types\/post"}],"author":[{"embeddable":true,"href":"https:\/\/www.europesays.com\/fr\/wp-json\/wp\/v2\/users\/2"}],"replies":[{"embeddable":true,"href":"https:\/\/www.europesays.com\/fr\/wp-json\/wp\/v2\/comments?post=389904"}],"version-history":[{"count":0,"href":"https:\/\/www.europesays.com\/fr\/wp-json\/wp\/v2\/posts\/389904\/revisions"}],"wp:featuredmedia":[{"embeddable":true,"href":"https:\/\/www.europesays.com\/fr\/wp-json\/wp\/v2\/media\/389905"}],"wp:attachment":[{"href":"https:\/\/www.europesays.com\/fr\/wp-json\/wp\/v2\/media?parent=389904"}],"wp:term":[{"taxonomy":"category","embeddable":true,"href":"https:\/\/www.europesays.com\/fr\/wp-json\/wp\/v2\/categories?post=389904"},{"taxonomy":"post_tag","embeddable":true,"href":"https:\/\/www.europesays.com\/fr\/wp-json\/wp\/v2\/tags?post=389904"}],"curies":[{"name":"wp","href":"https:\/\/api.w.org\/{rel}","templated":true}]}}