{"id":389911,"date":"2025-09-14T09:24:14","date_gmt":"2025-09-14T09:24:14","guid":{"rendered":"https:\/\/www.europesays.com\/fr\/389911\/"},"modified":"2025-09-14T09:24:14","modified_gmt":"2025-09-14T09:24:14","slug":"des-visiteurs-plus-nombreux-et-interesses-par-le-cyclotourisme","status":"publish","type":"post","link":"https:\/\/www.europesays.com\/fr\/389911\/","title":{"rendered":"des visiteurs plus nombreux et int\u00e9ress\u00e9s par le cyclotourisme"},"content":{"rendered":"<p>  Fr\u00e9quentation : + 5 %<\/p>\n<p>Compar\u00e9 \u00e0 juillet\/ao\u00fbt 2024, l\u2019office de tourisme, sis <a href=\"https:\/\/www.estrepublicain.fr\/p\/place-stanislas\" target=\"_blank\" rel=\"noopener\">place Stanislas<\/a>, note une hausse moyenne de 5 % de sa fr\u00e9quentation (+ 6 % de touristes re\u00e7us \u00e0 l\u2019office en juillet, + 4 % en ao\u00fbt). Dans le d\u00e9tail, sur ces 68 693 visiteurs, 65 % (+ 3 %) \u00e9taient Fran\u00e7ais, la majorit\u00e9 ne venant pas de loin (42 % du Grand Est, dont 35 % de Lorraine). M\u00e9caniquement, il y a eu moins d\u2019\u00e9trangers (-3 %), toujours venus de pays proches principalement (Allemagne, Pays-Bas et Belgique composant 67 % de cette client\u00e8le \u00e9trang\u00e8re).<\/p>\n<p>  Mus\u00e9es et sites divers : 10 % de hausse<\/p>\n<p>Bel \u00e9t\u00e9 pour les mus\u00e9es, monuments et sites \u00e0 visiter avec, au total, 10 % de fr\u00e9quentation suppl\u00e9mentaire par rapport \u00e0 2024. Une jolie performance due en partie au succ\u00e8s du jardin botanique Jean-Marie-Pelt \u00e0 Villers, o\u00f9 <a href=\"https:\/\/www.estrepublicain.fr\/environnement\/2025\/07\/31\/ca-y-est-tintin-le-phallus-de-titan-s-ouvre-au-jardin-botanique-inedit-en-france\" target=\"_blank\" rel=\"noopener\">la floraison du phallus de Titan, fin juillet, a attir\u00e9 la foule<\/a> durant plusieurs jours.<\/p>\n","protected":false},"excerpt":{"rendered":"Fr\u00e9quentation : + 5 % Compar\u00e9 \u00e0 juillet\/ao\u00fbt 2024, l\u2019office de tourisme, sis place Stanislas, note une hausse&hellip;\n","protected":false},"author":2,"featured_media":389912,"comment_status":"","ping_status":"","sticky":false,"template":"","format":"standard","meta":{"footnotes":""},"categories":[9635],"tags":[1111,11,33,1704,1777,674,1011,27,775,1702,1703,12,25,602],"class_list":{"0":"post-389911","1":"post","2":"type-post","3":"status-publish","4":"format-standard","5":"has-post-thumbnail","7":"category-nancy","8":"tag-actu","9":"tag-actualites","10":"tag-economie","11":"tag-edition-nancy-et-agglomeration","12":"tag-eu","13":"tag-europe","14":"tag-fr","15":"tag-france","16":"tag-grand-est","17":"tag-nancy","18":"tag-nancy-ville-54b","19":"tag-news","20":"tag-republique-francaise","21":"tag-tourisme"},"share_on_mastodon":{"url":"https:\/\/pubeurope.com\/@fr\/115201930886843678","error":""},"_links":{"self":[{"href":"https:\/\/www.europesays.com\/fr\/wp-json\/wp\/v2\/posts\/389911","targetHints":{"allow":["GET"]}}],"collection":[{"href":"https:\/\/www.europesays.com\/fr\/wp-json\/wp\/v2\/posts"}],"about":[{"href":"https:\/\/www.europesays.com\/fr\/wp-json\/wp\/v2\/types\/post"}],"author":[{"embeddable":true,"href":"https:\/\/www.europesays.com\/fr\/wp-json\/wp\/v2\/users\/2"}],"replies":[{"embeddable":true,"href":"https:\/\/www.europesays.com\/fr\/wp-json\/wp\/v2\/comments?post=389911"}],"version-history":[{"count":0,"href":"https:\/\/www.europesays.com\/fr\/wp-json\/wp\/v2\/posts\/389911\/revisions"}],"wp:featuredmedia":[{"embeddable":true,"href":"https:\/\/www.europesays.com\/fr\/wp-json\/wp\/v2\/media\/389912"}],"wp:attachment":[{"href":"https:\/\/www.europesays.com\/fr\/wp-json\/wp\/v2\/media?parent=389911"}],"wp:term":[{"taxonomy":"category","embeddable":true,"href":"https:\/\/www.europesays.com\/fr\/wp-json\/wp\/v2\/categories?post=389911"},{"taxonomy":"post_tag","embeddable":true,"href":"https:\/\/www.europesays.com\/fr\/wp-json\/wp\/v2\/tags?post=389911"}],"curies":[{"name":"wp","href":"https:\/\/api.w.org\/{rel}","templated":true}]}}