{"id":389913,"date":"2025-09-14T09:25:56","date_gmt":"2025-09-14T09:25:56","guid":{"rendered":"https:\/\/www.europesays.com\/fr\/389913\/"},"modified":"2025-09-14T09:25:56","modified_gmt":"2025-09-14T09:25:56","slug":"site-officiel-de-las-nancy-lorraine-25","status":"publish","type":"post","link":"https:\/\/www.europesays.com\/fr\/389913\/","title":{"rendered":"Site officiel de l&rsquo;AS Nancy Lorraine"},"content":{"rendered":"<p><strong>Une soir\u00e9e compliqu\u00e9e \u00e0 Troyes<\/strong><\/p>\n<p>L\u2019AS Nancy Lorraine s\u2019est inclin\u00e9e ce vendredi soir au Stade de l\u2019Aube face \u00e0 l\u2019ESTAC (3-0).<br \/>Domin\u00e9s d\u00e8s les premi\u00e8res minutes par une \u00e9quipe troyenne tr\u00e8s entreprenante, nos Nanc\u00e9iens n\u2019ont pas r\u00e9ussi \u00e0 trouver les solutions pour inverser la tendance.<\/p>\n<p>Les locaux ont ouvert le score \u00e0 la 20e minute par Bentayeb, concr\u00e9tisant leur nette sup\u00e9riorit\u00e9. Malgr\u00e9 plusieurs situations d\u00e9fensives d\u00e9licates, nos joueurs regagnaient les vestiaires avec seulement un but de retard.<\/p>\n<p>En seconde p\u00e9riode, Troyes poursuivait sa domination et inscrivait deux nouveaux buts, dont un sign\u00e9 Adeline \u00e0 la 74e minute, scellant le succ\u00e8s aubois.<\/p>\n<p>Malgr\u00e9 leurs efforts, nos nanc\u00e9iens n\u2019ont pas su exister dans cette rencontre.<\/p>\n<p>Ce revers doit d\u00e9sormais servir de point d\u2019appui pour corriger les erreurs et pr\u00e9parer au mieux les prochaines \u00e9ch\u00e9ances.<\/p>\n<p>\u00a0<\/p>\n<p>LES MOTS DU COACH<\/p>\n<p>\u00ab Le football, c\u2019est l\u2019histoire d\u2019un match. On n\u2019a pas la pr\u00e9tention de venir jouer en favori et ce soir, on en a pris une bonne. F\u00e9licitations \u00e0 Troyes. Je ne me f\u00e9licite pas car je suis le premier responsable de ce r\u00e9sultat.<\/p>\n<p>J\u2019imaginais la rencontre autrement. Mon \u00e9quipe a \u00e9t\u00e9 presque impuissante, notamment dans les phases offensives. Nous avons \u00e9t\u00e9 nerveux, impatients, et nous n\u2019avons pas su g\u00e9rer le match de la meilleure des fa\u00e7ons. Ils ont \u00e9t\u00e9 sup\u00e9rieurs dans tous les domaines. Je sais voir les choses : ce soir, il n\u2019y a rien \u00e0 dire, nous avons perdu.<\/p>\n<p>D\u00e8s demain, nous pr\u00e9parerons le match face au Red Star. Nous avions de bonnes intentions au coup d\u2019envoi, mais je consid\u00e8re \u00eatre en premi\u00e8re ligne sur cette d\u00e9faite. Pour pouvoir jouer d\u2019\u00e9gal \u00e0 \u00e9gal, il faudra d\u2019autres ingr\u00e9dients.\u00a0<\/p>\n<p>Je refuse d\u2019\u00eatre trop optimiste ou fataliste, car d\u2019autres d\u00e9faites arriveront. Mais je pense que je me suis tromp\u00e9 dans ma pr\u00e9paration, et cela a fini par ce r\u00e9sultat. J\u2019ai induit mon \u00e9quipe en erreur. \u00bb<\/p>\n","protected":false},"excerpt":{"rendered":"Une soir\u00e9e compliqu\u00e9e \u00e0 Troyes L\u2019AS Nancy Lorraine s\u2019est inclin\u00e9e ce vendredi soir au Stade de l\u2019Aube face&hellip;\n","protected":false},"author":2,"featured_media":32816,"comment_status":"","ping_status":"","sticky":false,"template":"","format":"standard","meta":{"footnotes":""},"categories":[9635],"tags":[1111,11,1777,674,1011,27,775,1702,12,25],"class_list":{"0":"post-389913","1":"post","2":"type-post","3":"status-publish","4":"format-standard","5":"has-post-thumbnail","7":"category-nancy","8":"tag-actu","9":"tag-actualites","10":"tag-eu","11":"tag-europe","12":"tag-fr","13":"tag-france","14":"tag-grand-est","15":"tag-nancy","16":"tag-news","17":"tag-republique-francaise"},"share_on_mastodon":{"url":"https:\/\/pubeurope.com\/@fr\/115201938749732430","error":""},"_links":{"self":[{"href":"https:\/\/www.europesays.com\/fr\/wp-json\/wp\/v2\/posts\/389913","targetHints":{"allow":["GET"]}}],"collection":[{"href":"https:\/\/www.europesays.com\/fr\/wp-json\/wp\/v2\/posts"}],"about":[{"href":"https:\/\/www.europesays.com\/fr\/wp-json\/wp\/v2\/types\/post"}],"author":[{"embeddable":true,"href":"https:\/\/www.europesays.com\/fr\/wp-json\/wp\/v2\/users\/2"}],"replies":[{"embeddable":true,"href":"https:\/\/www.europesays.com\/fr\/wp-json\/wp\/v2\/comments?post=389913"}],"version-history":[{"count":0,"href":"https:\/\/www.europesays.com\/fr\/wp-json\/wp\/v2\/posts\/389913\/revisions"}],"wp:featuredmedia":[{"embeddable":true,"href":"https:\/\/www.europesays.com\/fr\/wp-json\/wp\/v2\/media\/32816"}],"wp:attachment":[{"href":"https:\/\/www.europesays.com\/fr\/wp-json\/wp\/v2\/media?parent=389913"}],"wp:term":[{"taxonomy":"category","embeddable":true,"href":"https:\/\/www.europesays.com\/fr\/wp-json\/wp\/v2\/categories?post=389913"},{"taxonomy":"post_tag","embeddable":true,"href":"https:\/\/www.europesays.com\/fr\/wp-json\/wp\/v2\/tags?post=389913"}],"curies":[{"name":"wp","href":"https:\/\/api.w.org\/{rel}","templated":true}]}}