{"id":389928,"date":"2025-09-14T09:34:12","date_gmt":"2025-09-14T09:34:12","guid":{"rendered":"https:\/\/www.europesays.com\/fr\/389928\/"},"modified":"2025-09-14T09:34:12","modified_gmt":"2025-09-14T09:34:12","slug":"metropole-de-grenoble-au-rondeau-une-fermeture-nocturne-le-17-septembre","status":"publish","type":"post","link":"https:\/\/www.europesays.com\/fr\/389928\/","title":{"rendered":"M\u00e9tropole de Grenoble. Au Rondeau, une fermeture nocturne le 17\u00a0septembre"},"content":{"rendered":"<p>Les travaux <a href=\"https:\/\/www.ledauphine.com\/transport\/2025\/02\/21\/153-millions-d-euros-le-budget-du-rondeau-a-presque-double\" target=\"_blank\" rel=\"noopener\">de l\u2019\u00e9changeur du Rondeau<\/a>\u00a0se poursuivent. Cette semaine, une seule fermeture est \u00e0 pr\u00e9voir\u00a0: une partie du r\u00e9seau routier sera ferm\u00e9e \u00e0 la circulation la nuit du mercredi 17\u00a0septembre.<\/p>\n<p>En provenance de Chamb\u00e9ry, la bretelle d\u2019entr\u00e9e de l\u2019autoroute A480 Nord en direction de Lyon sera ferm\u00e9e au niveau de l\u2019\u00e9changeur du Rondeau (n\u00b05), de 20\u00a0h\u00a030 \u00e0 5\u00a0h\u00a030.<\/p>\n<p class=\"note\">Pour en savoir plus\u00a0: <a href=\"https:\/\/www.a480rondeau.fr\/travaux\/\" target=\"_blank\" rel=\"noopener\">a480rondeau.fr<\/a><\/p>\n","protected":false},"excerpt":{"rendered":"Les travaux de l\u2019\u00e9changeur du Rondeau\u00a0se poursuivent. Cette semaine, une seule fermeture est \u00e0 pr\u00e9voir\u00a0: une partie du&hellip;\n","protected":false},"author":2,"featured_media":389929,"comment_status":"","ping_status":"","sticky":false,"template":"","format":"standard","meta":{"footnotes":""},"categories":[9566],"tags":[1111,11,2430,3542,9852,9853,112,1777,674,1011,27,2731,2732,108,12,25,2803],"class_list":{"0":"post-389928","1":"post","2":"type-post","3":"status-publish","4":"format-standard","5":"has-post-thumbnail","7":"category-grenoble","8":"tag-actu","9":"tag-actualites","10":"tag-auvergne-rhone-alpes","11":"tag-circulation","12":"tag-echirolles","13":"tag-echirolles-bassin","14":"tag-edition-grenoble-agglomeration","15":"tag-eu","16":"tag-europe","17":"tag-fr","18":"tag-france","19":"tag-grenoble","20":"tag-grenoble-bassin","21":"tag-isere","22":"tag-news","23":"tag-republique-francaise","24":"tag-transport"},"share_on_mastodon":{"url":"https:\/\/pubeurope.com\/@fr\/115201970310121501","error":""},"_links":{"self":[{"href":"https:\/\/www.europesays.com\/fr\/wp-json\/wp\/v2\/posts\/389928","targetHints":{"allow":["GET"]}}],"collection":[{"href":"https:\/\/www.europesays.com\/fr\/wp-json\/wp\/v2\/posts"}],"about":[{"href":"https:\/\/www.europesays.com\/fr\/wp-json\/wp\/v2\/types\/post"}],"author":[{"embeddable":true,"href":"https:\/\/www.europesays.com\/fr\/wp-json\/wp\/v2\/users\/2"}],"replies":[{"embeddable":true,"href":"https:\/\/www.europesays.com\/fr\/wp-json\/wp\/v2\/comments?post=389928"}],"version-history":[{"count":0,"href":"https:\/\/www.europesays.com\/fr\/wp-json\/wp\/v2\/posts\/389928\/revisions"}],"wp:featuredmedia":[{"embeddable":true,"href":"https:\/\/www.europesays.com\/fr\/wp-json\/wp\/v2\/media\/389929"}],"wp:attachment":[{"href":"https:\/\/www.europesays.com\/fr\/wp-json\/wp\/v2\/media?parent=389928"}],"wp:term":[{"taxonomy":"category","embeddable":true,"href":"https:\/\/www.europesays.com\/fr\/wp-json\/wp\/v2\/categories?post=389928"},{"taxonomy":"post_tag","embeddable":true,"href":"https:\/\/www.europesays.com\/fr\/wp-json\/wp\/v2\/tags?post=389928"}],"curies":[{"name":"wp","href":"https:\/\/api.w.org\/{rel}","templated":true}]}}