{"id":389933,"date":"2025-09-14T09:39:15","date_gmt":"2025-09-14T09:39:15","guid":{"rendered":"https:\/\/www.europesays.com\/fr\/389933\/"},"modified":"2025-09-14T09:39:15","modified_gmt":"2025-09-14T09:39:15","slug":"a-strasbourg-10000-personnes-ont-manifeste-pour-le-10-septembre","status":"publish","type":"post","link":"https:\/\/www.europesays.com\/fr\/389933\/","title":{"rendered":"\u00e0 Strasbourg, 10000 personnes ont manifest\u00e9 pour le 10 septembre"},"content":{"rendered":"<p><strong>Mercredi 10 septembre, le mouvement \u00ab\u00a0Bloquons tout\u00a0\u00bb a rassembl\u00e9 plus de 10 000 personnes dans les rues de Strasbourg, le temps d\u2019une manifestation entre la place Kl\u00e9ber et la place de la R\u00e9publique. L\u2019expression d\u2019un grand \u00ab\u00a0ras-le-bol\u00a0\u00bb aux nombreuses racines, o\u00f9 pr\u00e9domine la col\u00e8re devant l\u2019accroissement des in\u00e9galit\u00e9s sociales.<\/strong><\/p>\n<p>Une place Kl\u00e9ber noire de monde. Ce mercredi 10 septembre, difficile de compter les manifestant(e)s tant la foule se densifie rapidement autour de la statue du g\u00e9n\u00e9ral. <strong>\u00c0 14h10, plus de 3 000 personnes sont d\u00e9j\u00e0 pr\u00eates \u00e0 prendre le d\u00e9part de la manifestation d\u00e9clar\u00e9e par la CGT, dans le cadre du mouvement \u00ab Bloquons tout \u00bb<\/strong>.<\/p>\n<p>Certaines brandissent des drapeaux fran\u00e7ais, palestiniens ou syndicaux. D\u2019autres sont venues avec leurs pancartes, dont beaucoup demandent plus de justice sociale et fiscale.<\/p>\n<p>    <img width=\"800\" height=\"533\" src=\"https:\/\/www.europesays.com\/fr\/wp-content\/uploads\/2025\/09\/france-strasbourg-mobilisation-bloquons-tout-wr-11-sur-123-800x533.jpg\" class=\"attachment-image-size-L size-image-size-L\" alt=\"10 septembre, bloquons tout, Foule, manifestant, Kl\u00e9ber\" decoding=\"async\" loading=\"lazy\"  \/>         \u00a9 Wilfried Rion \/ Pokaa <\/p>\n<p>                <img width=\"750\" height=\"500\" src=\"https:\/\/www.europesays.com\/fr\/wp-content\/uploads\/2025\/09\/france-strasbourg-mobilisation-bloquons-tout-wr-3-sur-123-750x500.jpg\" class=\"attachment-gallery size-gallery\" alt=\"10 septembre, bloquons tout, Conf\u00e9d\u00e9ration paysanne\" data-full-url=\"https:\/\/pokaa.fr\/wp-content\/uploads\/2025\/09\/10\/france-strasbourg-mobilisation-bloquons-tout-wr-3-sur-123.jpg\" decoding=\"async\" loading=\"lazy\"  \/>            <\/p>\n<p>                <img width=\"333\" height=\"500\" src=\"https:\/\/www.europesays.com\/fr\/wp-content\/uploads\/2025\/09\/france-strasbourg-mobilisation-bloquons-tout-wr-7-sur-123-333x500.jpg\" class=\"attachment-gallery size-gallery\" alt=\"10 septembre, bloquons tout, Affiche, pancarte, manifestant, merde\" data-full-url=\"https:\/\/pokaa.fr\/wp-content\/uploads\/2025\/09\/10\/france-strasbourg-mobilisation-bloquons-tout-wr-7-sur-123.jpg\" decoding=\"async\" loading=\"lazy\"  \/>            <\/p>\n<p>                <img width=\"750\" height=\"500\" src=\"https:\/\/www.europesays.com\/fr\/wp-content\/uploads\/2025\/09\/france-strasbourg-mobilisation-bloquons-tout-wr-4-sur-123-750x500.jpg\" class=\"attachment-gallery size-gallery\" alt=\"10 septembre, bloquons tout, Manifestant, foule, Kl\u00e9ber\" data-full-url=\"https:\/\/pokaa.fr\/wp-content\/uploads\/2025\/09\/10\/france-strasbourg-mobilisation-bloquons-tout-wr-4-sur-123.jpg\" decoding=\"async\" loading=\"lazy\"  \/>            <\/p>\n<p>                <img width=\"750\" height=\"500\" src=\"https:\/\/www.europesays.com\/fr\/wp-content\/uploads\/2025\/09\/france-strasbourg-mobilisation-bloquons-tout-wr-8-sur-123-750x500.jpg\" class=\"attachment-gallery size-gallery\" alt=\"10 septembre, bloquons tout, Manifestant, Kl\u00e9ber\" data-full-url=\"https:\/\/pokaa.fr\/wp-content\/uploads\/2025\/09\/10\/france-strasbourg-mobilisation-bloquons-tout-wr-8-sur-123.jpg\" decoding=\"async\" loading=\"lazy\"  \/>            <\/p>\n<p>                <img width=\"750\" height=\"500\" src=\"https:\/\/www.europesays.com\/fr\/wp-content\/uploads\/2025\/09\/france-strasbourg-mobilisation-bloquons-tout-wr-10-sur-123-750x500.jpg\" class=\"attachment-gallery size-gallery\" alt=\"10 septembre, bloquons tout, Manifestant\" data-full-url=\"https:\/\/pokaa.fr\/wp-content\/uploads\/2025\/09\/10\/france-strasbourg-mobilisation-bloquons-tout-wr-10-sur-123.jpg\" decoding=\"async\" loading=\"lazy\"  \/>            <\/p>\n<p>                <img width=\"750\" height=\"500\" src=\"https:\/\/www.europesays.com\/fr\/wp-content\/uploads\/2025\/09\/france-strasbourg-mobilisation-bloquons-tout-wr-16-sur-123-750x500.jpg\" class=\"attachment-gallery size-gallery\" alt=\"10 septembre, bloquons tout, Foule, manifestation, Kl\u00e9ber\" data-full-url=\"https:\/\/pokaa.fr\/wp-content\/uploads\/2025\/09\/10\/france-strasbourg-mobilisation-bloquons-tout-wr-16-sur-123.jpg\" decoding=\"async\" loading=\"lazy\"  \/>            <\/p>\n<p>                <img width=\"750\" height=\"500\" src=\"https:\/\/www.europesays.com\/fr\/wp-content\/uploads\/2025\/09\/france-strasbourg-mobilisation-bloquons-tout-wr-9-sur-123-750x500.jpg\" class=\"attachment-gallery size-gallery\" alt=\"10 septembre, bloquons tout, radio, free\" data-full-url=\"https:\/\/pokaa.fr\/wp-content\/uploads\/2025\/09\/10\/france-strasbourg-mobilisation-bloquons-tout-wr-9-sur-123.jpg\" decoding=\"async\" loading=\"lazy\"  \/>            <\/p>\n<p>                <img width=\"750\" height=\"500\" src=\"https:\/\/www.europesays.com\/fr\/wp-content\/uploads\/2025\/09\/france-strasbourg-mobilisation-bloquons-tout-wr-17-sur-123-750x500.jpg\" class=\"attachment-gallery size-gallery\" alt=\"10 septembre, bloquons tout, Manifestant, Lutte Ouvri\u00e8re, rouge\" data-full-url=\"https:\/\/pokaa.fr\/wp-content\/uploads\/2025\/09\/10\/france-strasbourg-mobilisation-bloquons-tout-wr-17-sur-123.jpg\" decoding=\"async\" loading=\"lazy\"  \/>            <\/p>\n<p>                    \u00a9 Wilfried Rion \/ Pokaa<\/p>\n<p>\u00ab Toujours plus d\u2019argent pour les riches et moins de salaires pour les pauvres \u00bb<\/p>\n<p>Parmi les premiers\/\u00e8res arriv\u00e9(e)s sur la place, Jean-Marc est venu les mains vides, mais le c\u0153ur plein de d\u00e9termination. <strong>\u00c0 71 ans, cet ancien agent d\u2019entretien a fait le d\u00e9placement pour de multiples raisons<\/strong>. D\u2019abord, pour protester contre le gel des retraites. \u00ab J\u2019ai travaill\u00e9 d\u00e8s 14 ans et je touche aujourd\u2019hui 1 200 euros de retraite par mois. J\u2019arrive \u00e0 payer mon loyer et mes factures, mais je ne tiens pas jusqu\u2019\u00e0 la fin du mois. \u00bb<\/p>\n<p>    <img width=\"800\" height=\"533\" src=\"https:\/\/www.europesays.com\/fr\/wp-content\/uploads\/2025\/09\/france-strasbourg-mobilisation-bloquons-tout-wr-2-sur-123-800x533.jpg\" class=\"attachment-image-size-L size-image-size-L\" alt=\"10 septembre, bloquons tout, manifestant\" decoding=\"async\" loading=\"lazy\"  \/>         \u00a9 Wilfried Rion \/ Pokaa <\/p>\n<p><strong>L\u2019ancien militant CGT se mobilise \u00e9galement contre \u00ab\u00a0l\u2019augmentation du co\u00fbt de la vie\u00a0\u00bb et l\u2019injustice fiscale<\/strong>. \u00ab\u00a0Macron demande des efforts aux retrait\u00e9s mais les gens qui ne savent pas quoi faire de leur argent, on n\u2019y touche pas. Il y a toujours plus d\u2019argent pour les riches et moins de salaires pour les pauvres \u00bb, regrette-t-il. \u00ab Moi, ce que je voudrais, c\u2019est que \u00e7a change en mieux. Et le Macron, je demanderais bien qu\u2019il se barre. \u00bb<\/p>\n<p>\u00ab Il n\u2019y plus rien qui va \u00bb<\/p>\n<p>Pancarte \u00e0 la main, Marylin, 37 ans, a fait le d\u00e9placement depuis Brumath ce 10 septembre. \u00ab<strong> Tous les \u00e9carts se creusent entre les riches et les pauvres. Je suis l\u00e0 pour protester contre les in\u00e9galit\u00e9s sociales.\u00a0<\/strong>\u00bb, pose-t-elle en pr\u00e9ambule, avant d\u2019\u00e9voquer d\u2019autres pr\u00e9occupations telles que l\u2019absence d\u2019action politique pour prot\u00e9ger les droits des femmes ou arr\u00eater la guerre \u00e0 Gaza.<\/p>\n<p>Sur une pancarte il est possible de lire : \u00ab <strong>Il n\u2019y a plus rien qui va<\/strong> \u00bb. Son ami, Isma\u00ebl, est venu des environs de Colmar pour d\u00e9filer \u00e0 Strasbourg. \u00ab<strong> C\u2019est un ras-le-bol g\u00e9n\u00e9ral, une indignation devant la mont\u00e9e du fascisme<\/strong>\u00bb, explique cet artisan de 38 ans.<\/p>\n<p>                <img width=\"750\" height=\"500\" src=\"https:\/\/www.europesays.com\/fr\/wp-content\/uploads\/2025\/09\/france-strasbourg-mobilisation-bloquons-tout-wr-13-sur-123-750x500.jpg\" class=\"attachment-gallery size-gallery\" alt=\"10 septembre, bloquons tout, Pancarte, flamme, manifestant\" data-full-url=\"https:\/\/pokaa.fr\/wp-content\/uploads\/2025\/09\/10\/france-strasbourg-mobilisation-bloquons-tout-wr-13-sur-123.jpg\" decoding=\"async\" loading=\"lazy\"  \/>            <\/p>\n<p>                <img width=\"750\" height=\"500\" src=\"https:\/\/www.europesays.com\/fr\/wp-content\/uploads\/2025\/09\/france-strasbourg-mobilisation-bloquons-tout-wr-6-sur-123-750x500.jpg\" class=\"attachment-gallery size-gallery\" alt=\"10 septembre, bloquons tout, Couple de manifestant, pancarte\" data-full-url=\"https:\/\/pokaa.fr\/wp-content\/uploads\/2025\/09\/10\/france-strasbourg-mobilisation-bloquons-tout-wr-6-sur-123.jpg\" decoding=\"async\" loading=\"lazy\"  \/>            <\/p>\n<p>                    \u00a9 Wilfried Rion \/ Pokaa<\/p>\n<p>                <img width=\"750\" height=\"500\" src=\"https:\/\/www.europesays.com\/fr\/wp-content\/uploads\/2025\/09\/france-strasbourg-mobilisation-bloquons-tout-wr-18-sur-123-750x500.jpg\" class=\"attachment-gallery size-gallery\" alt=\"10 septembre, bloquons tout, Manifestation, manif, manifestant\" data-full-url=\"https:\/\/pokaa.fr\/wp-content\/uploads\/2025\/09\/10\/france-strasbourg-mobilisation-bloquons-tout-wr-18-sur-123.jpg\" decoding=\"async\" loading=\"lazy\"  \/>            <\/p>\n<p>                <img width=\"750\" height=\"500\" src=\"https:\/\/www.europesays.com\/fr\/wp-content\/uploads\/2025\/09\/france-strasbourg-mobilisation-bloquons-tout-wr-20-sur-123-750x500.jpg\" class=\"attachment-gallery size-gallery\" alt=\"10 septembre, bloquons tout, Foule, manifestant, pancarte\" data-full-url=\"https:\/\/pokaa.fr\/wp-content\/uploads\/2025\/09\/10\/france-strasbourg-mobilisation-bloquons-tout-wr-20-sur-123.jpg\" decoding=\"async\" loading=\"lazy\"  \/>            <\/p>\n<p>                    \u00a9 Wilfried Rion \/ Pokaa<\/p>\n<p><strong>\u00c0 14h30, la place est comble et le d\u00e9fil\u00e9 s\u2019\u00e9lance rue des Grandes Arcades.<\/strong> Layal, 32 ans, attend de pouvoir se mettre en marche, elle aussi, avec sa pancarte repr\u00e9sentant Luigi Mangione, un jeune Am\u00e9ricain accus\u00e9 d\u2019avoir assassin\u00e9 le PDG de la plus grande compagnie d\u2019assurance sant\u00e9 des \u00c9tats-Unis qui refuse r\u00e9guli\u00e8rement de prendre en charge ses assur\u00e9(e)s. \u00ab Make the riche afraid again. \u00bb<\/p>\n<p>    <img width=\"800\" height=\"533\" src=\"https:\/\/www.europesays.com\/fr\/wp-content\/uploads\/2025\/09\/france-strasbourg-mobilisation-bloquons-tout-wr-15-sur-123-800x533.jpg\" class=\"attachment-image-size-L size-image-size-L\" alt=\"10 septembre, bloquons tout, Pancarte, manifestant\" decoding=\"async\" loading=\"lazy\"  \/>         \u00a9 Wilfried Rion \/ Pokaa <\/p>\n<p>\u00ab Il y en a marre de pr\u00e9cariser les pr\u00e9caires \u00bb<\/p>\n<p>\u00ab <strong>Je suis l\u00e0 pour exprimer mon m\u00e9contentement concernant la politique du gouvernement <\/strong>\u00bb, explique la jeune femme travaillant dans le domaine des sciences. \u00ab<strong> Il y en a marre de pr\u00e9cariser les pr\u00e9caires tout en faisant des cadeaux aux riches.<\/strong> \u00bb<\/p>\n<p>Celle qui s\u2019est politis\u00e9e en entendant parler du traitement des Gilets Jaunes avait \u00ab un peu arr\u00eat\u00e9e de manifester \u00bb apr\u00e8s l\u2019\u00e9chec du mouvement pour les retraites.<\/p>\n<p>    <img width=\"800\" height=\"533\" src=\"https:\/\/www.europesays.com\/fr\/wp-content\/uploads\/2025\/09\/france-strasbourg-mobilisation-bloquons-tout-wr-63-sur-123-800x533.jpg\" class=\"attachment-image-size-L size-image-size-L\" alt=\"10 septembre, bloquons tout, Foule, pancartes, manifestant\" decoding=\"async\" loading=\"lazy\"  \/>         \u00a9 Wilfried Rion \/ Pokaa <\/p>\n<p>\u00ab\u00a0Mais aujourd\u2019hui, <strong>c\u2019\u00e9tait particuli\u00e8rement important de venir. <\/strong>J\u2019avais peur que \u00e7a s\u2019essouffle avec la chute du gouvernement Bayrou. <strong>Le probl\u00e8me, c\u2019est pas Bayrou, mais la politique qu\u2019Emmanuel Macron s\u2019ent\u00eate \u00e0 vouloir mener <\/strong>depuis huit ans.\u00a0\u00bb<\/p>\n<p>    <img width=\"800\" height=\"533\" src=\"https:\/\/www.europesays.com\/fr\/wp-content\/uploads\/2025\/09\/france-strasbourg-mobilisation-bloquons-tout-wr-27-sur-123-800x533.jpg\" class=\"attachment-image-size-L size-image-size-L\" alt=\"10 septembre, bloquons tout, CGT, cath\u00e9drale, manifestant\" decoding=\"async\" loading=\"lazy\"  \/>         \u00a9 Wilfried Rion \/ Pokaa <\/p>\n<p><strong>Rue des Grandes Arcades, un cort\u00e8ge de jeunes pr\u00e9c\u00e8de celui de la CGT, en ordre de marche derri\u00e8re une banderole \u00ab R\u00e9sistance \u00bb<\/strong>. Chlo\u00e9, 25 ans, marche en brandissant sa pancarte \u00ab J\u2019ai trouv\u00e9 Charlie mais je cherche d\u00e9mocratie \u00bb. \u00c9tudiante en master Droit de l\u2019environnement, la jeune femme d\u00e9file avec toute sa classe.<\/p>\n<p>Sa liste de revendications est longue, et concerne autant l\u2019injustice fiscale que le \u00ab d\u00e9ni de d\u00e9mocratie \u00bb. \u00ab <strong>Aujourd\u2019hui, on veut que le r\u00e9sultat exprim\u00e9 lors des derni\u00e8res \u00e9lections l\u00e9gislatives soit respect\u00e9. On veut que la majorit\u00e9 de gauche puisse gouverner. <\/strong>\u00bb<\/p>\n<p>\u00ab J&rsquo;ai l&rsquo;impression que la guerre est proche \u00bb<\/p>\n<p>\u00c0 15h, le cort\u00e8ge arrive au milieu du quai des Bateliers tandis que l\u2019arri\u00e8re de la manifestation d\u00e9file toujours rue des Grandes Arcades. \u00ab Macron veut faire la guerre, mettre la jeunesse au pas. Mais on veut pas de la guerre\u2026 \u00bb <strong>Les jeunes scandent des slogans antimilitaristes, \u00e9galement pr\u00e9sents sur nombre de pancartes<\/strong>. \u00ab Y a de l\u2019argent pour les armes mais pas pour les h\u00f4pitaux \u00bb, \u00ab Plus pour la culture et la sant\u00e9, rien pour les flics et l\u2019arm\u00e9e \u00bb.<\/p>\n<p>                <img width=\"750\" height=\"500\" src=\"https:\/\/www.europesays.com\/fr\/wp-content\/uploads\/2025\/09\/france-strasbourg-mobilisation-bloquons-tout-wr-26-sur-123-750x500.jpg\" class=\"attachment-gallery size-gallery\" alt=\"10 septembre, bloquons tout, FSE, Manifestant, drapeaux, rouge\" data-full-url=\"https:\/\/pokaa.fr\/wp-content\/uploads\/2025\/09\/10\/france-strasbourg-mobilisation-bloquons-tout-wr-26-sur-123.jpg\" decoding=\"async\" loading=\"lazy\"  \/>            <\/p>\n<p>                <img width=\"750\" height=\"500\" src=\"https:\/\/www.europesays.com\/fr\/wp-content\/uploads\/2025\/09\/france-strasbourg-mobilisation-bloquons-tout-wr-30-sur-123-750x500.jpg\" class=\"attachment-gallery size-gallery\" alt=\"10 septembre, bloquons tout, Foule, manifestant, pancarte\" data-full-url=\"https:\/\/pokaa.fr\/wp-content\/uploads\/2025\/09\/10\/france-strasbourg-mobilisation-bloquons-tout-wr-30-sur-123.jpg\" decoding=\"async\" loading=\"lazy\"  \/>            <\/p>\n<p>                <img width=\"750\" height=\"500\" src=\"https:\/\/www.europesays.com\/fr\/wp-content\/uploads\/2025\/09\/france-strasbourg-mobilisation-bloquons-tout-wr-25-sur-123-750x500.jpg\" class=\"attachment-gallery size-gallery\" alt=\"10 septembre, bloquons tout, AES, Manifestant\" data-full-url=\"https:\/\/pokaa.fr\/wp-content\/uploads\/2025\/09\/10\/france-strasbourg-mobilisation-bloquons-tout-wr-25-sur-123.jpg\" decoding=\"async\" loading=\"lazy\"  \/>            <\/p>\n<p>                <img width=\"750\" height=\"500\" src=\"https:\/\/www.europesays.com\/fr\/wp-content\/uploads\/2025\/09\/france-strasbourg-mobilisation-bloquons-tout-wr-36-sur-123-750x500.jpg\" class=\"attachment-gallery size-gallery\" alt=\"10 septembre, bloquons tout, Manifestant, m\u00e9gaphone, drapeaux\" data-full-url=\"https:\/\/pokaa.fr\/wp-content\/uploads\/2025\/09\/10\/france-strasbourg-mobilisation-bloquons-tout-wr-36-sur-123.jpg\" decoding=\"async\" loading=\"lazy\"  \/>            <\/p>\n<p>                <img width=\"750\" height=\"500\" src=\"https:\/\/www.europesays.com\/fr\/wp-content\/uploads\/2025\/09\/france-strasbourg-mobilisation-bloquons-tout-wr-32-sur-123-750x500.jpg\" class=\"attachment-gallery size-gallery\" alt=\"10 septembre, bloquons tout, Fille, portable\" data-full-url=\"https:\/\/pokaa.fr\/wp-content\/uploads\/2025\/09\/10\/france-strasbourg-mobilisation-bloquons-tout-wr-32-sur-123.jpg\" decoding=\"async\" loading=\"lazy\"  \/>            <\/p>\n<p>                <img width=\"750\" height=\"500\" src=\"https:\/\/www.europesays.com\/fr\/wp-content\/uploads\/2025\/09\/france-strasbourg-mobilisation-bloquons-tout-wr-31-sur-123-750x500.jpg\" class=\"attachment-gallery size-gallery\" alt=\"10 septembre, bloquons tout, Foule, manifestant, pancarte, mai 68\" data-full-url=\"https:\/\/pokaa.fr\/wp-content\/uploads\/2025\/09\/10\/france-strasbourg-mobilisation-bloquons-tout-wr-31-sur-123.jpg\" decoding=\"async\" loading=\"lazy\"  \/>            <\/p>\n<p>                <img width=\"750\" height=\"500\" src=\"https:\/\/www.europesays.com\/fr\/wp-content\/uploads\/2025\/09\/france-strasbourg-mobilisation-bloquons-tout-wr-35-sur-123-750x500.jpg\" class=\"attachment-gallery size-gallery\" alt=\"10 septembre, bloquons tout, Manifestant, main en l\u2019aire\" data-full-url=\"https:\/\/pokaa.fr\/wp-content\/uploads\/2025\/09\/10\/france-strasbourg-mobilisation-bloquons-tout-wr-35-sur-123.jpg\" decoding=\"async\" loading=\"lazy\"  \/>            <\/p>\n<p>                <img width=\"750\" height=\"500\" src=\"https:\/\/www.europesays.com\/fr\/wp-content\/uploads\/2025\/09\/france-strasbourg-mobilisation-bloquons-tout-wr-33-sur-123-750x500.jpg\" class=\"attachment-gallery size-gallery\" alt=\"10 septembre, bloquons tout, Homme\" data-full-url=\"https:\/\/pokaa.fr\/wp-content\/uploads\/2025\/09\/10\/france-strasbourg-mobilisation-bloquons-tout-wr-33-sur-123.jpg\" decoding=\"async\" loading=\"lazy\"  \/>            <\/p>\n<p>                <img width=\"750\" height=\"500\" src=\"https:\/\/www.europesays.com\/fr\/wp-content\/uploads\/2025\/09\/france-strasbourg-mobilisation-bloquons-tout-wr-28-sur-123-750x500.jpg\" class=\"attachment-gallery size-gallery\" alt=\"10 septembre, bloquons tout, Foule, manifestant, pancarte\" data-full-url=\"https:\/\/pokaa.fr\/wp-content\/uploads\/2025\/09\/10\/france-strasbourg-mobilisation-bloquons-tout-wr-28-sur-123.jpg\" decoding=\"async\" loading=\"lazy\"  \/>            <\/p>\n<p>                    \u00a9 Wilfried Rion \/ Pokaa<\/p>\n<p>    <img width=\"800\" height=\"533\" src=\"https:\/\/www.europesays.com\/fr\/wp-content\/uploads\/2025\/09\/france-strasbourg-mobilisation-bloquons-tout-wr-29-sur-123-800x533.jpg\" class=\"attachment-image-size-L size-image-size-L\" alt=\"10 septembre, bloquons tout, Foule, manifestant, pancarte\" decoding=\"async\" loading=\"lazy\"  \/>         \u00a9 Wilfried Rion \/ Pokaa <\/p>\n<p>William, 25 ans, d\u00e9file pr\u00e8s du char de la CGT. \u00c9tudiant et pion dans un coll\u00e8ge, le jeune homme n\u2019a pas l\u2019habitude de manifester. \u00ab <strong>Je suis l\u00e0 aujourd\u2019hui pour beaucoup de raisons, beaucoup de revendications politiques. Une politique g\u00e9n\u00e9rale \u00e9c\u0153urante dans laquelle je ne me retrouve plus et une actualit\u00e9 qui d\u00e9goute.<\/strong> \u00bb<\/p>\n<p>Notamment, la guerre \u00e0 Gaza. Le Strasbourgeois s\u2019inqui\u00e8te \u00e9galement de la possibilit\u00e9 d\u2019une guerre impliquant la France, avec les <a href=\"https:\/\/lcp.fr\/actualites\/la-menace-russe-est-la-declare-emmanuel-macron-affirmant-que-face-a-ce-monde-de-dangers\" target=\"_blank\" rel=\"noopener\">annonces faites par Emmanuel Macron au sujet de la Russie<\/a>. \u00ab\u00a0Il y a quelque chose qui monte\u00a0: je sens que la guerre est proche\u00a0\u00bb, regrette-t-il.<\/p>\n<p>                <img width=\"750\" height=\"500\" src=\"https:\/\/www.europesays.com\/fr\/wp-content\/uploads\/2025\/09\/france-strasbourg-mobilisation-bloquons-tout-wr-68-sur-123-750x500.jpg\" class=\"attachment-gallery size-gallery\" alt=\"10 septembre, bloquons tout, Foule, pancartes, manifestant\" data-full-url=\"https:\/\/pokaa.fr\/wp-content\/uploads\/2025\/09\/10\/france-strasbourg-mobilisation-bloquons-tout-wr-68-sur-123.jpg\" decoding=\"async\" loading=\"lazy\"  \/>            <\/p>\n<p>                <img width=\"750\" height=\"500\" src=\"https:\/\/www.europesays.com\/fr\/wp-content\/uploads\/2025\/09\/france-strasbourg-mobilisation-bloquons-tout-wr-75-sur-123-750x500.jpg\" class=\"attachment-gallery size-gallery\" alt=\"10 septembre, bloquons tout, Foule, pancartes, manifestant, r\u00e9publique\" data-full-url=\"https:\/\/pokaa.fr\/wp-content\/uploads\/2025\/09\/10\/france-strasbourg-mobilisation-bloquons-tout-wr-75-sur-123.jpg\" decoding=\"async\" loading=\"lazy\"  \/>            <\/p>\n<p>                <img width=\"750\" height=\"500\" src=\"https:\/\/www.europesays.com\/fr\/wp-content\/uploads\/2025\/09\/france-strasbourg-mobilisation-bloquons-tout-wr-87-sur-123-750x500.jpg\" class=\"attachment-gallery size-gallery\" alt=\"10 septembre, bloquons tout, pancartes, manifestant\" data-full-url=\"https:\/\/pokaa.fr\/wp-content\/uploads\/2025\/09\/10\/france-strasbourg-mobilisation-bloquons-tout-wr-87-sur-123.jpg\" decoding=\"async\" loading=\"lazy\"  \/>            <\/p>\n<p>                <img width=\"333\" height=\"500\" src=\"https:\/\/www.europesays.com\/fr\/wp-content\/uploads\/2025\/09\/france-strasbourg-mobilisation-bloquons-tout-wr-66-sur-123-333x500.jpg\" class=\"attachment-gallery size-gallery\" alt=\"10 septembre, bloquons tout, Foule, pancartes, manifestant\" data-full-url=\"https:\/\/pokaa.fr\/wp-content\/uploads\/2025\/09\/10\/france-strasbourg-mobilisation-bloquons-tout-wr-66-sur-123.jpg\" decoding=\"async\" loading=\"lazy\"  \/>            <\/p>\n<p>                <img width=\"750\" height=\"500\" src=\"https:\/\/www.europesays.com\/fr\/wp-content\/uploads\/2025\/09\/france-strasbourg-mobilisation-bloquons-tout-wr-64-sur-123-750x500.jpg\" class=\"attachment-gallery size-gallery\" alt=\"10 septembre, bloquons tout, Foule, pancartes, manifestant, col\u00e8re\" data-full-url=\"https:\/\/pokaa.fr\/wp-content\/uploads\/2025\/09\/10\/france-strasbourg-mobilisation-bloquons-tout-wr-64-sur-123.jpg\" decoding=\"async\" loading=\"lazy\"  \/>            <\/p>\n<p>                <img width=\"333\" height=\"500\" src=\"https:\/\/www.europesays.com\/fr\/wp-content\/uploads\/2025\/09\/france-strasbourg-mobilisation-bloquons-tout-wr-59-sur-123-333x500.jpg\" class=\"attachment-gallery size-gallery\" alt=\"10 septembre, bloquons tout, Foule, pancartes, manifestant, macron\" data-full-url=\"https:\/\/pokaa.fr\/wp-content\/uploads\/2025\/09\/10\/france-strasbourg-mobilisation-bloquons-tout-wr-59-sur-123.jpg\" decoding=\"async\" loading=\"lazy\"  \/>            <\/p>\n<p>                <img width=\"750\" height=\"500\" src=\"https:\/\/www.europesays.com\/fr\/wp-content\/uploads\/2025\/09\/france-strasbourg-mobilisation-bloquons-tout-wr-62-sur-123-750x500.jpg\" class=\"attachment-gallery size-gallery\" alt=\"10 septembre, bloquons tout, Foule, pancartes, manifestant\" data-full-url=\"https:\/\/pokaa.fr\/wp-content\/uploads\/2025\/09\/10\/france-strasbourg-mobilisation-bloquons-tout-wr-62-sur-123.jpg\" decoding=\"async\" loading=\"lazy\"  \/>            <\/p>\n<p>                <img width=\"750\" height=\"500\" src=\"https:\/\/www.europesays.com\/fr\/wp-content\/uploads\/2025\/09\/france-strasbourg-mobilisation-bloquons-tout-wr-56-sur-123-750x500.jpg\" class=\"attachment-gallery size-gallery\" alt=\"10 septembre, bloquons tout, Foule, pancartes, manifestant, col\u00e8re\" data-full-url=\"https:\/\/pokaa.fr\/wp-content\/uploads\/2025\/09\/10\/france-strasbourg-mobilisation-bloquons-tout-wr-56-sur-123.jpg\" decoding=\"async\" loading=\"lazy\"  \/>            <\/p>\n<p>                    \u00a9 Wilfried Rion \/ Pokaa<\/p>\n<p>Mais comme pour beaucoup, c\u2019est surtout l\u2019accroissement des in\u00e9galit\u00e9s sociales qui l\u2019a pouss\u00e9 \u00e0 manifester aujourd\u2019hui. <strong>\u00ab\u00a0Les \u00e9carts de richesse que l\u2019on observe aujourd\u2019hui sont r\u00e9voltants. Il y a une petite classe qui s\u2019accapare de plus en plus de richesses, pourtant, il y a toujours de plus en plus de pauvres. \u00bb<\/strong><\/p>\n<p>    <img width=\"800\" height=\"533\" src=\"https:\/\/www.europesays.com\/fr\/wp-content\/uploads\/2025\/09\/france-strasbourg-mobilisation-bloquons-tout-wr-58-sur-123-800x533.jpg\" class=\"attachment-image-size-L size-image-size-L\" alt=\"10 septembre, bloquons tout, Foule, pancartes, manifestant\" decoding=\"async\" loading=\"lazy\"  \/>         \u00a9 Wilfried Rion \/ Pokaa <\/p>\n<p>\u00ab Plus il y a de raisons de se mobiliser, plus on doit \u00eatre nombreux \u00bb<\/p>\n<p><strong>\u00c0 16h, la t\u00eate de cort\u00e8ge arrive place de la R\u00e9publique dans le calme.<\/strong> Margaux d\u00e9file tranquillement avenue de la Libert\u00e9 avec un sapin d\u00e9sodorisant g\u00e9ant. Travailleuse dans le domaine du service \u00e0 la personne, la jeune femme est au ch\u00f4mage depuis une semaine.<\/p>\n<p>C\u2019est la troisi\u00e8me fois de sa vie qu\u2019elle manifeste. <strong>Elle aussi est l\u00e0 \u00ab pour de nombreuses raisons \u00bb.<\/strong> Notamment, \u00ab des r\u00e9formes en tous genres qui nous mettent dans la pr\u00e9carit\u00e9 de plus en plus \u00bb, \u00ab l\u2019augmentation du cout de la vie \u00bb, \u00ab la proposition de supprimer deux jours f\u00e9ri\u00e9s \u00bb.<\/p>\n<p>    <img width=\"533\" height=\"800\" src=\"https:\/\/www.europesays.com\/fr\/wp-content\/uploads\/2025\/09\/france-strasbourg-mobilisation-bloquons-tout-wr-61-sur-123-533x800.jpg\" class=\"attachment-image-size-L size-image-size-L\" alt=\"10 septembre, bloquons tout, Foule, pancartes, manifestant, sapin\" decoding=\"async\" loading=\"lazy\"  \/>         \u00a9 Wilfried Rion \/ Pokaa <\/p>\n<p>Lorsqu\u2019on lui demande quelle est celle qui pr\u00e9domine, Margaux cite \u00ab l\u2019in\u00e9galit\u00e9 entre le pouvoir et le peuple \u00bb. \u00ab<strong> C\u2019est par exemple l\u2019ind\u00e9cence de Bayrou qui refait son bureau \u00e0 neuf pour 40 000 euros alors que le peuple se serre la ceinture.<\/strong> \u00bb<\/p>\n<p>Mais la jeune femme ne veut pas r\u00e9duire la contestation \u00e0 un seul motif. \u00ab Quand on regarde les commentaires en dessous de certains articles au sujet de cette manifestation, il y a beaucoup de personnes qui critiquent le fait qu\u2019il y a trop de revendications mises en avant. Elles disent que cela nuit au message que l\u2019on veut faire passer. Mais non, justement. <strong>Plus il y a de raisons de se mobiliser et plus on doit \u00eatre nombreux dans la rue pour manifester.<\/strong> \u00bb<\/p>\n<p>                <img width=\"750\" height=\"500\" src=\"https:\/\/www.europesays.com\/fr\/wp-content\/uploads\/2025\/09\/france-strasbourg-mobilisation-bloquons-tout-wr-89-sur-123-750x500.jpg\" class=\"attachment-gallery size-gallery\" alt=\"10 septembre, bloquons tout, Parole, manifestant, r\u00e9publique\" data-full-url=\"https:\/\/pokaa.fr\/wp-content\/uploads\/2025\/09\/10\/france-strasbourg-mobilisation-bloquons-tout-wr-89-sur-123.jpg\" decoding=\"async\" loading=\"lazy\"  \/>            <\/p>\n<p>                <img width=\"750\" height=\"500\" src=\"https:\/\/www.europesays.com\/fr\/wp-content\/uploads\/2025\/09\/france-strasbourg-mobilisation-bloquons-tout-wr-90-sur-123-750x500.jpg\" class=\"attachment-gallery size-gallery\" alt=\"10 septembre, bloquons tout, Homme\" data-full-url=\"https:\/\/pokaa.fr\/wp-content\/uploads\/2025\/09\/10\/france-strasbourg-mobilisation-bloquons-tout-wr-90-sur-123.jpg\" decoding=\"async\" loading=\"lazy\"  \/>            <\/p>\n<p>                <img width=\"750\" height=\"500\" src=\"https:\/\/www.europesays.com\/fr\/wp-content\/uploads\/2025\/09\/france-strasbourg-mobilisation-bloquons-tout-wr-81-sur-123-750x500.jpg\" class=\"attachment-gallery size-gallery\" alt=\"10 septembre, bloquons tout, Foule, pancartes, manifestant, r\u00e9publique, Homophobie\" data-full-url=\"https:\/\/pokaa.fr\/wp-content\/uploads\/2025\/09\/10\/france-strasbourg-mobilisation-bloquons-tout-wr-81-sur-123.jpg\" decoding=\"async\" loading=\"lazy\"  \/>            <\/p>\n<p>                <img width=\"750\" height=\"500\" src=\"https:\/\/www.europesays.com\/fr\/wp-content\/uploads\/2025\/09\/france-strasbourg-mobilisation-bloquons-tout-wr-60-sur-123-750x500.jpg\" class=\"attachment-gallery size-gallery\" alt=\"10 septembre, bloquons tout, Foule, pancartes, manifestant, f\u00e9ri\u00e9s\" data-full-url=\"https:\/\/pokaa.fr\/wp-content\/uploads\/2025\/09\/10\/france-strasbourg-mobilisation-bloquons-tout-wr-60-sur-123.jpg\" decoding=\"async\" loading=\"lazy\"  \/>            <\/p>\n<p>                <img width=\"750\" height=\"500\" src=\"https:\/\/www.europesays.com\/fr\/wp-content\/uploads\/2025\/09\/france-strasbourg-mobilisation-bloquons-tout-wr-48-sur-123-750x500.jpg\" class=\"attachment-gallery size-gallery\" alt=\"10 septembre, bloquons tout, Manifestant, pancarte, macron\" data-full-url=\"https:\/\/pokaa.fr\/wp-content\/uploads\/2025\/09\/10\/france-strasbourg-mobilisation-bloquons-tout-wr-48-sur-123.jpg\" decoding=\"async\" loading=\"lazy\"  \/>            <\/p>\n<p>                <img width=\"750\" height=\"500\" src=\"https:\/\/www.europesays.com\/fr\/wp-content\/uploads\/2025\/09\/france-strasbourg-mobilisation-bloquons-tout-wr-55-sur-123-750x500.jpg\" class=\"attachment-gallery size-gallery\" alt=\"10 septembre, bloquons tout, Foule, pancartes, manifestant, culture\" data-full-url=\"https:\/\/pokaa.fr\/wp-content\/uploads\/2025\/09\/10\/france-strasbourg-mobilisation-bloquons-tout-wr-55-sur-123.jpg\" decoding=\"async\" loading=\"lazy\"  \/>            <\/p>\n<p>                <img width=\"750\" height=\"500\" src=\"https:\/\/www.europesays.com\/fr\/wp-content\/uploads\/2025\/09\/france-strasbourg-mobilisation-bloquons-tout-wr-54-sur-123-750x500.jpg\" class=\"attachment-gallery size-gallery\" alt=\"10 septembre, bloquons tout, Foule, pancartes, manifestant, gr\u00e8ve\" data-full-url=\"https:\/\/pokaa.fr\/wp-content\/uploads\/2025\/09\/10\/france-strasbourg-mobilisation-bloquons-tout-wr-54-sur-123.jpg\" decoding=\"async\" loading=\"lazy\"  \/>            <\/p>\n<p>                <img width=\"750\" height=\"500\" src=\"https:\/\/www.europesays.com\/fr\/wp-content\/uploads\/2025\/09\/france-strasbourg-mobilisation-bloquons-tout-wr-46-sur-123-750x500.jpg\" class=\"attachment-gallery size-gallery\" alt=\"10 septembre, bloquons tout, Drapeaux, URC, reflet\" data-full-url=\"https:\/\/pokaa.fr\/wp-content\/uploads\/2025\/09\/10\/france-strasbourg-mobilisation-bloquons-tout-wr-46-sur-123.jpg\" decoding=\"async\" loading=\"lazy\"  \/>            <\/p>\n<p>                <img width=\"750\" height=\"500\" src=\"https:\/\/www.europesays.com\/fr\/wp-content\/uploads\/2025\/09\/france-strasbourg-mobilisation-bloquons-tout-wr-45-sur-123-750x500.jpg\" class=\"attachment-gallery size-gallery\" alt=\"10 septembre, bloquons tout, Corne, drapeaux\" data-full-url=\"https:\/\/pokaa.fr\/wp-content\/uploads\/2025\/09\/10\/france-strasbourg-mobilisation-bloquons-tout-wr-45-sur-123.jpg\" decoding=\"async\" loading=\"lazy\"  \/>            <\/p>\n<p>                <img width=\"750\" height=\"500\" src=\"https:\/\/www.europesays.com\/fr\/wp-content\/uploads\/2025\/09\/france-strasbourg-mobilisation-bloquons-tout-wr-41-sur-123-750x500.jpg\" class=\"attachment-gallery size-gallery\" alt=\"10 septembre, bloquons tout, Foule, Manifestant\" data-full-url=\"https:\/\/pokaa.fr\/wp-content\/uploads\/2025\/09\/10\/france-strasbourg-mobilisation-bloquons-tout-wr-41-sur-123.jpg\" decoding=\"async\" loading=\"lazy\"  \/>            <\/p>\n<p>                <img width=\"333\" height=\"500\" src=\"https:\/\/www.europesays.com\/fr\/wp-content\/uploads\/2025\/09\/france-strasbourg-mobilisation-bloquons-tout-wr-40-sur-123-333x500.jpg\" class=\"attachment-gallery size-gallery\" alt=\"10 septembre, bloquons tout, Manifestant\" data-full-url=\"https:\/\/pokaa.fr\/wp-content\/uploads\/2025\/09\/10\/france-strasbourg-mobilisation-bloquons-tout-wr-40-sur-123.jpg\" decoding=\"async\" loading=\"lazy\"  \/>            <\/p>\n<p>                <img width=\"750\" height=\"500\" src=\"https:\/\/www.europesays.com\/fr\/wp-content\/uploads\/2025\/09\/france-strasbourg-mobilisation-bloquons-tout-wr-39-sur-123-750x500.jpg\" class=\"attachment-gallery size-gallery\" alt=\"10 septembre, bloquons tout, Manifestant\" data-full-url=\"https:\/\/pokaa.fr\/wp-content\/uploads\/2025\/09\/10\/france-strasbourg-mobilisation-bloquons-tout-wr-39-sur-123.jpg\" decoding=\"async\" loading=\"lazy\"  \/>            <\/p>\n<p>                    \u00a9 Wilfried Rion \/ Pokaa<\/p>\n<p>    <img width=\"800\" height=\"533\" src=\"https:\/\/www.europesays.com\/fr\/wp-content\/uploads\/2025\/09\/france-strasbourg-mobilisation-bloquons-tout-wr-72-sur-123-800x533.jpg\" class=\"attachment-image-size-L size-image-size-L\" alt=\"10 septembre, bloquons tout, Foule, pancartes, manifestant, r\u00e9publique\" decoding=\"async\" loading=\"lazy\"  \/>         \u00a9 Wilfried Rion \/ Pokaa <\/p>\n<p>                <img width=\"333\" height=\"500\" src=\"https:\/\/www.europesays.com\/fr\/wp-content\/uploads\/2025\/09\/france-strasbourg-mobilisation-bloquons-tout-wr-70-sur-123-333x500.jpg\" class=\"attachment-gallery size-gallery\" alt=\"10 septembre, bloquons tout, Foule, pancartes, manifestant, r\u00e9publique\" data-full-url=\"https:\/\/pokaa.fr\/wp-content\/uploads\/2025\/09\/10\/france-strasbourg-mobilisation-bloquons-tout-wr-70-sur-123.jpg\" decoding=\"async\" loading=\"lazy\"  \/>            <\/p>\n<p>                <img width=\"333\" height=\"500\" src=\"https:\/\/www.europesays.com\/fr\/wp-content\/uploads\/2025\/09\/france-strasbourg-mobilisation-bloquons-tout-wr-71-sur-123-333x500.jpg\" class=\"attachment-gallery size-gallery\" alt=\"10 septembre, bloquons tout, pancartes, manifestant, r\u00e9publique\" data-full-url=\"https:\/\/pokaa.fr\/wp-content\/uploads\/2025\/09\/10\/france-strasbourg-mobilisation-bloquons-tout-wr-71-sur-123.jpg\" decoding=\"async\" loading=\"lazy\"  \/>            <\/p>\n<p>                    \u00a9 Wilfried Rion \/ Pokaa<\/p>\n<p>    <img width=\"800\" height=\"533\" src=\"https:\/\/www.europesays.com\/fr\/wp-content\/uploads\/2025\/09\/france-strasbourg-mobilisation-bloquons-tout-wr-78-sur-123-800x533.jpg\" class=\"attachment-image-size-L size-image-size-L\" alt=\"10 septembre, bloquons tout, Foule, pancartes, manifestant, r\u00e9publique, parole\" decoding=\"async\" loading=\"lazy\"  \/>         \u00a9 Wilfried Rion \/ Pokaa <\/p>\n<p>                <img width=\"750\" height=\"500\" src=\"https:\/\/www.europesays.com\/fr\/wp-content\/uploads\/2025\/09\/france-strasbourg-mobilisation-bloquons-tout-wr-88-sur-123-750x500.jpg\" class=\"attachment-gallery size-gallery\" alt=\"10 septembre, bloquons tout, Foule, pancartes, manifestant, r\u00e9publique\" data-full-url=\"https:\/\/pokaa.fr\/wp-content\/uploads\/2025\/09\/10\/france-strasbourg-mobilisation-bloquons-tout-wr-88-sur-123.jpg\" decoding=\"async\" loading=\"lazy\"  \/>            <\/p>\n<p>                <img width=\"750\" height=\"500\" src=\"https:\/\/www.europesays.com\/fr\/wp-content\/uploads\/2025\/09\/france-strasbourg-mobilisation-bloquons-tout-wr-86-sur-123-750x500.jpg\" class=\"attachment-gallery size-gallery\" alt=\"10 septembre, bloquons tout, Foule, pancartes, drapeaux, manifestant, r\u00e9publique\" data-full-url=\"https:\/\/pokaa.fr\/wp-content\/uploads\/2025\/09\/10\/france-strasbourg-mobilisation-bloquons-tout-wr-86-sur-123.jpg\" decoding=\"async\" loading=\"lazy\"  \/>            <\/p>\n<p>                <img width=\"750\" height=\"500\" src=\"https:\/\/www.europesays.com\/fr\/wp-content\/uploads\/2025\/09\/france-strasbourg-mobilisation-bloquons-tout-wr-85-sur-123-750x500.jpg\" class=\"attachment-gallery size-gallery\" alt=\"10 septembre, bloquons tout, Foule, manifestant, r\u00e9publique\" data-full-url=\"https:\/\/pokaa.fr\/wp-content\/uploads\/2025\/09\/10\/france-strasbourg-mobilisation-bloquons-tout-wr-85-sur-123.jpg\" decoding=\"async\" loading=\"lazy\"  \/>            <\/p>\n<p>                <img width=\"750\" height=\"500\" src=\"https:\/\/www.europesays.com\/fr\/wp-content\/uploads\/2025\/09\/france-strasbourg-mobilisation-bloquons-tout-wr-84-sur-123-750x500.jpg\" class=\"attachment-gallery size-gallery\" alt=\"10 septembre, bloquons tout, Foule, manifestant\" data-full-url=\"https:\/\/pokaa.fr\/wp-content\/uploads\/2025\/09\/10\/france-strasbourg-mobilisation-bloquons-tout-wr-84-sur-123.jpg\" decoding=\"async\" loading=\"lazy\"  \/>            <\/p>\n<p>                <img width=\"750\" height=\"500\" src=\"https:\/\/www.europesays.com\/fr\/wp-content\/uploads\/2025\/09\/france-strasbourg-mobilisation-bloquons-tout-wr-83-sur-123-750x500.jpg\" class=\"attachment-gallery size-gallery\" alt=\"10 septembre, bloquons tout, Foule, pancartes, manifestant, r\u00e9publique, parole\" data-full-url=\"https:\/\/pokaa.fr\/wp-content\/uploads\/2025\/09\/10\/france-strasbourg-mobilisation-bloquons-tout-wr-83-sur-123.jpg\" decoding=\"async\" loading=\"lazy\"  \/>            <\/p>\n<p>                <img width=\"750\" height=\"500\" src=\"https:\/\/www.europesays.com\/fr\/wp-content\/uploads\/2025\/09\/france-strasbourg-mobilisation-bloquons-tout-wr-76-sur-123-750x500.jpg\" class=\"attachment-gallery size-gallery\" alt=\"10 septembre, bloquons tout, Foule, pancartes, manifestant, r\u00e9publique\" data-full-url=\"https:\/\/pokaa.fr\/wp-content\/uploads\/2025\/09\/10\/france-strasbourg-mobilisation-bloquons-tout-wr-76-sur-123.jpg\" decoding=\"async\" loading=\"lazy\"  \/>            <\/p>\n<p>                <img width=\"750\" height=\"500\" src=\"https:\/\/www.europesays.com\/fr\/wp-content\/uploads\/2025\/09\/france-strasbourg-mobilisation-bloquons-tout-wr-77-sur-123-750x500.jpg\" class=\"attachment-gallery size-gallery\" alt=\"10 septembre, bloquons tout, Foule, pancartes, manifestant, r\u00e9publique\" data-full-url=\"https:\/\/pokaa.fr\/wp-content\/uploads\/2025\/09\/10\/france-strasbourg-mobilisation-bloquons-tout-wr-77-sur-123.jpg\" decoding=\"async\" loading=\"lazy\"  \/>            <\/p>\n<p>                <img width=\"750\" height=\"500\" src=\"https:\/\/www.europesays.com\/fr\/wp-content\/uploads\/2025\/09\/france-strasbourg-mobilisation-bloquons-tout-wr-79-sur-123-750x500.jpg\" class=\"attachment-gallery size-gallery\" alt=\"10 septembre, bloquons tout, FSE, Foule, pancartes, manifestant, r\u00e9publique\" data-full-url=\"https:\/\/pokaa.fr\/wp-content\/uploads\/2025\/09\/10\/france-strasbourg-mobilisation-bloquons-tout-wr-79-sur-123.jpg\" decoding=\"async\" loading=\"lazy\"  \/>            <\/p>\n<p>                    \u00a9 Wilfried Rion \/ Pokaa<\/p>\n<p>\u00c0 la fin de la manifestation, les prises de parole s\u2019enchainent devant le Palais du Rhin. Un appel est lanc\u00e9 \u00e0 se rendre devant le commissariat central pour venir<strong> soutenir quatre lyc\u00e9ens interpell\u00e9s<\/strong> le matin m\u00eame lors du blocage de certains \u00e9tablissements.<\/p>\n<p><strong>Environ 1000 personnes d\u00e9filent \u00e0 nouveau le long des quais avant de s\u2019engager dans la Krutenau en direction d\u2019\u00c9toile-Bourse.<\/strong><\/p>\n<p>    <img width=\"800\" height=\"533\" src=\"https:\/\/www.europesays.com\/fr\/wp-content\/uploads\/2025\/09\/france-strasbourg-mobilisation-bloquons-tout-wr-92-sur-123-800x533.jpg\" class=\"attachment-image-size-L size-image-size-L\" alt=\"10 septembre, bloquons tout, Foule, pancartes, drapeaux, fumig\u00e8ne, manifestant, r\u00e9publique\" decoding=\"async\" loading=\"lazy\"  \/>         \u00a9 Wilfried Rion \/ Pokaa <\/p>\n<p>                <img width=\"750\" height=\"500\" src=\"https:\/\/www.europesays.com\/fr\/wp-content\/uploads\/2025\/09\/france-strasbourg-mobilisation-bloquons-tout-wr-98-sur-123-750x500.jpg\" class=\"attachment-gallery size-gallery\" alt=\"10 septembre, bloquons tout, Manifestant, drapeaux, Palestine\" data-full-url=\"https:\/\/pokaa.fr\/wp-content\/uploads\/2025\/09\/10\/france-strasbourg-mobilisation-bloquons-tout-wr-98-sur-123.jpg\" decoding=\"async\" loading=\"lazy\"  \/>            <\/p>\n<p>                <img width=\"750\" height=\"500\" src=\"https:\/\/www.europesays.com\/fr\/wp-content\/uploads\/2025\/09\/france-strasbourg-mobilisation-bloquons-tout-wr-97-sur-123-750x500.jpg\" class=\"attachment-gallery size-gallery\" alt=\"10 septembre, bloquons tout, Fen\u00eatre, peinture\" data-full-url=\"https:\/\/pokaa.fr\/wp-content\/uploads\/2025\/09\/10\/france-strasbourg-mobilisation-bloquons-tout-wr-97-sur-123.jpg\" decoding=\"async\" loading=\"lazy\"  \/>            <\/p>\n<p>                <img width=\"750\" height=\"500\" src=\"https:\/\/www.europesays.com\/fr\/wp-content\/uploads\/2025\/09\/france-strasbourg-mobilisation-bloquons-tout-wr-96-sur-123-750x500.jpg\" class=\"attachment-gallery size-gallery\" alt=\"10 septembre, bloquons tout, Foule, manifestant, caf\u00e9, croissant, drapeaux\" data-full-url=\"https:\/\/pokaa.fr\/wp-content\/uploads\/2025\/09\/10\/france-strasbourg-mobilisation-bloquons-tout-wr-96-sur-123.jpg\" decoding=\"async\" loading=\"lazy\"  \/>            <\/p>\n<p>                <img width=\"750\" height=\"500\" src=\"https:\/\/www.europesays.com\/fr\/wp-content\/uploads\/2025\/09\/france-strasbourg-mobilisation-bloquons-tout-wr-94-sur-123-750x500.jpg\" class=\"attachment-gallery size-gallery\" alt=\"10 septembre, bloquons tout, Foule, m\u00e9gaphone, manifestant\" data-full-url=\"https:\/\/pokaa.fr\/wp-content\/uploads\/2025\/09\/10\/france-strasbourg-mobilisation-bloquons-tout-wr-94-sur-123.jpg\" decoding=\"async\" loading=\"lazy\"  \/>            <\/p>\n<p>                <img width=\"750\" height=\"500\" src=\"https:\/\/www.europesays.com\/fr\/wp-content\/uploads\/2025\/09\/france-strasbourg-mobilisation-bloquons-tout-wr-91-sur-123-750x500.jpg\" class=\"attachment-gallery size-gallery\" alt=\"10 septembre, bloquons tout, Foule, pancartes, drapeaux, fumig\u00e8ne, manifestant, r\u00e9publique\" data-full-url=\"https:\/\/pokaa.fr\/wp-content\/uploads\/2025\/09\/10\/france-strasbourg-mobilisation-bloquons-tout-wr-91-sur-123.jpg\" decoding=\"async\" loading=\"lazy\"  \/>            <\/p>\n<p>                <img width=\"750\" height=\"500\" src=\"https:\/\/www.europesays.com\/fr\/wp-content\/uploads\/2025\/09\/france-strasbourg-mobilisation-bloquons-tout-wr-93-sur-123-750x500.jpg\" class=\"attachment-gallery size-gallery\" alt=\"10 septembre, bloquons tout, Foule, pancartes, drapeaux, manifestant\" data-full-url=\"https:\/\/pokaa.fr\/wp-content\/uploads\/2025\/09\/10\/france-strasbourg-mobilisation-bloquons-tout-wr-93-sur-123.jpg\" decoding=\"async\" loading=\"lazy\"  \/>            <\/p>\n<p>                    \u00a9 Wilfried Rion \/ Pokaa<\/p>\n<p>    <img width=\"800\" height=\"533\" src=\"https:\/\/www.europesays.com\/fr\/wp-content\/uploads\/2025\/09\/france-strasbourg-mobilisation-bloquons-tout-wr-99-sur-123-800x533.jpg\" class=\"attachment-image-size-L size-image-size-L\" alt=\"10 septembre, bloquons tout, Foule, travaux, pancartes, drapeaux, manifestant\" decoding=\"async\" loading=\"lazy\"  \/>         \u00a9 Wilfried Rion \/ Pokaa <\/p>\n<p>    <img width=\"800\" height=\"533\" src=\"https:\/\/www.europesays.com\/fr\/wp-content\/uploads\/2025\/09\/france-strasbourg-mobilisation-bloquons-tout-wr-114-sur-123-800x533.jpg\" class=\"attachment-image-size-L size-image-size-L\" alt=\"10 septembre, bloquons tout, Gendarmerie, camion, police\" decoding=\"async\" loading=\"lazy\"  \/>         \u00a9 Wilfried Rion \/ Pokaa <\/p>\n<p>    <img width=\"800\" height=\"533\" src=\"https:\/\/www.europesays.com\/fr\/wp-content\/uploads\/2025\/09\/france-strasbourg-mobilisation-bloquons-tout-wr-113-sur-123-800x533.jpg\" class=\"attachment-image-size-L size-image-size-L\" alt=\"10 septembre, bloquons tout, Foule, manifestant, gendarmerie\" decoding=\"async\" loading=\"lazy\"  \/>         \u00a9 Wilfried Rion \/ Pokaa <\/p>\n<p>                <img width=\"750\" height=\"500\" src=\"https:\/\/www.europesays.com\/fr\/wp-content\/uploads\/2025\/09\/france-strasbourg-mobilisation-bloquons-tout-wr-111-sur-123-750x500.jpg\" class=\"attachment-gallery size-gallery\" alt=\"10 septembre, bloquons tout, Observateur\" data-full-url=\"https:\/\/pokaa.fr\/wp-content\/uploads\/2025\/09\/10\/france-strasbourg-mobilisation-bloquons-tout-wr-111-sur-123.jpg\" decoding=\"async\" loading=\"lazy\"  \/>            <\/p>\n<p>                <img width=\"750\" height=\"500\" src=\"https:\/\/www.europesays.com\/fr\/wp-content\/uploads\/2025\/09\/france-strasbourg-mobilisation-bloquons-tout-wr-115-sur-123-750x500.jpg\" class=\"attachment-gallery size-gallery\" alt=\"10 septembre, bloquons tout, Police, manifestant\" data-full-url=\"https:\/\/pokaa.fr\/wp-content\/uploads\/2025\/09\/10\/france-strasbourg-mobilisation-bloquons-tout-wr-115-sur-123.jpg\" decoding=\"async\" loading=\"lazy\"  \/>            <\/p>\n<p>                <img width=\"750\" height=\"500\" src=\"https:\/\/www.europesays.com\/fr\/wp-content\/uploads\/2025\/09\/france-strasbourg-mobilisation-bloquons-tout-wr-109-sur-123-750x500.jpg\" class=\"attachment-gallery size-gallery\" alt=\"10 septembre, bloquons tout, manifestant, m\u00e9gaphone, foule\" data-full-url=\"https:\/\/pokaa.fr\/wp-content\/uploads\/2025\/09\/10\/france-strasbourg-mobilisation-bloquons-tout-wr-109-sur-123.jpg\" decoding=\"async\" loading=\"lazy\"  \/>            <\/p>\n<p>                <img width=\"750\" height=\"500\" src=\"https:\/\/www.europesays.com\/fr\/wp-content\/uploads\/2025\/09\/france-strasbourg-mobilisation-bloquons-tout-wr-110-sur-123-750x500.jpg\" class=\"attachment-gallery size-gallery\" alt=\"10 septembre, bloquons tout, manifestant, m\u00e9gaphone\" data-full-url=\"https:\/\/pokaa.fr\/wp-content\/uploads\/2025\/09\/10\/france-strasbourg-mobilisation-bloquons-tout-wr-110-sur-123.jpg\" decoding=\"async\" loading=\"lazy\"  \/>            <\/p>\n<p>                <img width=\"750\" height=\"500\" src=\"https:\/\/www.europesays.com\/fr\/wp-content\/uploads\/2025\/09\/france-strasbourg-mobilisation-bloquons-tout-wr-103-sur-123-750x500.jpg\" class=\"attachment-gallery size-gallery\" alt=\"10 septembre, bloquons tout, Manifestant, m\u00e9gaphone, foule\" data-full-url=\"https:\/\/pokaa.fr\/wp-content\/uploads\/2025\/09\/10\/france-strasbourg-mobilisation-bloquons-tout-wr-103-sur-123.jpg\" decoding=\"async\" loading=\"lazy\"  \/>            <\/p>\n<p>                <img width=\"750\" height=\"500\" src=\"https:\/\/www.europesays.com\/fr\/wp-content\/uploads\/2025\/09\/france-strasbourg-mobilisation-bloquons-tout-wr-106-sur-123-750x500.jpg\" class=\"attachment-gallery size-gallery\" alt=\"10 septembre, bloquons tout, Manifestant, pancarte, police, gendarmerie\" data-full-url=\"https:\/\/pokaa.fr\/wp-content\/uploads\/2025\/09\/10\/france-strasbourg-mobilisation-bloquons-tout-wr-106-sur-123.jpg\" decoding=\"async\" loading=\"lazy\"  \/>            <\/p>\n<p>                    \u00a9 Wilfried Rion \/ Pokaa<\/p>\n<p>    <img width=\"400\" height=\"600\" src=\"https:\/\/www.europesays.com\/fr\/wp-content\/uploads\/2025\/09\/france-strasbourg-mobilisation-bloquons-tout-wr-108-sur-123-400x600.jpg\" class=\"attachment-image-size-M size-image-size-M\" alt=\"10 septembre, bloquons tout, Gendarmerie, gendarme\" decoding=\"async\" loading=\"lazy\"  \/>         \u00a9 Wilfried Rion \/ Pokaa <\/p>\n<p><strong>La foule, arr\u00eat\u00e9e par la pr\u00e9sence de gendarmes sur le pont de la rue de la 1\u02b3\u1d49 Arm\u00e9e, s\u2019assied par terre pendant une heure et demie<\/strong>. \u00c0 19h, les forces de l\u2019ordre chargent pour disperser la foule et font usage de gaz lacrymog\u00e8ne. Mais plusieurs rendez-vous sont donn\u00e9s ce jeudi, pour organiser la suite de la mobilisation sans attendre la manifestation intersyndicale du 18 septembre.<\/p>\n<p>                <img width=\"750\" height=\"500\" src=\"https:\/\/www.europesays.com\/fr\/wp-content\/uploads\/2025\/09\/france-strasbourg-mobilisation-bloquons-tout-wr-117-sur-123-750x500.jpg\" class=\"attachment-gallery size-gallery\" alt=\"10 septembre, bloquons tout, Police, gendarmerie, manifestant\" data-full-url=\"https:\/\/pokaa.fr\/wp-content\/uploads\/2025\/09\/10\/france-strasbourg-mobilisation-bloquons-tout-wr-117-sur-123.jpg\" decoding=\"async\" loading=\"lazy\"  \/>            <\/p>\n<p>                <img width=\"750\" height=\"500\" src=\"https:\/\/www.europesays.com\/fr\/wp-content\/uploads\/2025\/09\/france-strasbourg-mobilisation-bloquons-tout-wr-122-sur-123-750x500.jpg\" class=\"attachment-gallery size-gallery\" alt=\"10 septembre, bloquons tout, Gendarmerie, lacrymog\u00e8ne, police, manifestants\" data-full-url=\"https:\/\/pokaa.fr\/wp-content\/uploads\/2025\/09\/10\/france-strasbourg-mobilisation-bloquons-tout-wr-122-sur-123.jpg\" decoding=\"async\" loading=\"lazy\"  \/>            <\/p>\n<p>                <img width=\"750\" height=\"500\" src=\"https:\/\/www.europesays.com\/fr\/wp-content\/uploads\/2025\/09\/france-strasbourg-mobilisation-bloquons-tout-wr-119-sur-123-750x500.jpg\" class=\"attachment-gallery size-gallery\" alt=\"10 septembre, bloquons tout, Arrestation, manifestant, police, gendarmerie\" data-full-url=\"https:\/\/pokaa.fr\/wp-content\/uploads\/2025\/09\/11\/france-strasbourg-mobilisation-bloquons-tout-wr-119-sur-123.jpg\" decoding=\"async\" loading=\"lazy\"  \/>            <\/p>\n<p>                <img width=\"750\" height=\"500\" src=\"https:\/\/www.europesays.com\/fr\/wp-content\/uploads\/2025\/09\/france-strasbourg-mobilisation-bloquons-tout-wr-120-sur-123-750x500.jpg\" class=\"attachment-gallery size-gallery\" alt=\"10 septembre, bloquons tout, Police, gendarmerie, manifestant\" data-full-url=\"https:\/\/pokaa.fr\/wp-content\/uploads\/2025\/09\/10\/france-strasbourg-mobilisation-bloquons-tout-wr-120-sur-123.jpg\" decoding=\"async\" loading=\"lazy\"  \/>            <\/p>\n<p>                    \u00a9 Wilfried Rion \/ Pokaa<\/p>\n<p>    <img width=\"800\" height=\"533\" src=\"https:\/\/www.europesays.com\/fr\/wp-content\/uploads\/2025\/09\/france-strasbourg-mobilisation-bloquons-tout-wr-123-sur-123-800x533.jpg\" class=\"attachment-image-size-L size-image-size-L\" alt=\"10 septembre, bloquons tout, Gendarmerie, police\" decoding=\"async\" loading=\"lazy\"  \/>         \u00a9 Wilfried Rion \/ Pokaa <\/p>\n","protected":false},"excerpt":{"rendered":"Mercredi 10 septembre, le mouvement \u00ab\u00a0Bloquons tout\u00a0\u00bb a rassembl\u00e9 plus de 10 000 personnes dans les rues de&hellip;\n","protected":false},"author":2,"featured_media":389934,"comment_status":"","ping_status":"","sticky":false,"template":"","format":"standard","meta":{"footnotes":""},"categories":[2820],"tags":[48300,1111,11,47212,1777,674,1011,27,775,50874,2088,12,25,640],"class_list":{"0":"post-389933","1":"post","2":"type-post","3":"status-publish","4":"format-standard","5":"has-post-thumbnail","7":"category-strasbourg","8":"tag-10-septembre","9":"tag-actu","10":"tag-actualites","11":"tag-bloquons-tout","12":"tag-eu","13":"tag-europe","14":"tag-fr","15":"tag-france","16":"tag-grand-est","17":"tag-justice-sociale","18":"tag-manifestation","19":"tag-news","20":"tag-republique-francaise","21":"tag-strasbourg"},"share_on_mastodon":{"url":"https:\/\/pubeurope.com\/@fr\/115201993069112440","error":""},"_links":{"self":[{"href":"https:\/\/www.europesays.com\/fr\/wp-json\/wp\/v2\/posts\/389933","targetHints":{"allow":["GET"]}}],"collection":[{"href":"https:\/\/www.europesays.com\/fr\/wp-json\/wp\/v2\/posts"}],"about":[{"href":"https:\/\/www.europesays.com\/fr\/wp-json\/wp\/v2\/types\/post"}],"author":[{"embeddable":true,"href":"https:\/\/www.europesays.com\/fr\/wp-json\/wp\/v2\/users\/2"}],"replies":[{"embeddable":true,"href":"https:\/\/www.europesays.com\/fr\/wp-json\/wp\/v2\/comments?post=389933"}],"version-history":[{"count":0,"href":"https:\/\/www.europesays.com\/fr\/wp-json\/wp\/v2\/posts\/389933\/revisions"}],"wp:featuredmedia":[{"embeddable":true,"href":"https:\/\/www.europesays.com\/fr\/wp-json\/wp\/v2\/media\/389934"}],"wp:attachment":[{"href":"https:\/\/www.europesays.com\/fr\/wp-json\/wp\/v2\/media?parent=389933"}],"wp:term":[{"taxonomy":"category","embeddable":true,"href":"https:\/\/www.europesays.com\/fr\/wp-json\/wp\/v2\/categories?post=389933"},{"taxonomy":"post_tag","embeddable":true,"href":"https:\/\/www.europesays.com\/fr\/wp-json\/wp\/v2\/tags?post=389933"}],"curies":[{"name":"wp","href":"https:\/\/api.w.org\/{rel}","templated":true}]}}