{"id":389935,"date":"2025-09-14T09:40:31","date_gmt":"2025-09-14T09:40:31","guid":{"rendered":"https:\/\/www.europesays.com\/fr\/389935\/"},"modified":"2025-09-14T09:40:31","modified_gmt":"2025-09-14T09:40:31","slug":"exclusif-voici-les-prenoms-les-plus-en-hausse-dans-le-bas-rhin-depuis-2000","status":"publish","type":"post","link":"https:\/\/www.europesays.com\/fr\/389935\/","title":{"rendered":"EXCLUSIF. Voici les pr\u00e9noms les plus en hausse dans le Bas-Rhin depuis 2000"},"content":{"rendered":"<p>            Par<br \/>\n        <strong><br \/>\n            <a href=\"https:\/\/actu.fr\/auteur\/pierre-emile-bouchy-actu-fr\" title=\"Consulter tous les articles de Paul-Emile Bouchy\" rel=\"nofollow noopener\" target=\"_blank\">Paul-Emile Bouchy<\/a><br \/>\n        <\/strong><\/p>\n<p>        Publi\u00e9 le<\/p>\n<p>            13 sept. 2025 \u00e0 17h02        <\/p>\n<p>D\u00e9but juillet, l\u2019Insee a d\u00e9voil\u00e9 ses statistiques <a href=\"https:\/\/actu.fr\/societe\/naissances-voici-les-prenoms-les-plus-donnes-en-2024-dans-le-bas-rhin_62894370.html\" rel=\"nofollow noopener\" target=\"_blank\">des pr\u00e9noms les plus donn\u00e9s dans le Bas-Rhin en 2024<\/a>. Ainsi, l\u2019an dernier, <strong>L\u00e9on arrivait en t\u00eate chez les gar\u00e7ons et Emma chez les filles.<\/strong><\/p>\n<p class=\" wall-content\">Mais depuis 2000, quels sont <strong>les pr\u00e9noms qui sont les plus en hausse<\/strong> dans le d\u00e9partement\u2009? Pour Actu Strasbourg, le site Geneanet a list\u00e9 <strong>le top\u00a010 f\u00e9minin et masculin<\/strong>.<\/p>\n<p>Les pr\u00e9noms qui montent chez les filles dans le Bas-Rhin<\/p>\n<p class=\" wall-content\">Chez les filles, <strong>Agathe arrive en t\u00eate<\/strong> (15* en 2000 contre 50 en 2024), talonn\u00e9e par Ambre et Ad\u00e8le (10 en 2000 contre 40 en 2024). Ce classement fait la part belle \u00e0 des pr\u00e9noms tr\u00e8s peu donn\u00e9s au d\u00e9but des ann\u00e9es 2000 comme Alma et Inaya.<\/p>\n<ul class=\" wall-content\">\n<li>1. Agathe<\/li>\n<li>2. Ambre<\/li>\n<li>3. Ad\u00e8le<\/li>\n<li>4. Rose<\/li>\n<li>5. Olivia<\/li>\n<li>6. Romy<\/li>\n<li>7. Alma<\/li>\n<li>9. Inaya<\/li>\n<li>9. Alya<\/li>\n<li>10. Nour<\/li>\n<\/ul>\n<p>L\u00e9on en hausse constante chez les gar\u00e7ons<\/p>\n<p class=\" wall-content\">Du c\u00f4t\u00e9 masculin, les pr\u00e9noms les plus en augmentation sont <strong>ceux qui ont \u00e9t\u00e9 les plus donn\u00e9s en 2024<\/strong>\u2009: <strong>L\u00e9on<\/strong> (10 en 2000 contre 90 en 2024) et <strong>Gabriel<\/strong> (20 en 2000 contre 80 en 2024).<\/p>\n<ul class=\" wall-content\">\n<li>1. L\u00e9on<\/li>\n<li>2. Gabriel<\/li>\n<li>3. Ma\u00ebl<\/li>\n<li>4. Adam<\/li>\n<li>5. Liam<\/li>\n<li>6. Isaac<\/li>\n<li>7. Elio<\/li>\n<li>8. Imran<\/li>\n<li>9. Aaron<\/li>\n<li>10. Malo<\/li>\n<\/ul>\n<p class=\" wall-content\">L\u2019ensemble de ces donn\u00e9es sont disponibles sur le site de <a href=\"https:\/\/www.geneanet.org\/\" rel=\"nofollow noopener\" target=\"_blank\">Geneanet<\/a>.<\/p>\n<p class=\" wall-content\">* Contrairement aux ann\u00e9es pr\u00e9c\u00e9dentes, les donn\u00e9es sont d\u00e9sormais arrondies au multiple de 5 le plus proche. L\u2019Insee explique que cela est motiv\u00e9 \u00ab\u2009par la variabilit\u00e9 de quelques unit\u00e9s d\u2019une ann\u00e9e \u00e0 l\u2019autre des fr\u00e9quences et par la mise en \u0153uvre des obligations de secret statistique\u2009\u00bb.<\/p>\n<p class=\" wall-content\">Personnalisez votre actualit\u00e9 en ajoutant vos villes et m\u00e9dias en favori avec <a href=\"https:\/\/moncompte.actu.fr\" title=\"D\u00e9couvez Mon Actu\" rel=\"nofollow noopener\" data-trk=\"{&quot;cta&quot;:{&quot;action&quot;:&quot;https:\\\/\\\/moncompte.actu.fr&quot;,&quot;category&quot;:&quot;mon compte&quot;,&quot;from&quot;:&quot;article footer&quot;,&quot;name&quot;:&quot;Mon actu&quot;,&quot;type&quot;:&quot;cta&quot;}}\" target=\"_blank\">Mon Actu<\/a>.<\/p>\n","protected":false},"excerpt":{"rendered":"Par Paul-Emile Bouchy Publi\u00e9 le 13 sept. 2025 \u00e0 17h02 D\u00e9but juillet, l\u2019Insee a d\u00e9voil\u00e9 ses statistiques des&hellip;\n","protected":false},"author":2,"featured_media":389936,"comment_status":"","ping_status":"","sticky":false,"template":"","format":"standard","meta":{"footnotes":""},"categories":[2820],"tags":[1111,11,6969,1777,674,1011,27,775,12,25,104,640],"class_list":{"0":"post-389935","1":"post","2":"type-post","3":"status-publish","4":"format-standard","5":"has-post-thumbnail","7":"category-strasbourg","8":"tag-actu","9":"tag-actualites","10":"tag-demographie","11":"tag-eu","12":"tag-europe","13":"tag-fr","14":"tag-france","15":"tag-grand-est","16":"tag-news","17":"tag-republique-francaise","18":"tag-societe","19":"tag-strasbourg"},"share_on_mastodon":{"url":"https:\/\/pubeurope.com\/@fr\/115201993834573675","error":""},"_links":{"self":[{"href":"https:\/\/www.europesays.com\/fr\/wp-json\/wp\/v2\/posts\/389935","targetHints":{"allow":["GET"]}}],"collection":[{"href":"https:\/\/www.europesays.com\/fr\/wp-json\/wp\/v2\/posts"}],"about":[{"href":"https:\/\/www.europesays.com\/fr\/wp-json\/wp\/v2\/types\/post"}],"author":[{"embeddable":true,"href":"https:\/\/www.europesays.com\/fr\/wp-json\/wp\/v2\/users\/2"}],"replies":[{"embeddable":true,"href":"https:\/\/www.europesays.com\/fr\/wp-json\/wp\/v2\/comments?post=389935"}],"version-history":[{"count":0,"href":"https:\/\/www.europesays.com\/fr\/wp-json\/wp\/v2\/posts\/389935\/revisions"}],"wp:featuredmedia":[{"embeddable":true,"href":"https:\/\/www.europesays.com\/fr\/wp-json\/wp\/v2\/media\/389936"}],"wp:attachment":[{"href":"https:\/\/www.europesays.com\/fr\/wp-json\/wp\/v2\/media?parent=389935"}],"wp:term":[{"taxonomy":"category","embeddable":true,"href":"https:\/\/www.europesays.com\/fr\/wp-json\/wp\/v2\/categories?post=389935"},{"taxonomy":"post_tag","embeddable":true,"href":"https:\/\/www.europesays.com\/fr\/wp-json\/wp\/v2\/tags?post=389935"}],"curies":[{"name":"wp","href":"https:\/\/api.w.org\/{rel}","templated":true}]}}