{"id":389940,"date":"2025-09-14T09:43:14","date_gmt":"2025-09-14T09:43:14","guid":{"rendered":"https:\/\/www.europesays.com\/fr\/389940\/"},"modified":"2025-09-14T09:43:14","modified_gmt":"2025-09-14T09:43:14","slug":"bloquons-tout-en-loire-atlantique-les-manifestations-de-ce-samedi-ont-peu-mobilise","status":"publish","type":"post","link":"https:\/\/www.europesays.com\/fr\/389940\/","title":{"rendered":"\u00ab\u00a0Bloquons tout\u00a0\u00bb en Loire-Atlantique\u00a0: les manifestations de ce samedi ont peu mobilis\u00e9"},"content":{"rendered":"<p>Combien allaient-ils \u00eatre\u00a0? Quelques centaines, plusieurs milliers\u00a0? C\u2019\u00e9tait la grande inconnue de ce samedi 13\u00a0septembre 2025. Apr\u00e8s le premier \u00e9pisode du mouvement \u00ab\u00a0Bloquons tout\u00a0\u00bb du mercredi 10\u00a0septembre, d\u2019autres \u00e9taient annonc\u00e9s\u00a0en Loire-Atlantique.<\/p>\n<p>\u00c0 Saint-Nazaire, direction l\u2019hypermarch\u00e9 Auchan, \u00e0 Trignac. Mais d\u00e8s le matin, les gendarmes avaient pris position avant, et les agents de s\u00e9curit\u00e9 verrouill\u00e9 les portes coulissantes. Le groupe de cinquante\u00a0manifestants a d\u00e9vi\u00e9 vers une d\u00e9ambulation dans la zone commerciale. Les gendarmes, qui les ont suivis \u00e0 la trace, ont emp\u00each\u00e9 aussi l\u2019acc\u00e8s \u00e0 Kiabi. Ensuite, Leroy Merlin a bloqu\u00e9 son entr\u00e9e quand le cort\u00e8ge a pris la direction du magasin de bricolage. Boulanger a abaiss\u00e9 le rideau m\u00e9tallique par pr\u00e9caution. Si les autorit\u00e9s ont r\u00e9ussi \u00e0 emp\u00eacher des intrusions, les manifestants n\u2019\u00e9taient pas m\u00e9contents, eux, d\u2019avoir contraint des magasins \u00e0 s\u2019auto-bloquer.<\/p>\n<p>Plus de gendarmes que de manifestants<\/p>\n<p>Au m\u00eame moment, action emp\u00each\u00e9e aussi \u00e0 Bouvron, pr\u00e8s de\u00a0Ch\u00e2teaubriant. Seule une poign\u00e9e de manifestants (moins de dix personnes) ont r\u00e9pondu \u00e0 l\u2019appel \u00e0 une action de blocage, tandis qu\u2019une vingtaine de gendarmes, d\u00e9ploy\u00e9s en huit v\u00e9hicules, assuraient la s\u00e9curisation du rond-point de Bellevue d\u00e8s 10\u00a0heures du matin. La circulation n\u2019a pas \u00e9t\u00e9 perturb\u00e9e, comme \u00e0 Ancenis, o\u00f9 une mobilisation similaire a tourn\u00e9 court rapidement\u00a0: elle<a href=\"https:\/\/www.ouest-france.fr\/societe\/manifestation\/video-bloquons-tout-faible-mobilisation-ce-samedi-matin-a-ancenis-a46fb15d-c982-41fc-881a-7a1db10a0808\" target=\"_self\" rel=\"noopener\"> n\u2019a attir\u00e9 qu\u2019une quinzaine de personnes<\/a>. L\u00e0 aussi, le dispositif de s\u00e9curit\u00e9 en place \u00e9tait largement sup\u00e9rieur \u00e0 l\u2019ampleur de la mobilisation.<\/p>\n<p>Deux interpellations<\/p>\n<p>Faible participation \u00e9galement \u00e0 Nantes. <a href=\"https:\/\/nantes.maville.com\/actu\/actudet_-video.-bloquons-tout-rassemble-un-millier-de-manifestants-sous-la-pluie-dans-nantes-_52716-6974132_actu.Htm\" target=\"_self\" rel=\"noopener\">2\u00a0000\u00a0personnes se sont retrouv\u00e9es<\/a> \u00e0 14\u00a0h \u00e0 la crois\u00e9e des trams dans le centre-ville. Vers 15\u00a0h, une marche s\u2019est improvis\u00e9e en direction de la pr\u00e9fecture. Quelques drapeaux et chasubles de partis de gauche et syndicats \u2013 CGT, Union pirate, Solidaires, NPA, CNT ont \u00e9t\u00e9 aper\u00e7us dans le cort\u00e8ge. Sur les pancartes, on pouvait lire \u00ab\u00a0Taxons les riches\u00a0\u00bb.<\/p>\n<p>Dans les rangs, les chants antifascistes et slogans contre le pr\u00e9sident de la R\u00e9publique Emmanuel Macron, ont \u00e9t\u00e9 scand\u00e9s.\u00a0Les forces de l\u2019ordre bloquaient l\u2019acc\u00e8s aux rues adjacentes.\u00a0Quelques jets de projectiles et de gaz lacrymog\u00e8ne ont \u00e9t\u00e9 \u00e9chang\u00e9s \u00e0 l\u2019angle de la rue de Strasbourg \u2013 des v\u00e9hicules se sont retrouv\u00e9s bloqu\u00e9s \u2013 et de la rue de Verdun. Les lignes de bus et trams ont \u00e9t\u00e9 perturb\u00e9es.\u00a0Un peu plus t\u00f4t, la municipalit\u00e9 avait demand\u00e9 aux commer\u00e7ants de <a href=\"https:\/\/nantes.maville.com\/actu\/actudet_-braderie-sous-tension-a-nantes-entre-pluie-et-manifestation-les-commercants-s-adaptent-_52716-6974109_actu.Htm\" target=\"_self\" rel=\"noopener\">rapatrier leur braderie \u00e0 l\u2019int\u00e9rieur des boutiques<\/a>. Deux personnes ont \u00e9t\u00e9 interpell\u00e9es en marge de la manifestation.<\/p>\n<p>\u00a0<\/p>\n","protected":false},"excerpt":{"rendered":"Combien allaient-ils \u00eatre\u00a0? Quelques centaines, plusieurs milliers\u00a0? C\u2019\u00e9tait la grande inconnue de ce samedi 13\u00a0septembre 2025. Apr\u00e8s le&hellip;\n","protected":false},"author":2,"featured_media":389941,"comment_status":"","ping_status":"","sticky":false,"template":"","format":"standard","meta":{"footnotes":""},"categories":[2818],"tags":[49970,1111,11,1777,674,1011,27,3047,1272,9873,766,12,2636,25,3982],"class_list":{"0":"post-389940","1":"post","2":"type-post","3":"status-publish","4":"format-standard","5":"has-post-thumbnail","7":"category-nantes","8":"tag-bloquons","9":"tag-actu","10":"tag-actualites","11":"tag-eu","12":"tag-europe","13":"tag-fr","14":"tag-france","15":"tag-loire-atlantique","16":"tag-manifestations","17":"tag-mobilise","18":"tag-nantes","19":"tag-news","20":"tag-pays-de-la-loire","21":"tag-republique-francaise","22":"tag-samedi"},"share_on_mastodon":{"url":"https:\/\/pubeurope.com\/@fr\/115202005678051341","error":""},"_links":{"self":[{"href":"https:\/\/www.europesays.com\/fr\/wp-json\/wp\/v2\/posts\/389940","targetHints":{"allow":["GET"]}}],"collection":[{"href":"https:\/\/www.europesays.com\/fr\/wp-json\/wp\/v2\/posts"}],"about":[{"href":"https:\/\/www.europesays.com\/fr\/wp-json\/wp\/v2\/types\/post"}],"author":[{"embeddable":true,"href":"https:\/\/www.europesays.com\/fr\/wp-json\/wp\/v2\/users\/2"}],"replies":[{"embeddable":true,"href":"https:\/\/www.europesays.com\/fr\/wp-json\/wp\/v2\/comments?post=389940"}],"version-history":[{"count":0,"href":"https:\/\/www.europesays.com\/fr\/wp-json\/wp\/v2\/posts\/389940\/revisions"}],"wp:featuredmedia":[{"embeddable":true,"href":"https:\/\/www.europesays.com\/fr\/wp-json\/wp\/v2\/media\/389941"}],"wp:attachment":[{"href":"https:\/\/www.europesays.com\/fr\/wp-json\/wp\/v2\/media?parent=389940"}],"wp:term":[{"taxonomy":"category","embeddable":true,"href":"https:\/\/www.europesays.com\/fr\/wp-json\/wp\/v2\/categories?post=389940"},{"taxonomy":"post_tag","embeddable":true,"href":"https:\/\/www.europesays.com\/fr\/wp-json\/wp\/v2\/tags?post=389940"}],"curies":[{"name":"wp","href":"https:\/\/api.w.org\/{rel}","templated":true}]}}