{"id":389946,"date":"2025-09-14T09:46:14","date_gmt":"2025-09-14T09:46:14","guid":{"rendered":"https:\/\/www.europesays.com\/fr\/389946\/"},"modified":"2025-09-14T09:46:14","modified_gmt":"2025-09-14T09:46:14","slug":"arrets-supprimes-retard-de-quatre-heures-un-feu-de-cable-electrique-perturbe-la-circulation-des-trains","status":"publish","type":"post","link":"https:\/\/www.europesays.com\/fr\/389946\/","title":{"rendered":"Arr\u00eats supprim\u00e9s, retard de quatre heures\u2026 Un feu de c\u00e2ble \u00e9lectrique perturbe la circulation des trains"},"content":{"rendered":"<p>Les usagers de la SNCF doivent prendre leur mal en patience ce dimanche. Selon la compagnie, \u00ab\u00a0un incendie s\u2019est d\u00e9clar\u00e9 aux abords des voies \u00e0 Saint-M\u00e9dard, entre Agen et <a href=\"https:\/\/www.20minutes.fr\/bordeaux\/\" class=\"c-link c-link--is-underlined\" target=\"_blank\" rel=\"noopener\">Bordeaux<\/a>\u00a0\u00bb.<\/p>\n<p><a href=\"https:\/\/france3-regions.franceinfo.fr\/nouvelle-aquitaine\/gironde\/bordeaux\/on-protege-le-site-et-on-evite-la-propagation-feu-de-cable-sncf-la-circulation-des-trains-coupee-au-sud-de-bordeaux-3216497.html\" target=\"_blank\" class=\"c-link c-link--is-underlined\" rel=\"noopener\">France 3<\/a> rapporte que \u00ab\u00a0les pompiers ont \u00e9t\u00e9 mobilis\u00e9s d\u00e8s 8h30 pour un feu de c\u00e2ble \u00e9lectrique au sol\u00a0\u00bb, pr\u00e9cisant que \u00ab\u00a0le c\u00e2ble br\u00fblait sur une vingtaine de m\u00e8tres \u00e0 leur arriv\u00e9e sur place\u00a0\u00bb. Les circonstances de l\u2019incendie ne sont pas encore connues.<\/p>\n<p>Les cons\u00e9quences, en revanche, sont claires. Le train parti de Paris Montparnasse \u00e0 8h30 n\u2019ira pas plus loin que la gare de Bordeaux Saint-Jean et ne desservira donc ni Agen, ni <a href=\"https:\/\/www.20minutes.fr\/societe\/montauban\/\" class=\"c-link c-link--is-underlined\" target=\"_blank\" rel=\"noopener\">Montauban<\/a>, ni Toulouse. Un retard de deux heures (pour l\u2019instant) est \u00e0 pr\u00e9voir pour le train Intercit\u00e9s de 10h09 reliant Bordeaux \u00e0 <a href=\"https:\/\/www.20minutes.fr\/marseille\/\" class=\"c-link c-link--is-underlined\" target=\"_blank\" rel=\"noopener\">Marseille<\/a>.<\/p>\n<\/p>\n<p>Le train de 8h12 entre Toulouse et Paris, cens\u00e9 arriver \u00e0 Montparnasse \u00e0 12h49, est quant \u00e0 lui annonc\u00e9 avec quatre heures de retard \u00e0 Bordeaux et Paris. Un <a href=\"https:\/\/www.20minutes.fr\/dossier\/ter\" class=\"c-link c-link--is-underlined\" target=\"_blank\" rel=\"noopener\">TER<\/a> a par ailleurs \u00e9t\u00e9 supprim\u00e9. La SNCF explique que la circulation sera \u00ab\u00a0perturb\u00e9e entre Langon et <a href=\"https:\/\/www.20minutes.fr\/dossier\/agen\" class=\"c-link c-link--is-underlined\" target=\"_blank\" rel=\"noopener\">Agen<\/a> jusqu\u2019\u00e0 16h\u00a0\u00bb.<\/p>\n","protected":false},"excerpt":{"rendered":"Les usagers de la SNCF doivent prendre leur mal en patience ce dimanche. Selon la compagnie, \u00ab\u00a0un incendie&hellip;\n","protected":false},"author":2,"featured_media":389947,"comment_status":"","ping_status":"","sticky":false,"template":"","format":"standard","meta":{"footnotes":""},"categories":[2817],"tags":[1111,47,11,3177,1997,1777,674,1011,27,2905,12,2219,25,2215,104],"class_list":{"0":"post-389946","1":"post","2":"type-post","3":"status-publish","4":"format-standard","5":"has-post-thumbnail","7":"category-bordeaux","8":"tag-actu","9":"tag-actualite","10":"tag-actualites","11":"tag-aquitaine","12":"tag-bordeaux","13":"tag-eu","14":"tag-europe","15":"tag-fr","16":"tag-france","17":"tag-gironde","18":"tag-news","19":"tag-nouvelle-aquitaine","20":"tag-republique-francaise","21":"tag-sncf","22":"tag-societe"},"share_on_mastodon":{"url":"https:\/\/pubeurope.com\/@fr\/115202017468336187","error":""},"_links":{"self":[{"href":"https:\/\/www.europesays.com\/fr\/wp-json\/wp\/v2\/posts\/389946","targetHints":{"allow":["GET"]}}],"collection":[{"href":"https:\/\/www.europesays.com\/fr\/wp-json\/wp\/v2\/posts"}],"about":[{"href":"https:\/\/www.europesays.com\/fr\/wp-json\/wp\/v2\/types\/post"}],"author":[{"embeddable":true,"href":"https:\/\/www.europesays.com\/fr\/wp-json\/wp\/v2\/users\/2"}],"replies":[{"embeddable":true,"href":"https:\/\/www.europesays.com\/fr\/wp-json\/wp\/v2\/comments?post=389946"}],"version-history":[{"count":0,"href":"https:\/\/www.europesays.com\/fr\/wp-json\/wp\/v2\/posts\/389946\/revisions"}],"wp:featuredmedia":[{"embeddable":true,"href":"https:\/\/www.europesays.com\/fr\/wp-json\/wp\/v2\/media\/389947"}],"wp:attachment":[{"href":"https:\/\/www.europesays.com\/fr\/wp-json\/wp\/v2\/media?parent=389946"}],"wp:term":[{"taxonomy":"category","embeddable":true,"href":"https:\/\/www.europesays.com\/fr\/wp-json\/wp\/v2\/categories?post=389946"},{"taxonomy":"post_tag","embeddable":true,"href":"https:\/\/www.europesays.com\/fr\/wp-json\/wp\/v2\/tags?post=389946"}],"curies":[{"name":"wp","href":"https:\/\/api.w.org\/{rel}","templated":true}]}}