{"id":389950,"date":"2025-09-14T09:48:13","date_gmt":"2025-09-14T09:48:13","guid":{"rendered":"https:\/\/www.europesays.com\/fr\/389950\/"},"modified":"2025-09-14T09:48:13","modified_gmt":"2025-09-14T09:48:13","slug":"des-eleves-prevoient-un-blocus-devant-ce-lycee-jeudi","status":"publish","type":"post","link":"https:\/\/www.europesays.com\/fr\/389950\/","title":{"rendered":"des \u00e9l\u00e8ves pr\u00e9voient \u00ab\u00a0un blocus\u00a0\u00bb devant ce lyc\u00e9e, jeudi"},"content":{"rendered":"<p>            Par<br \/>\n        <strong><br \/>\n            <a href=\"https:\/\/actu.fr\/auteur\/guillaume-laurens\" title=\"Consulter tous les articles de Guillaume Laurens\" target=\"_blank\" rel=\"noopener\">Guillaume Laurens<\/a><br \/>\n        <\/strong><\/p>\n<p>        Publi\u00e9 le<\/p>\n<p>            14 sept. 2025 \u00e0 11h22        <\/p>\n<p>Ils sont les premiers \u00e0 sortir du bois \u00e0 quelques jours de<a href=\"https:\/\/actu.fr\/occitanie\/toulouse_31555\/syndicats-et-mouvement-bloquons-tout-s-unissent-une-journee-noire-se-profile-a-toulouse_63152614.html\" target=\"_blank\" rel=\"noopener\"> la <strong>journ\u00e9e noire<\/strong> que militants syndicaux et acteurs du mouvement \u00ab\u00a0Bloquons tout\u00a0\u00bb appellent conjointement<\/a> de leurs v\u0153ux. Et ces lyc\u00e9ens de <strong>Berthelot<\/strong> annoncent d\u2019ores et d\u00e9j\u00e0 la couleur : \u00ab\u00a0Un <strong>blocus<\/strong> sera organis\u00e9 devant notre \u00e9tablissement le jeudi 18 septembre 2025 \u00e0 partir de 07h00 et toute la matin\u00e9e\u00a0\u00bb, pr\u00e9viennent le <strong>Mouvement des \u00c9l\u00e8ves de Berthelot<\/strong> et la <strong>section USL<\/strong> (Union syndicale lyc\u00e9enne) de cet\u00a0\u00e9tablissement public d\u2019enseignement g\u00e9n\u00e9ral et technologique, situ\u00e9 dans le quartier Saint-Michel \u00e0 <a href=\"https:\/\/actu.fr\/toulouse\/\" target=\"_blank\" rel=\"noopener\"><strong>Toulouse<\/strong><\/a>.<\/p>\n<p>Dans le cadre de la \u00ab\u00a0mobilisation intersyndicale\u00a0\u00bb<\/p>\n<p class=\" wall-content\">\u00ab\u00a0Cette action s\u2019inscrit dans le mouvement de <strong>mobilisation intersyndicale<\/strong> le 18 septembre, sp\u00e9cialement dans l\u2019\u00c9ducation nationale\u00a0\u00bb, expliquent ces lyc\u00e9ens en col\u00e8re. Si les \u00e9l\u00e8ves de Berthelot sont les premiers \u00e0 informer de leur mobilisation, seront-ils les seuls ? Pour l\u2019heure, ce sont les premiers, m\u00eame <a href=\"https:\/\/actu.fr\/occitanie\/toulouse_31555\/syndicats-et-mouvement-bloquons-tout-s-unissent-une-journee-noire-se-profile-a-toulouse_63152614.html\" target=\"_blank\" rel=\"noopener\">si les repr\u00e9sentants syndicaux de diff\u00e9rents corps de m\u00e9tiers ont annonc\u00e9 se mobiliser dans la Ville rose <\/a>\u00e0 l\u2019appel de l\u2019intersyndicale (CFDT, CGT, FO, CFE-CGC, CFTC, UNSA, FSU, Solidaires).<\/p>\n<p>Quelles sont leurs revendications ?<\/p>\n<p class=\" wall-content\">Ce qu\u2019ils r\u00e9clament ? \u00ab\u00a0Nos revendications sp\u00e9cifiques portent sur les <strong>coupes budg\u00e9taires<\/strong> importantes dans <strong>l\u2019\u00e9ducation<\/strong>, les 2 500 <strong>postes<\/strong> de professeurs <strong>non pourvus<\/strong> et 3 000 postes suppl\u00e9mentaires <strong>menac\u00e9s<\/strong>, la d\u00e9gradation des <strong>conditions de travail<\/strong> de nos enseignants et donc de nos conditions <strong>d\u2019enseignement\u00a0\u00bb.<\/strong><\/p>\n<p>Vid\u00e9os : en ce moment sur ActuUn lyc\u00e9e bond\u00e9 avec une \u00ab\u00a0isolation vieillissante\u00a0\u00bb ?<\/p>\n<p class=\" wall-content\">Dans leur catalogue de revendications, ils ciblent aussi \u00ab\u00a0la situation particuli\u00e8re\u00a0\u00bb de ce lyc\u00e9e et ses<strong> \u00ab\u00a0infrastructures\u00a0\u00bb<\/strong> jug\u00e9es<strong> \u00ab\u00a0insuffisantes\u00a0\u00bb.<\/strong><\/p>\n<blockquote class=\"ac-article-quote wall-content\">\n<p>[Les revendications] portent \u00e9galement sur la situation particuli\u00e8re de notre lyc\u00e9e, dot\u00e9 d&rsquo;infrastructures largement insuffisantes (il ne dispose que de 700 places pour accueillir 1 200 \u00e9l\u00e8ves, ce qui occasionne de multiples probl\u00e8mes) et dont l&rsquo;isolation vieillissante occasionne des factures \u00e9crasantes.<\/p>\n<p>    <strong>Le Mouvement des \u00c9l\u00e8ves de Berthelot<\/strong>\n            <\/p><\/blockquote>\n<p>Votre r\u00e9gion, votre actu !<\/p>\n<p>Recevez chaque jour les infos qui comptent pour vous.<\/p>\n<p>\t<a href=\"https:\/\/actu.fr\/newsletter\" class=\"ac-btn ac-btn--corner ac-btn--medium ac-btn--blue800\" target=\"_blank\" rel=\"noopener\">S&rsquo;incrire<\/a><\/p>\n<p class=\" wall-content\">Dans l\u2019espoir de \u00ab\u00a0faire entendre nos revendications\u00a0\u00bb, le mouvement appelle \u00ab\u00a0l\u2019ensemble des \u00e9l\u00e8ves et des personnels \u00e0 participer \u00e0 cette mobilisation\u00a0\u00bb.<\/p>\n<p>    <a href=\"https:\/\/www.google.com\/maps\/embed?pb=!1m18!1m12!1m3!1d8536.550775653252!2d1.4606395869117117!3d43.58221837874984!2m3!1f0!2f0!3f0!3m2!1i1024!2i768!4f13.1!3m3!1m2!1s0x12aebc7f972f3dd1%3A0x10100077eb88b373!2sLyc%C3%A9e%20G%C3%A9n%C3%A9ral%20et%20Technologique%20Marcelin%20Berthelot!5e0!3m2!1sfr!2sfr!4v1757835054866!5m2!1sfr!2sfr\" title=\"Ouvrie le lien\" target=\"_blank\" rel=\"noopener\">Cliquez ici pour visualiser le contenu<\/a><\/p>\n<p class=\" wall-content\">Personnalisez votre actualit\u00e9 en ajoutant vos villes et m\u00e9dias en favori avec <a href=\"https:\/\/moncompte.actu.fr\" title=\"D\u00e9couvez Mon Actu\" rel=\"nofollow noopener\" data-trk=\"{&quot;cta&quot;:{&quot;action&quot;:&quot;https:\\\/\\\/moncompte.actu.fr&quot;,&quot;category&quot;:&quot;mon compte&quot;,&quot;from&quot;:&quot;article footer&quot;,&quot;name&quot;:&quot;Mon actu&quot;,&quot;type&quot;:&quot;cta&quot;}}\" target=\"_blank\">Mon Actu<\/a>.<\/p>\n","protected":false},"excerpt":{"rendered":"Par Guillaume Laurens Publi\u00e9 le 14 sept. 2025 \u00e0 11h22 Ils sont les premiers \u00e0 sortir du bois&hellip;\n","protected":false},"author":2,"featured_media":389951,"comment_status":"","ping_status":"","sticky":false,"template":"","format":"standard","meta":{"footnotes":""},"categories":[2816],"tags":[1111,11,47212,1777,674,1011,27,6151,12,2680,25,104,2312],"class_list":{"0":"post-389950","1":"post","2":"type-post","3":"status-publish","4":"format-standard","5":"has-post-thumbnail","7":"category-toulouse","8":"tag-actu","9":"tag-actualites","10":"tag-bloquons-tout","11":"tag-eu","12":"tag-europe","13":"tag-fr","14":"tag-france","15":"tag-greve","16":"tag-news","17":"tag-occitanie","18":"tag-republique-francaise","19":"tag-societe","20":"tag-toulouse"},"share_on_mastodon":{"url":"https:\/\/pubeurope.com\/@fr\/115202025428142766","error":""},"_links":{"self":[{"href":"https:\/\/www.europesays.com\/fr\/wp-json\/wp\/v2\/posts\/389950","targetHints":{"allow":["GET"]}}],"collection":[{"href":"https:\/\/www.europesays.com\/fr\/wp-json\/wp\/v2\/posts"}],"about":[{"href":"https:\/\/www.europesays.com\/fr\/wp-json\/wp\/v2\/types\/post"}],"author":[{"embeddable":true,"href":"https:\/\/www.europesays.com\/fr\/wp-json\/wp\/v2\/users\/2"}],"replies":[{"embeddable":true,"href":"https:\/\/www.europesays.com\/fr\/wp-json\/wp\/v2\/comments?post=389950"}],"version-history":[{"count":0,"href":"https:\/\/www.europesays.com\/fr\/wp-json\/wp\/v2\/posts\/389950\/revisions"}],"wp:featuredmedia":[{"embeddable":true,"href":"https:\/\/www.europesays.com\/fr\/wp-json\/wp\/v2\/media\/389951"}],"wp:attachment":[{"href":"https:\/\/www.europesays.com\/fr\/wp-json\/wp\/v2\/media?parent=389950"}],"wp:term":[{"taxonomy":"category","embeddable":true,"href":"https:\/\/www.europesays.com\/fr\/wp-json\/wp\/v2\/categories?post=389950"},{"taxonomy":"post_tag","embeddable":true,"href":"https:\/\/www.europesays.com\/fr\/wp-json\/wp\/v2\/tags?post=389950"}],"curies":[{"name":"wp","href":"https:\/\/api.w.org\/{rel}","templated":true}]}}