{"id":389956,"date":"2025-09-14T09:51:18","date_gmt":"2025-09-14T09:51:18","guid":{"rendered":"https:\/\/www.europesays.com\/fr\/389956\/"},"modified":"2025-09-14T09:51:18","modified_gmt":"2025-09-14T09:51:18","slug":"avec-le-succes-du-stand-up-les-demandes-de-formation-cartonnent-a-marseille","status":"publish","type":"post","link":"https:\/\/www.europesays.com\/fr\/389956\/","title":{"rendered":"Avec le succ\u00e8s du stand-up, les demandes de formation cartonnent \u00e0 Marseille"},"content":{"rendered":"<p>Ces derni\u00e8res ann\u00e9es, Marseille a affirm\u00e9 son statut de place forte du stand-up. Dans un futur proche, elle pourrait bien \u00eatre cit\u00e9e en exemple pour ses formations, qui attirent toujours plus de monde. En cette rentr\u00e9e, \u00ab\u00a0nous avons soixante demandes pour les premi\u00e8res ann\u00e9es. \u00c0 la m\u00eame date l\u2019an dernier, c\u2019\u00e9tait une trentaine\u00a0\u00bb, compte Fabien Gaudioso, manager au Garage Comedy. \u00ab\u00a0Une quarantaine de personnes sont venues \u00e0 notre journ\u00e9e de pr\u00e9sentation d\u00e9but septembre. Depuis, les demandes continuent\u00a0\u00bb, assure de son c\u00f4t\u00e9 S\u00e9bastien Me\u00ef, \u00e0 la t\u00eate du <a href=\"https:\/\/www.laprovence.com\/article\/culture-loisirs\/1400445568718215\/pour-linauguration-du-marseille-comedy-club-le-rire-est-deja-omnipresent\" target=\"_blank\" rel=\"noopener\">Marseille Comedy Club<\/a> inaugur\u00e9 en avril, qui lance donc sa premi\u00e8re promo.<\/p>\n<p>Le chiffre le plus cons\u00e9quent revient \u00e0 l\u2019Art D\u00fb, avec 150 \u00e9l\u00e8ves, \u00ab\u00a0assez proche de l\u2019an dernier\u00a0\u00bb, d\u00e9crit son directeur, Stan Brizay. Cette stabilit\u00e9 s\u2019explique par la long\u00e9vit\u00e9 du lieu, dont les premiers cours de stand-up ont \u00e9t\u00e9 lanc\u00e9s pendant l\u2019exercice 2018-2019. Faisant de l\u2019Art D\u00fb un pionnier en mati\u00e8re de formation organis\u00e9e, avec un lieu d\u00e9di\u00e9 et un mod\u00e8le pens\u00e9 pour grandir.<\/p>\n<p>\u00ab\u00a0Avant nous, un artiste comme Briac donnait d\u00e9j\u00e0 des cours. On s\u2019est engouffr\u00e9 dans une nouvelle direction en regroupant des gens motiv\u00e9s\u00a0\u00bb, raconte Stan Brizay. Socle \u00e9conomique pour faire vivre le th\u00e9\u00e2tre de la rue Marengo, l\u2019enseignement \u00e0 grande \u00e9chelle r\u00e9pondait aussi \u00e0 une r\u00e9alit\u00e9 \u00e9pineuse\u00a0: \u00ab\u00a0\u00c0\u00a0ce moment-l\u00e0, on organisait un com\u00e9die club par semaine. Mais on voyait toujours les m\u00eames cinq-six artistes sur sc\u00e8ne, Baba Rudy, Bedou, Chrystelle Canals, Briac\u2026 Les bons d\u00e9buts s\u2019essoufflaient un peu aupr\u00e8s du public.\u00a0\u00bb Tandis que l\u2019aventure du Garage, qui f\u00eate cette ann\u00e9e sa cinqui\u00e8me rentr\u00e9e au niveau des formations, d\u00e9marrait \u00e0 peine fin\u00a02019.<\/p>\n<p>\u00ab\u00a0Plus de 600 \u00e9l\u00e8ves en stand-up sont pass\u00e9s par l\u2019Art D\u00fb\u00a0\u00bb<\/p>\n<p><a href=\"https:\/\/www.laprovence.com\/article\/culture-loisirs\/93471960398658\/apres-soixante-dates-remplies-l-humoriste-marseillaise-gabrielle-giraud-se-lance-de-nouveaux-defis\" target=\"_blank\" rel=\"noopener\">Gabrielle Giraud<\/a>, Dudley, Miss Augine, <a href=\"https:\/\/www.laprovence.com\/article\/culture-loisirs\/2802980613566814\/apres-les-echecs-lhumoriste-julien-vinh-avance-ses-pions-au-stand-up-ce-mardi-soir-a-marseille\" target=\"_blank\" rel=\"noopener\">Julien Vinh<\/a>, Lisa Mapola\u2026 Aujourd\u2019hui, Marseille a perdu le compte de ses talents. Cet hiver, artistes, programmateurs et directeurs de salles estimaient, en moyenne, que la ville comptait environ 150 humoristes capables d\u2019assurer, au minimum, un passage solide de quelques minutes sur sc\u00e8ne. Les fruits d\u2019ann\u00e9es de travail\u00a0: \u00ab\u00a0Plus de 600 \u00e9l\u00e8ves en stand-up sont pass\u00e9s par l\u2019Art D\u00fb\u00a0\u00bb, assure avec fiert\u00e9 Stan Brizay. Chez qui la majorit\u00e9 des talents actuels marseillais sont pass\u00e9s. \u00c0 l\u2019Art D\u00fb, trois niveaux sont am\u00e9nag\u00e9s\u00a0: les d\u00e9butants et les interm\u00e9diaires ont deux heures de cours chaque semaine. Une fois pr\u00eats, les premiers sont amen\u00e9s \u00e0 jouer 3-4 minutes en com\u00e9die club, contre 8-10 minutes pour les deuxi\u00e8mes. L\u2019atelier professionnalisant se veut plus s\u00e9lectif, le but \u00e9tant d\u2019accompagner un artiste vers un show de trente minutes, voire une heure pour les meilleurs.<\/p>\n<p>L\u2019autre r\u00e9f\u00e9rence marseillaise, c\u2019est <a href=\"https:\/\/www.laprovence.com\/article\/culture-loisirs\/12796894035480\/cinq-ans-apres-le-garage-comedy-a-releve-son-pari-fou-a-marseille\" target=\"_blank\" rel=\"noopener\">le Garage Comedy<\/a>, qui propose lui aussi deux heures de cours hebdomadaires avec des tauliers comme Dudley, Sandra Miso, tandis que le cofondateur Quentin Friburger assure des master class. Des stages avec des artistes internationaux comme Garihanna, issue de l\u2019\u00e9cole nationale de l\u2019humour de Montr\u00e9al, font aussi partie du cursus.<\/p>\n<p>\u00ab\u00a0Les \u00e9l\u00e8ves font deux heures par semaine de septembre \u00e0 juin, avec une sc\u00e8ne garantie chaque mois. Avec cette \u00e9mulation, on structure de nouveaux projets tr\u00e8s costauds, des cr\u00e9ations de collectifs d\u2019artistes, c\u2019est \u00e9norme tout \u00e7a\u00a0! Mais surtout, on est fiers de cultiver un esprit tr\u00e8s familial, un peu dans l\u2019esprit troupe du Jamel Comedy Club\u00a0\u00bb, sourit Fabien Gaudioso.<\/p>\n<p>\u00ab\u00a0Je peux vous le dire, il y a de beaux CV\u00a0\u00bb<\/p>\n<p>Si au Com\u00e9die Club Vieux-Port, le directeur Michel Nouader confie \u00ab\u00a0avoir un projet pour lancer des formations\u00a0\u00bb qui seraient notamment encadr\u00e9es par le MC du lieu, <a href=\"https:\/\/www.laprovence.com\/article\/culture-loisirs\/3903367882387514\/moustazou-le-stand-up-de-la-double-culture-a-retrouver-les-samedis-8-et-15-mars-a-marseille\" target=\"_blank\" rel=\"noopener\">Moustazou<\/a>, de son c\u00f4t\u00e9, le Marseille Comedy Club affiche clairement ses ambitions. \u00ab\u00a0On lance un cursus professionnalisant, dont Pascal Tino sera en charge, avec 6 \u00e0 8\u00a0heures de cours chaque semaine. Apr\u00e8s les auditions de la semaine prochaine, on gardera un groupe d\u2019une douzaine de personnes, qui auront les cl\u00e9s du club une \u00e0 quatre fois par mois et un projet de grand gala en fin d\u2019ann\u00e9e. Et je peux vous le dire, il y a de beaux CV\u00a0\u00bb, annonce S\u00e9bastien Me\u00ef.<\/p>\n<p>Dont le pass\u00e9 en \u00e9cole de commerce se refl\u00e8te dans le contenu des formations\u00a0: \u00ab\u00a0Bien entendu, l\u2019aspect sc\u00e8ne et l\u2019\u00e9criture seront au centre. Mais on va aussi travailler sur les contenus num\u00e9riques, l\u2019image sur les r\u00e9seaux sociaux, comment g\u00e9rer sa carri\u00e8re, le volet psychologique, le marketing. On veut leur donner toutes les cl\u00e9s pour \u00eatre des pros de l\u2019humour.\u00a0\u00bb<\/p>\n<p><a target=\"_self\" aria-label=\"Acc\u00e9der au dossier Id\u00e9es sorties\" class=\"w-full h-full flex flex-row rounded-lg\" data-xiti-chapter1=\"dossier\" data-xiti-chapter2=\"tag\" type=\"navigation\" href=\"https:\/\/www.laprovence.com\/dossiers\/125145\/idees-sorties\" rel=\"noopener\"><img alt=\"Illustration du dossier Id\u00e9es sorties\" loading=\"lazy\" decoding=\"async\" data-nimg=\"fill\" class=\"rounded-lg\" style=\"position:absolute;height:100%;width:100%;left:0;top:0;right:0;bottom:0;object-fit:cover;color:transparent\"   src=\"https:\/\/www.europesays.com\/fr\/wp-content\/uploads\/2025\/07\/1753640176_457_la-fete-foraine-d-aix-a-ouvert-ses-portes-aux-visiteurs-samedi-8-fevrier-2025-1739171705_29c17869c8a.jpeg\"\/><\/a><\/p>\n","protected":false},"excerpt":{"rendered":"Ces derni\u00e8res ann\u00e9es, Marseille a affirm\u00e9 son statut de place forte du stand-up. Dans un futur proche, elle&hellip;\n","protected":false},"author":2,"featured_media":389957,"comment_status":"","ping_status":"","sticky":false,"template":"","format":"standard","meta":{"footnotes":""},"categories":[2814],"tags":[17,1111,11,3396,52224,251,52223,1777,674,1119,1011,27,151,884,12,882,25,7492,6006],"class_list":{"0":"post-389956","1":"post","2":"type-post","3":"status-publish","4":"format-standard","5":"has-post-thumbnail","7":"category-marseille","8":"tag-17","9":"tag-actu","10":"tag-actualites","11":"tag-avec","12":"tag-cartonnent","13":"tag-culture","14":"tag-demandes","15":"tag-eu","16":"tag-europe","17":"tag-formation","18":"tag-fr","19":"tag-france","20":"tag-les","21":"tag-marseille","22":"tag-news","23":"tag-provence-alpes-cote-dazur","24":"tag-republique-francaise","25":"tag-stand-up","26":"tag-succes"},"share_on_mastodon":{"url":"https:\/\/pubeurope.com\/@fr\/115202037738415165","error":""},"_links":{"self":[{"href":"https:\/\/www.europesays.com\/fr\/wp-json\/wp\/v2\/posts\/389956","targetHints":{"allow":["GET"]}}],"collection":[{"href":"https:\/\/www.europesays.com\/fr\/wp-json\/wp\/v2\/posts"}],"about":[{"href":"https:\/\/www.europesays.com\/fr\/wp-json\/wp\/v2\/types\/post"}],"author":[{"embeddable":true,"href":"https:\/\/www.europesays.com\/fr\/wp-json\/wp\/v2\/users\/2"}],"replies":[{"embeddable":true,"href":"https:\/\/www.europesays.com\/fr\/wp-json\/wp\/v2\/comments?post=389956"}],"version-history":[{"count":0,"href":"https:\/\/www.europesays.com\/fr\/wp-json\/wp\/v2\/posts\/389956\/revisions"}],"wp:featuredmedia":[{"embeddable":true,"href":"https:\/\/www.europesays.com\/fr\/wp-json\/wp\/v2\/media\/389957"}],"wp:attachment":[{"href":"https:\/\/www.europesays.com\/fr\/wp-json\/wp\/v2\/media?parent=389956"}],"wp:term":[{"taxonomy":"category","embeddable":true,"href":"https:\/\/www.europesays.com\/fr\/wp-json\/wp\/v2\/categories?post=389956"},{"taxonomy":"post_tag","embeddable":true,"href":"https:\/\/www.europesays.com\/fr\/wp-json\/wp\/v2\/tags?post=389956"}],"curies":[{"name":"wp","href":"https:\/\/api.w.org\/{rel}","templated":true}]}}