{"id":389958,"date":"2025-09-14T09:52:14","date_gmt":"2025-09-14T09:52:14","guid":{"rendered":"https:\/\/www.europesays.com\/fr\/389958\/"},"modified":"2025-09-14T09:52:14","modified_gmt":"2025-09-14T09:52:14","slug":"martine-vassal-visee-par-une-enquete-pour-detournement-de-fonds-officialise-sa-candidature","status":"publish","type":"post","link":"https:\/\/www.europesays.com\/fr\/389958\/","title":{"rendered":"Martine Vassal, vis\u00e9e par une enqu\u00eate pour d\u00e9tournement de fonds, officialise sa candidature"},"content":{"rendered":"<p class=\"authors latino-300b text-grey-600\">\n<p>  Par\u00a0<br \/>\nLe Nouvel Obs avec AFP<\/p>\n<p class=\"latino-300r text-grey-600 pe-8  border-end-lg\">\n<p>    Publi\u00e9 le\u00a014 septembre 2025 \u00e0 9h06\n  <\/p>\n<p>              Lecture\u00a0:\u00a03\u00a0min.<\/p>\n<p>      <img fetchpriority=\"high\" decoding=\"async\" class=\"mx-auto\" src=\"data:image\/svg+xml,%3Csvg%20xmlns%3D%27http%3A%2F%2Fwww.w3.org%2F2000%2Fsvg%27%20fill%3D%22%23e4e4e4%22%20viewBox%3D%270%200%20510%20340%27%20width%3D%22510%22%20height%3D%22340%22%3E%3Cpath%20d%3D%27M0%200h510v340H0z%27%2F%3E%3C%2Fsvg%3E\"  loading=\"eager\" width=\"510\" height=\"340\" data-oncrawl-image-size=\"510x340\" alt=\"La candidate \u00e0 la mairie de Marseille, Martine Vassal, le 6\u00a0juin 2025.\"\/>      <\/p>\n<p class=\"latino-100m text-grey-600\">\n            La candidate \u00e0 la mairie de Marseille, Martine Vassal, le 6\u00a0juin 2025.\u00a0ALAIN ROBERT\/SIPA        <\/p>\n<p>        Lire\u00a0plus\u00a0tard      <\/p>\n<p><a aria-label=\"Nous suivre sur Google News\" href=\"https:\/\/news.google.com\/publications\/CAAqBwgKMJe4nQkw3dFs?hl=fr&amp;gl=FR&amp;ceid=FR%3Afr\" target=\"_blank\" data-piano=\"Page_Article,Sous_date_publi,Nous_suivre_sur_google_news,1er_clic,action\" class=\"btn btn--small btn--tertiary btn--icon-only\" rel=\"nofollow noopener\"><\/p>\n<p>      Google Actualit\u00e9s<br \/>\n  <\/a><\/p>\n<p>  Partager<\/p>\n<p>        Facebook<\/p>\n<p>        Bluesky<\/p>\n<p>        E-mail<\/p>\n<p>        Copier le lien<\/p>\n<p>      Envoyer<\/p>\n<p>      S\u2019abonner    <\/p>\n<p class=\"node__paragraphe antonia-750r text-grey-800 pb-24 pb-md-32\">\n\u00ab\u00a0Nous sommes pr\u00eats \u00e0 reprendre cette ville aux mains de cette gauche\u00a0\u00bb\u00a0: c\u2019est par ces mots que Martine Vassal a officialis\u00e9 samedi 13\u00a0septembre sa candidature aux municipales \u00e0 Marseille sous la banni\u00e8re de la droite et du centre. Et ce, en d\u00e9pit de <a href=\"https:\/\/www.nouvelobs.com\/justice\/20250827.OBS107091\/la-presidente-de-la-metropole-aix-marseille-martine-vassal-visee-par-une-enquete-pour-detournement-de-fonds.html\" rel=\"nofollow noopener\" target=\"_blank\">l\u2019enqu\u00eate pr\u00e9liminaire qui la vise depuis fin ao\u00fbt<\/a>, notamment pour d\u00e9tournement de fonds.<\/p>\n<p class=\"latino-500b text-grey-600 pb-16\">A lire aussi<\/p>\n<p><a href=\"https:\/\/www.nouvelobs.com\/justice\/20250821.OBS106902\/marseille-enquete-sur-le-tres-cher-systeme-vassal.html\" data-article-key=\"20250821.OBS106902\" class=\"link--box flex-grow-1\" data-piano=\"Page_Article,Lire_aussi,,Lien1,navigation\" rel=\"nofollow noopener\" target=\"_blank\"><\/p>\n<p>                <img decoding=\"async\" src=\"data:image\/svg+xml,%3Csvg%20xmlns%3D%27http%3A%2F%2Fwww.w3.org%2F2000%2Fsvg%27%20fill%3D%22%23e4e4e4%22%20viewBox%3D%270%200%20120%2080%27%20width%3D%22120%22%20height%3D%2280%22%3E%3Cpath%20d%3D%27M0%200h120v80H0z%27%2F%3E%3C%2Fsvg%3E\"  width=\"120\" height=\"80\" loading=\"lazy\" alt=\"Martine Vassal, pr\u00e9sidente du conseil d\u00e9partemental des Bouches-du-Rh\u00f4ne et de la m\u00e9tropole Aix-Marseille-Provence, en juin 2020, \u00e0 Marseille.\"\/><\/p>\n<p class=\"latino-300r latino-lg-600m text-grey-800\">\n                      <strong class=\"latino-300b latino-lg-600m text-grey-500\">Enqu\u00eate\u00a0<\/strong><br \/>\n                    Marseille\u00a0: enqu\u00eate sur le tr\u00e8s cher syst\u00e8me Vassal        <\/p>\n<p><\/a><\/p>\n<p class=\"node__paragraphe antonia-750r text-grey-800 pb-24 pb-md-32\">\nDeuxi\u00e8me candidate \u00e0 se lancer apr\u00e8s le d\u00e9put\u00e9 du Rassemblement national Franck Allisio, Martine Vassal retente sa chance apr\u00e8s sa cuisante d\u00e9faite de 2020 et le basculement \u00e0 gauche de la deuxi\u00e8me ville de France, apr\u00e8s <a href=\"https:\/\/www.nouvelobs.com\/societe\/20240520.OBS88606\/quand-jean-claude-gaudin-s-accrochait-a-la-mairie-de-marseille-son-hobby.html\" rel=\"nofollow noopener\" target=\"_blank\">25\u00a0ans de r\u00e8gne du LR Jean-Claude Gaudin<\/a>, aujourd\u2019hui d\u00e9c\u00e9d\u00e9.<\/p>\n<p class=\"node__paragraphe antonia-750r text-grey-800 pb-24 pb-md-32\">\nMais cette fois, c\u2019est diff\u00e9rent. A l\u2019\u00e9poque, \u00ab\u00a0il nous manquait un ph\u00e9nom\u00e8ne f\u00e9d\u00e9rateur\u00a0\u00bb mais \u00ab\u00a0cette union, aujourd\u2019hui, nous l\u2019avons\u00a0\u00bb, a d\u00e9clar\u00e9 celle qui est d\u00e9j\u00e0 pr\u00e9sidente du Conseil d\u00e9partemental des Bouches-du-Rh\u00f4ne et de la m\u00e9tropole Aix-Marseille-Provence, en cl\u00f4ture des universit\u00e9s d\u2019\u00e9t\u00e9 de Une G\u00e9n\u00e9ration pour Marseille.<\/p>\n<p class=\"node__paragraphe antonia-750r text-grey-800 pb-24 pb-md-32\">\nSymbole s\u2019il en fallait de cette union travaill\u00e9e depuis plus d\u2019un an par ce collectif pilot\u00e9 par Romain Simmarano, directeur de cabinet de Renaud Muselier\u00a0: les pr\u00e9sences de l\u2019ex-secr\u00e9taire d\u2019Etat et proche du couple pr\u00e9sidentiel <a href=\"https:\/\/www.nouvelobs.com\/politique\/20250129.OBS99644\/municipales-2026-sabrina-agresti-roubache-s-y-voit-deja-yannick-jadot-aussi-emmanuel-gregoire-soigne-les-anciens-retrouvez-les-indiscretions-du-nouvel-obs.html\" rel=\"nofollow noopener\" target=\"_blank\">Sabrina Agresti-Roubache<\/a> et de la s\u00e9natrice Les R\u00e9publicains des Bouches-du-Rh\u00f4ne Val\u00e9rie Boyer. \u00ab\u00a0On ne peut gagner que si on additionne\u00a0\u00bb, avait lanc\u00e9 \u00e0 la tribune juste avant le pr\u00e9sident Renaissance Renaud Muselier de la r\u00e9gion Provence-Alpes-C\u00f4te d\u2019Azur qui a promis de \u00ab\u00a0peser de tout son poids\u00a0\u00bb pour la faire gagner <a href=\"https:\/\/www.nouvelobs.com\/politique\/20250702.OBS105544\/municipales-2026-a-quelles-dates-vont-se-derouler-les-elections.html\" rel=\"nofollow noopener\" target=\"_blank\">en mars\u00a02026<\/a>.<\/p>\n<p>Une \u00ab\u00a0course folle vers le RN\u00a0\u00bb<\/p>\n<p class=\"node__paragraphe antonia-750r text-grey-800 pb-24 pb-md-32\">\nDessinant d\u00e9j\u00e0 ses propositions, cette ex-cheffe d\u2019entreprise \u00e2g\u00e9e de 63\u00a0ans a fait de la s\u00e9curit\u00e9 et de l\u2019\u00e9conomie ses priorit\u00e9s. Dans un discours tr\u00e8s droitier, cette ex-LR qui se pr\u00e9sente d\u00e9sormais comme divers droite a estim\u00e9 qu\u2019\u00ab\u00a0on peut \u00eatre attach\u00e9 \u00e0 l\u2019ordre, au respect \u00e0 l\u2019autorit\u00e9 sans \u00eatre d\u2019extr\u00eame droite\u00a0\u00bb.<\/p>\n<p class=\"node__paragraphe antonia-750r text-grey-800 pb-24 pb-md-32\">\nMarseille sera un point chaud des municipales o\u00f9 <a href=\"https:\/\/www.nouvelobs.com\/politique\/20201221.OBS37863\/10-choses-a-savoir-sur-benoit-payan-nouveau-maire-de-marseille.html\" rel=\"nofollow noopener\" target=\"_blank\">le maire divers gauche sortant Beno\u00eet Payan<\/a> n\u2019a pas encore annonc\u00e9 ses intentions m\u00eame s\u2019il r\u00e9p\u00e8te que \u00ab\u00a0pour changer une ville, six ans, \u00e7a ne suffit pas\u00a0\u00bb. Au micro samedi soir, tous ont raill\u00e9 le \u00ab\u00a0maire non \u00e9lu\u00a0\u00bb. Une r\u00e9f\u00e9rence \u00e0 l\u2019\u00e9cologiste Mich\u00e8le Rubirola, porte drapeau de l\u2019union de gauche, \u00e9cologiste et citoyenne du Printemps Marseillais, qui avait \u00e9t\u00e9 \u00e9lue en\u00a02020 mais avait jet\u00e9 l\u2019\u00e9ponge six mois plus tard pour \u00ab\u00a0raisons de sant\u00e9\u00a0\u00bb, <a href=\"https:\/\/www.nouvelobs.com\/politique\/20201221.OBS37839\/benoit-payan-elu-maire-de-marseille-et-succede-a-michele-rubirola.html\" rel=\"nofollow noopener\" target=\"_blank\">passant le relais \u00e0 l\u2019ex-socialiste Beno\u00eet Payan<\/a>.<\/p>\n<p class=\"latino-500b text-grey-600 pb-16\">A lire aussi<\/p>\n<p><a href=\"https:\/\/www.nouvelobs.com\/politique\/20201215.OBS37600\/le-hold-up-de-benoit-payan-contre-michele-rubirola.html\" data-article-key=\"20201215.OBS37600\" class=\"link--box flex-grow-1\" data-piano=\"Page_Article,Lire_aussi,,Lien2,navigation\" rel=\"nofollow noopener\" target=\"_blank\"><\/p>\n<p>                <img decoding=\"async\" src=\"data:image\/svg+xml,%3Csvg%20xmlns%3D%27http%3A%2F%2Fwww.w3.org%2F2000%2Fsvg%27%20fill%3D%22%23e4e4e4%22%20viewBox%3D%270%200%20120%2080%27%20width%3D%22120%22%20height%3D%2280%22%3E%3Cpath%20d%3D%27M0%200h120v80H0z%27%2F%3E%3C%2Fsvg%3E\"  width=\"120\" height=\"79\" loading=\"lazy\" alt=\"Mich\u00e8le Rubirola et Beno\u00eet Payan ensemble sur le Vieux port en juin 2020\"\/><\/p>\n<p class=\"latino-300r latino-lg-600m text-grey-800\">\n                    Le \u00ab\u00a0hold-up\u00a0\u00bb de Beno\u00eet Payan contre Mich\u00e8le Rubirola        <\/p>\n<p><\/a><\/p>\n<p class=\"node__paragraphe antonia-750r text-grey-800 pb-24 pb-md-32\">\nEt si Martine Vassal a r\u00e9ussi \u00e0 f\u00e9d\u00e9rer, ce n\u2019est pas le cas \u00e0 ce stade des autres camps. Beno\u00eet Payan, s\u2019il part, r\u00e9ussira-t-il \u00e0 refaire une union au moins avec les \u00e9cologistes\u00a0? A ce stade une alliance avec La France insoumise semble exclue et <a href=\"https:\/\/www.nouvelobs.com\/politique\/20250214.OBS100306\/qui-est-sebastien-delogu-le-depute-star-des-quartiers-nord-habitue-des-polemiques-qui-vise-la-mairie-de-marseille.html\" rel=\"nofollow noopener\" target=\"_blank\">d\u00e9put\u00e9 de Marseille S\u00e9bastien Delogu<\/a> a d\u2019ailleurs d\u00e9j\u00e0 promis \u00ab\u00a0une liste insoumise \u00e0 Marseille\u00a0\u00bb. S\u00e9bastien Barles, adjoint \u00e9cologiste au maire, a de son c\u00f4t\u00e9 samedi de nouveau appel\u00e9 \u00e0 une union allant jusqu\u2019\u00e0 LFI pour \u00ab\u00a0faire barrage \u00e0 Martine Vassal\u00a0\u00bb, d\u00e9non\u00e7ant \u00ab\u00a0sa course folle vers le RN\u00a0\u00bb.<\/p>\n<p class=\"node__paragraphe antonia-750r text-grey-800 pb-24 pb-md-32\">\nA l\u2019extr\u00eame droite, <a href=\"https:\/\/www.nouvelobs.com\/justice\/20250508.OBS103668\/le-depute-rn-de-marseille-franck-allisio-vise-par-une-enquete-pour-detournement-de-biens-publics.html\" rel=\"nofollow noopener\" target=\"_blank\">Franck Allisio, \u00e9galement dans le viseur de la justice<\/a>, s\u2019est d\u00e9j\u00e0 d\u00e9clar\u00e9, fort des trois d\u00e9put\u00e9s obtenus avec l\u2019alliance RN-Ciotti (sur sept) \u00e0 Marseille aux derni\u00e8res l\u00e9gislatives et de ses 30\u00a0% aux \u00e9lections europ\u00e9ennes. Mais pas question \u00e0 ce stade d\u2019un partenariat avec le s\u00e9nateur ex-RN et ex-Reconqu\u00eate St\u00e9phane Ravier, qui a pourtant une notori\u00e9t\u00e9 locale plus importante que lui.<\/p>\n<p>Deux cailloux sur son chemin vers la mairie<\/p>\n<p class=\"node__paragraphe antonia-750r text-grey-800 pb-24 pb-md-32\">\nOutre ses adversaires, Martine Vassal a au moins deux cailloux sur son chemin vers l\u2019H\u00f4tel de ville du Vieux-Port. D\u2019abord, une enqu\u00eate pr\u00e9liminaire en cours notamment pour d\u00e9tournement de fonds et trafic d\u2019influence apr\u00e8s un signalement d\u2019un ancien fonctionnaire au sein du d\u00e9partement des Bouches-du-Rh\u00f4ne qu\u2019elle dirige.<\/p>\n<p class=\"node__paragraphe antonia-750r text-grey-800 pb-24 pb-md-32\">\nDans une enqu\u00eate le 21\u00a0ao\u00fbt, <a href=\"https:\/\/www.nouvelobs.com\/justice\/20250821.OBS106902\/marseille-enquete-sur-le-tres-cher-systeme-vassal.html\" rel=\"nofollow noopener\" target=\"_blank\">\u00ab\u00a0Le Nouvel Obs\u00a0\u00bb avait r\u00e9v\u00e9l\u00e9<\/a> que la patronne des Bouches-du-Rh\u00f4ne et de la m\u00e9tropole d\u2019Aix-Marseille embauche son concubin comme directeur de cabinet, mais aussi sa pratique du client\u00e9lisme par des subventions et des voyages, ainsi que sa gestion dispendieuse.<\/p>\n<p class=\"latino-500b text-grey-600 pb-16\">A lire aussi<\/p>\n<p><a href=\"https:\/\/www.nouvelobs.com\/politique\/20250311.OBS101288\/ecoles-transports-logement-le-plan-marseille-en-grand-a-t-il-enfin-decolle.html\" data-article-key=\"20250311.OBS101288\" class=\"link--box flex-grow-1\" data-piano=\"Page_Article,Lire_aussi,,Lien3,navigation\" rel=\"nofollow noopener\" target=\"_blank\"><\/p>\n<p>                <img decoding=\"async\" src=\"data:image\/svg+xml,%3Csvg%20xmlns%3D%27http%3A%2F%2Fwww.w3.org%2F2000%2Fsvg%27%20fill%3D%22%23e4e4e4%22%20viewBox%3D%270%200%20120%2080%27%20width%3D%22120%22%20height%3D%2280%22%3E%3Cpath%20d%3D%27M0%200h120v80H0z%27%2F%3E%3C%2Fsvg%3E\"  width=\"120\" height=\"80\" loading=\"lazy\" alt=\"La cit\u00e9 de la Castellane, dans\u00a0les quartiers Nord, est aujourd\u2019hui enclav\u00e9e. Elle devrait voir arriver le tramway \u00e0 l\u2019horizon 2029.\"\/><\/p>\n<p class=\"latino-300r latino-lg-600m text-grey-800\">\n                      <strong class=\"latino-300b latino-lg-600m text-grey-500\">Enqu\u00eate\u00a0<\/strong><br \/>\n                    Ecoles, transports, logement\u2026 le plan \u00ab\u00a0Marseille en grand\u00a0\u00bb a-t-il enfin d\u00e9coll\u00e9\u00a0?        <\/p>\n<p><\/a><\/p>\n<p class=\"node__paragraphe antonia-750r text-grey-800 pb-24 pb-md-32\">\n\u00ab\u00a0Dans cette campagne rien ne nous sera \u00e9pargn\u00e9\u00a0\u00bb et \u00ab\u00a0on est d\u00e9j\u00e0 victime de campagnes de caniveau\u00a0\u00bb, a-t-elle raill\u00e9 samedi soir. Ensuite, un \u00e9lu d\u00e9partemental de sa majorit\u00e9, le chirurgien Fr\u00e9d\u00e9ric Collart, travaille \u00e0 une candidature estampill\u00e9e soci\u00e9t\u00e9 civile.<\/p>\n<p class=\"node__paragraphe antonia-750r text-grey-800 pb-24 pb-md-32\">\nAutre inconnue \u00e0 Marseille, comme \u00e0 Lyon ou Paris\u00a0: un changement de mode de scrutin depuis <a href=\"https:\/\/www.nouvelobs.com\/politique\/20250710.OBS105777\/municipales-2026-comment-se-derouleront-les-elections-a-paris-lyon-et-marseille-apres-la-modification-du-mode-de-scrutin.html\" rel=\"nofollow noopener\" target=\"_blank\">l\u2019adoption de la r\u00e9forme de la loi Paris-Lyon-Marseille<\/a>, valid\u00e9e par le Conseil constitutionnel, qui valide notamment la mise en place de deux urnes, l\u2019une pour \u00e9lire les membres du Conseil de la mairie centrale et l\u2019autre pour \u00e9lire les maires de secteur.<\/p>\n<p class=\"authors latino-600m text-grey-800\">\n<p>  Par\u00a0<br \/>\nLe Nouvel Obs avec AFP<\/p>\n","protected":false},"excerpt":{"rendered":"Par\u00a0 Le Nouvel Obs avec AFP Publi\u00e9 le\u00a014 septembre 2025 \u00e0 9h06 Lecture\u00a0:\u00a03\u00a0min. La candidate \u00e0 la mairie&hellip;\n","protected":false},"author":2,"featured_media":389959,"comment_status":"","ping_status":"","sticky":false,"template":"","format":"standard","meta":{"footnotes":""},"categories":[2814],"tags":[17,1111,11,10994,18785,1067,1777,674,1011,27,884,10203,3554,12,316,882,25,14243,52225],"class_list":{"0":"post-389958","1":"post","2":"type-post","3":"status-publish","4":"format-standard","5":"has-post-thumbnail","7":"category-marseille","8":"tag-17","9":"tag-actu","10":"tag-actualites","11":"tag-detournement","12":"tag-elections-municipales-de-2026","13":"tag-enquete","14":"tag-eu","15":"tag-europe","16":"tag-fr","17":"tag-france","18":"tag-marseille","19":"tag-martine","20":"tag-municipales","21":"tag-news","22":"tag-politique","23":"tag-provence-alpes-cote-dazur","24":"tag-republique-francaise","25":"tag-vassal","26":"tag-visee"},"share_on_mastodon":{"url":"https:\/\/pubeurope.com\/@fr\/115202041097992844","error":""},"_links":{"self":[{"href":"https:\/\/www.europesays.com\/fr\/wp-json\/wp\/v2\/posts\/389958","targetHints":{"allow":["GET"]}}],"collection":[{"href":"https:\/\/www.europesays.com\/fr\/wp-json\/wp\/v2\/posts"}],"about":[{"href":"https:\/\/www.europesays.com\/fr\/wp-json\/wp\/v2\/types\/post"}],"author":[{"embeddable":true,"href":"https:\/\/www.europesays.com\/fr\/wp-json\/wp\/v2\/users\/2"}],"replies":[{"embeddable":true,"href":"https:\/\/www.europesays.com\/fr\/wp-json\/wp\/v2\/comments?post=389958"}],"version-history":[{"count":0,"href":"https:\/\/www.europesays.com\/fr\/wp-json\/wp\/v2\/posts\/389958\/revisions"}],"wp:featuredmedia":[{"embeddable":true,"href":"https:\/\/www.europesays.com\/fr\/wp-json\/wp\/v2\/media\/389959"}],"wp:attachment":[{"href":"https:\/\/www.europesays.com\/fr\/wp-json\/wp\/v2\/media?parent=389958"}],"wp:term":[{"taxonomy":"category","embeddable":true,"href":"https:\/\/www.europesays.com\/fr\/wp-json\/wp\/v2\/categories?post=389958"},{"taxonomy":"post_tag","embeddable":true,"href":"https:\/\/www.europesays.com\/fr\/wp-json\/wp\/v2\/tags?post=389958"}],"curies":[{"name":"wp","href":"https:\/\/api.w.org\/{rel}","templated":true}]}}