{"id":389960,"date":"2025-09-14T09:53:17","date_gmt":"2025-09-14T09:53:17","guid":{"rendered":"https:\/\/www.europesays.com\/fr\/389960\/"},"modified":"2025-09-14T09:53:17","modified_gmt":"2025-09-14T09:53:17","slug":"lyon-voici-comment-donner-son-avis-sur-le-projet-pharaonique-de-ce-tramway-express","status":"publish","type":"post","link":"https:\/\/www.europesays.com\/fr\/389960\/","title":{"rendered":"Lyon. Voici comment donner son avis sur le projet pharaonique de ce tramway express"},"content":{"rendered":"<p>            Par<br \/>\n        <strong><br \/>\n            <a href=\"https:\/\/actu.fr\/auteur\/julien-damboise\" title=\"Consulter tous les articles de Julien Damboise\" rel=\"nofollow noopener\" target=\"_blank\">Julien Damboise<\/a><br \/>\n        <\/strong><\/p>\n<p>        Publi\u00e9 le<\/p>\n<p>            14 sept. 2025 \u00e0 6h32        <\/p>\n<p>Nouvelle <strong>\u00e9tape importante<\/strong> pour le projet du <a href=\"https:\/\/actu.fr\/auvergne-rhone-alpes\/lyon_69123\/lyon-le-trace-du-tramway-express-de-l-ouest-lyonnais-valide-ce-qui-va-changer_61076546.html\" rel=\"nofollow noopener\" target=\"_blank\">tramway express de l\u2019ouest lyonnais<\/a> (Teol). L\u2019<strong>enqu\u00eate publique<\/strong> concernant la future ligne \u00e0 <a href=\"https:\/\/actu.fr\/auvergne-rhone-alpes\/lyon_69123\" rel=\"nofollow noopener\" target=\"_blank\">Lyon<\/a> et dans d\u2019autres communes de la m\u00e9tropole a \u00e9t\u00e9 lanc\u00e9e ce lundi 8 septembre. Dates, objectifs, comment participer\u2026 On fait le point.\u00a0<\/p>\n<p>De l\u2019ouest lyonnais au centre de Lyon<\/p>\n<p class=\" wall-content\">Pour rappel, la ligne permettra de <strong>relier l\u2019ouest lyonnais et le centre<\/strong> de Lyon \u00e0 l\u2019horizon 2032 avec la\u00a0cr\u00e9ation de cinq nouvelles stations\u00a0et la mutualisation des dessertes existantes T1\/T2 entre La <a href=\"https:\/\/actu.fr\/tag\/confluence\" rel=\"nofollow noopener\" target=\"_blank\">Confluence<\/a> et Jean Mac\u00e9.<\/p>\n<p class=\" wall-content\">Le trac\u00e9 de <strong>6 km<\/strong>, dont 2,9 km souterrain, avait \u00e9t\u00e9 valid\u00e9 en mai 2024 par les \u00e9lus de la M\u00e9tropole de Lyon, malgr\u00e9 la controverse qu\u2019il suscite <a href=\"https:\/\/actu.fr\/auvergne-rhone-alpes\/tassin-la-demi-lune_69244\/lyon-futur-tram-express-le-maire-de-cette-commune-allume-le-projet-et-veut-l-enterrer_61013795.html\" rel=\"nofollow noopener\" target=\"_blank\">surtout \u00e0 Tassin-la-Demi-Lune<\/a>.<\/p>\n<p>    <img   decoding=\"async\" loading=\"lazy\" src=\"https:\/\/www.europesays.com\/fr\/wp-content\/uploads\/2025\/06\/stations-t2-teol-lyon-tassin-tramway-express-ouest-lyonnais-trace-final-960x640.png\" alt=\"Voici le trac\u00e9 final du futur T2 prolong\u00e9 pour rallier l'ouest lyonnais avec une partie souterraine.\" width=\"960\" height=\"640\"\/><br \/>\n    Voici le trac\u00e9 final du futur T2 prolong\u00e9 pour rallier l\u2019ouest lyonnais avec une partie souterraine. (\u00a9Sytral)<\/p>\n<p class=\" wall-content\">Un projet chiffr\u00e9 pour le moment \u00e0 <strong>800 millions d\u2019euros<\/strong> hors taxes, avec entre 40 000 et 55 000 voyageurs chaque jour, sur lequel les habitants peuvent donner leurs avis.<\/p>\n<p>Un mois d\u2019enqu\u00eate publique<\/p>\n<p class=\" wall-content\">La nouvelle \u00e9tape dans le<strong> long processus<\/strong> avant les premiers coups de pioche s\u2019est d\u00e9roul\u00e9e ce lundi 8 septembre, avec le lancement de l\u2019enqu\u00eate publique.<\/p>\n<p class=\" wall-content\">Un moment de concertations, pour un mois <strong>jusqu\u2019au mercredi 8 octobre 2025<\/strong>, alors que les \u00e9tudes techniques se poursuivent. Plusieurs modalit\u00e9s vont \u00eatre propos\u00e9es aux habitants durant cette p\u00e9riode importante.<\/p>\n<p>Votre r\u00e9gion, votre actu !<\/p>\n<p>Recevez chaque jour les infos qui comptent pour vous.<\/p>\n<p>\t<a href=\"https:\/\/actu.fr\/newsletter\" class=\"ac-btn ac-btn--corner ac-btn--medium ac-btn--blue800\" rel=\"nofollow noopener\" target=\"_blank\">S&rsquo;incrire<\/a><\/p>\n<p>    <img   decoding=\"async\" loading=\"lazy\" src=\"https:\/\/www.europesays.com\/fr\/wp-content\/uploads\/2025\/09\/pont-la-mulatiere-teol-confluence-lyon-2032-projet-sytral-960x640.png\" alt=\"Le cabinet d'architecture OMA, laur\u00e9at de l'appel \u00e0 projet lanc\u00e9 par le Sytral, d\u00e9voile le visage du futur pont sur la Sa\u00f4ne \u00e0 Lyon.\" width=\"960\" height=\"640\"\/><br \/>\n    Le cabinet d\u2019architecture OMA, laur\u00e9at de l\u2019appel \u00e0 projet lanc\u00e9 par le Sytral, d\u00e9voile le visage du futur pont sur la Sa\u00f4ne \u00e0 Lyon. (\u00a9OMA &amp; HISM)<\/p>\n<p class=\" wall-content\">La\u00a0consultation du dossier\u00a0d\u2019enqu\u00eate publique sera possible <strong>dans les mairies<\/strong> de Lyon 2 et Lyon 5, de Sainte-Foy-l\u00e8s-Lyon, de Francheville, de Tassin-la-Demi-Lune et de La Mulati\u00e8re ainsi que des rencontres avec le commissaire enqu\u00eateur aux dates et horaires suivants :\u00a0<\/p>\n<ul class=\" wall-content\">\n<li>Jeudi 2 octobre de 9h \u00e0 12h \u00e0 la mairie de Lyon 2<\/li>\n<li>Mercredi 8 octobre de 13h30 \u00e0 16h30 \u00e0 la mairie de Lyon 5<\/li>\n<li>Lundi 8 septembre de 9h \u00e0 12h \u00e0 la mairie de Sainte-Foy-l\u00e8s-Lyon<\/li>\n<li>Vendredi 12 septembre de 14h \u00e0 17h \u00e0 la mairie de Francheville<\/li>\n<li>Mercredi 17 septembre de 9h \u00e0 12h \u00e0 la mairie de Tassin-la-Demi-Lune<\/li>\n<li>Mardi 23 septembre de 14h \u00e0 17h \u00e0 la mairie de La Mulati\u00e8re<\/li>\n<\/ul>\n<p>Qui se charge de l&rsquo;enqu\u00eate ?<\/p>\n<p>L\u2019enqu\u00eate publique est organis\u00e9e par les services d\u00e9concentr\u00e9s de l\u2019\u00c9tat en R\u00e9gion, sous l\u2019\u00e9gide d\u2019un commissaire enqu\u00eateur. Ce dernier est d\u00e9sign\u00e9 par le tribunal administratif et veille \u00e0 ce que le public dispose d\u2019une information compl\u00e8te sur le projet et qu\u2019il participe effectivement au processus de d\u00e9cision en formulant observations et propositions. Pendant l\u2019enqu\u00eate, le commissaire enqu\u00eateur peut visiter les sites concern\u00e9s, organiser des r\u00e9unions avec le public et Sytral Mobilit\u00e9s, et entendre les diff\u00e9rents acteurs du projet.<br \/>Apr\u00e8s l\u2019enqu\u00eate publique, le commissaire enqu\u00eateur r\u00e9dige un rapport et rend un avis consultatif, qui doit \u00eatre motiv\u00e9. Il peut \u00eatre favorable ou d\u00e9favorable et \u00eatre accompagn\u00e9 de recommandations et\/ou de r\u00e9serves que Sytral Mobilit\u00e9s devra alors lever.<br \/>La Pr\u00e9fecture se prononce ensuite sur l\u2019utilit\u00e9 publique du projet, au plus tard un an apr\u00e8s la cl\u00f4ture de l\u2019enqu\u00eate.\u00a0<\/p>\n<p>Une \u00e9coute<\/p>\n<p class=\" wall-content\">Il sera \u00e9galement possible de donner son avis via les registres papiers mis \u00e0 disposition dans les mairies concern\u00e9es, par courriel \u00e0 <a href=\"https:\/\/actu.fr\/cdn-cgi\/l\/email-protection\" class=\"__cf_email__\" data-cfemail=\"90f5fee1e5f5e4f5bde4f5fffcd0fdf1f9fcbee2f5f7f9e3e4e2f5bdfee5fdf5e2f9e1e5f5bef6e2\" rel=\"nofollow noopener\" target=\"_blank\">[email\u00a0protected]<\/a> ou en <a href=\"https:\/\/www.registre-numerique.fr\/enquete-teol\" rel=\"nofollow noopener\" target=\"_blank\">cliquant\u00a0ici<\/a>.<\/p>\n<p class=\" wall-content\">Enfin, le commissaire enqu\u00eateur se tient \u00e0 la disposition du public, sans rendez-vous, pour recevoir ses observations lors des six permanences programm\u00e9es.<\/p>\n<p class=\" wall-content\">Personnalisez votre actualit\u00e9 en ajoutant vos villes et m\u00e9dias en favori avec <a href=\"https:\/\/moncompte.actu.fr\" title=\"D\u00e9couvez Mon Actu\" rel=\"nofollow noopener\" data-trk=\"{&quot;cta&quot;:{&quot;action&quot;:&quot;https:\\\/\\\/moncompte.actu.fr&quot;,&quot;category&quot;:&quot;mon compte&quot;,&quot;from&quot;:&quot;article footer&quot;,&quot;name&quot;:&quot;Mon actu&quot;,&quot;type&quot;:&quot;cta&quot;}}\" target=\"_blank\">Mon Actu<\/a>.<\/p>\n","protected":false},"excerpt":{"rendered":"Par Julien Damboise Publi\u00e9 le 14 sept. 2025 \u00e0 6h32 Nouvelle \u00e9tape importante pour le projet du tramway&hellip;\n","protected":false},"author":2,"featured_media":389961,"comment_status":"","ping_status":"","sticky":false,"template":"","format":"standard","meta":{"footnotes":""},"categories":[1889],"tags":[1111,11,2430,1777,674,1011,27,2428,12,25,104,2803,5787],"class_list":{"0":"post-389960","1":"post","2":"type-post","3":"status-publish","4":"format-standard","5":"has-post-thumbnail","7":"category-lyon","8":"tag-actu","9":"tag-actualites","10":"tag-auvergne-rhone-alpes","11":"tag-eu","12":"tag-europe","13":"tag-fr","14":"tag-france","15":"tag-lyon","16":"tag-news","17":"tag-republique-francaise","18":"tag-societe","19":"tag-transport","20":"tag-transports-en-commun-lyonnais-tcl"},"share_on_mastodon":{"url":"https:\/\/pubeurope.com\/@fr\/115202046477335645","error":""},"_links":{"self":[{"href":"https:\/\/www.europesays.com\/fr\/wp-json\/wp\/v2\/posts\/389960","targetHints":{"allow":["GET"]}}],"collection":[{"href":"https:\/\/www.europesays.com\/fr\/wp-json\/wp\/v2\/posts"}],"about":[{"href":"https:\/\/www.europesays.com\/fr\/wp-json\/wp\/v2\/types\/post"}],"author":[{"embeddable":true,"href":"https:\/\/www.europesays.com\/fr\/wp-json\/wp\/v2\/users\/2"}],"replies":[{"embeddable":true,"href":"https:\/\/www.europesays.com\/fr\/wp-json\/wp\/v2\/comments?post=389960"}],"version-history":[{"count":0,"href":"https:\/\/www.europesays.com\/fr\/wp-json\/wp\/v2\/posts\/389960\/revisions"}],"wp:featuredmedia":[{"embeddable":true,"href":"https:\/\/www.europesays.com\/fr\/wp-json\/wp\/v2\/media\/389961"}],"wp:attachment":[{"href":"https:\/\/www.europesays.com\/fr\/wp-json\/wp\/v2\/media?parent=389960"}],"wp:term":[{"taxonomy":"category","embeddable":true,"href":"https:\/\/www.europesays.com\/fr\/wp-json\/wp\/v2\/categories?post=389960"},{"taxonomy":"post_tag","embeddable":true,"href":"https:\/\/www.europesays.com\/fr\/wp-json\/wp\/v2\/tags?post=389960"}],"curies":[{"name":"wp","href":"https:\/\/api.w.org\/{rel}","templated":true}]}}