{"id":389962,"date":"2025-09-14T09:54:16","date_gmt":"2025-09-14T09:54:16","guid":{"rendered":"https:\/\/www.europesays.com\/fr\/389962\/"},"modified":"2025-09-14T09:54:16","modified_gmt":"2025-09-14T09:54:16","slug":"lyon-moins-de-stationnement-trottinettes-plus-cheres-et-commerces-detruits-par-bloquons-tout-les-six-actus-quil-ne-fallait-pas-manquer-cette-semaine","status":"publish","type":"post","link":"https:\/\/www.europesays.com\/fr\/389962\/","title":{"rendered":"Lyon Moins de stationnement, trottinettes plus ch\u00e8res et commerces d\u00e9truits par Bloquons tout\u00a0&#8230; Les six actus qu\u2019il ne fallait pas manquer cette semaine"},"content":{"rendered":"<p>&#13;<br \/>\n  Moins de stationnement, plus de v\u00e9g\u00e9talisation : bient\u00f4t la fin des travaux de la Voie Lyonnaise 8 sur l\u2019avenue Jean-Mermoz<\/p>\n<p>Les travaux d\u2019am\u00e9nagement de la<a href=\"https:\/\/www.leprogres.fr\/economie\/2025\/07\/13\/voie-lyonnaise-8-des-ce-mardi-15-juillet-le-boulevard-de-valvert-mis-en-sens-unique-jusqu-a-charbonnieres\" target=\"_blank\" rel=\"noopener\"> Voie Lyonnaise 8<\/a>, d\u00e9marr\u00e9s en janvier dernier sur l\u2019<a href=\"https:\/\/www.leprogres.fr\/economie\/2025\/02\/06\/amenagement-de-la-voie-lyonnaise-n-8-au-tour-de-l-avenue-mermoz\" target=\"_blank\" rel=\"noopener\">avenue Mermoz<\/a>, arrivent \u00e0 terme. Si le secteur reste toujours difficile d\u2019acc\u00e8s pour les automobilistes, les bus et les pi\u00e9tons, il devrait proposer un visage plus agr\u00e9able dans quelques semaines. Il sera aussi plus difficile de s\u2019y garer.<\/p>\n<p>Sur les r\u00e9seaux sociaux, certains pointent du doigt les difficult\u00e9s auxquelles vont \u00eatre confront\u00e9s les automobilistes qui souhaitent se garer dans le quartier, avec la suppression de places de stationnement pour am\u00e9nager cette piste cyclable et les bandes v\u00e9g\u00e9talis\u00e9es. Notamment pour les personnes se rendant \u00e0 l\u2019h\u00f4pital priv\u00e9 Jean-Mermoz, m\u00eame si l\u2019\u00e9tablissement dispose d\u2019un parking ouvert 24 heures sur 24, destin\u00e9 aux patients et aux visiteurs.<\/p>\n<p><strong>&gt;&gt;\u00a0<a href=\"https:\/\/www.leprogres.fr\/transport\/2025\/09\/09\/moins-de-stationnement-plus-de-vegetalisation-bientot-la-fin-des-travaux-de-la-voie-lyonnaise-8-sur-l-avenue-jean-mermoz\" target=\"_blank\" rel=\"noopener\">Notre article \u00e0 lire ici<\/a><\/strong><\/p>\n<p>        &#13;<br \/>\n          <a href=\"https:\/\/cdn-s-www.leprogres.fr\/images\/f6859907-d9a3-4be7-bcbb-0bdead93a526\/NW_raw\/selon-dott-lyon-reste-le-marche-francais-ou-le-prix-a-la-minute-est-le-plus-faible-photo-regis-barnes-1757755693.jpg\" title=\"Selon Dott, &quot;Lyon reste le march\u00e9 Fran\u00e7ais o\u00f9 le prix \u00e0 la minute est le plus faible&quot;. Photo Regis Barnes\" class=\"chocolat-image GA-tracking\" data-ga_type=\"click\" data-ga_category=\"D\u00e9tail\" data-ga_action=\"zoomer\" data-ga_label=\"agrandir image\" target=\"_blank\" rel=\"noopener\">&#13;<br \/>\n            <img loading=\"lazy\" decoding=\"async\" src=\"https:\/\/www.europesays.com\/fr\/wp-content\/uploads\/2025\/09\/selon-dott-lyon-reste-le-marche-francais-ou-le-prix-a-la-minute-est-le-plus-faible-photo-regis-barne.jpeg\" alt=\"Selon Dott, &quot;Lyon reste le march\u00e9 Fran\u00e7ais o\u00f9 le prix \u00e0 la minute est le plus faible&quot;. Photo Regis Barnes\"\/>&#13;<br \/>\n          <\/a>&#13;<br \/>\n          &#13;<\/p>\n<p class=\"insetTitle\">Les trottinettes Dott augmentent leurs tarifs \u00e0 la course apr\u00e8s l&rsquo;introduction de pass pour les usagers r\u00e9guliers<\/p>\n<p>En mai dernier, Dott, <a href=\"https:\/\/www.leprogres.fr\/rhone-69-edition-lyon-metropole\/2019\/04\/19\/trottinettes-electriques-encore-un-operateur-dott\" target=\"_blank\" rel=\"noopener\">la soci\u00e9t\u00e9 franco-n\u00e9erlandaise<\/a> de trottinettes en libre-service, augmentait son tarif \u00e0 la minute. Un changement de quelques centimes d\u2019euros suppl\u00e9mentaires que peu d\u2019utilisateurs ont certainement relev\u00e9 mais qui questionne quand on sait que l\u2019op\u00e9rateur se trouve en situation de <a href=\"https:\/\/www.leprogres.fr\/economie\/2024\/05\/11\/trottinettes-a-lyon-la-fusion-dott-tier-va-t-elle-entrainer-un-monopole\" target=\"_blank\" rel=\"noopener\">monopole <\/a>\u00e0 Lyon depuis le d\u00e9but de l\u2019ann\u00e9e. Celui-ci justifie cette d\u00e9cision alors que la Ville explique qu\u2019elle ne peut agir sur la politique tarifaire des op\u00e9rateurs priv\u00e9s.<\/p>\n<p><a href=\"https:\/\/www.leprogres.fr\/transport\/2024\/12\/19\/3-500-trottinettes-en-libre-service-des-janvier-avec-un-operateur-unique\" target=\"_blank\" rel=\"noopener\">Cette absence de concurrence<\/a>\u00a0a-t-elle incit\u00e9 Dott \u00e0 augmenter son tarif \u00e0 la course de 8\u00a0%, depuis le 19\u00a0mai dernier\u00a0? Si la hausse sur le papier semble marginale et indolore pour les usagers, de 25 \u00e0 27 centimes, elle prend d\u2019autres proportions au regard du volume enregistr\u00e9 chaque ann\u00e9e.\u00a0<\/p>\n<p><strong>\u00a0&gt;&gt;<a href=\"https:\/\/www.leprogres.fr\/transport\/2025\/09\/08\/l-operateur-de-trottinettes-dott-a-augmente-ses-tarifs-a-la-course-des-pass-pour-les-usagers-reguliers-introduits-cet-ete\" target=\"_blank\" rel=\"noopener\"> Notre article \u00e0 lire ici<\/a><\/strong><\/p>\n<p>  &#13;<br \/>\n      <a href=\"https:\/\/cdn-s-www.leprogres.fr\/images\/5b0ee923-9e25-41e9-9d4a-cf544cf682d8\/NW_raw\/percu-aujourd-hui-comme-un-marche-local-si-on-le-deplacait-a-bellecour-il-pourrait-prendre-une-dimension-internationale-comme-strasbourg-estime-theodore-lafond-photo-fournie-par-gentlewiew-1757757439.jpg\" title=\"\u00ab Per\u00e7u aujourd\u2019hui comme un march\u00e9 local, si on le d\u00e9pla\u00e7ait \u00e0 Bellecour, il pourrait prendre une dimension internationale comme Strasbourg \u00bb, estime Th\u00e9odore Lafond. Photo fournie par Gentlewiew\" class=\"chocolat-image GA-tracking\" data-ga_type=\"click\" data-ga_category=\"D\u00e9tail\" data-ga_action=\"zoomer\" data-ga_label=\"agrandir image\" target=\"_blank\" rel=\"noopener\">&#13;<br \/>\n          <img loading=\"lazy\" decoding=\"async\" src=\"https:\/\/www.europesays.com\/fr\/wp-content\/uploads\/2025\/09\/percu-aujourd-hui-comme-un-marche-local-si-on-le-deplacait-a-bellecour-il-pourrait-prendre-une-dimen.jpeg\" data-mobile=\"NW_listC_M|1757757439\" data-base=\"NW_listC|1757757439\" alt=\"\u00ab Per\u00e7u aujourd\u2019hui comme un march\u00e9 local, si on le d\u00e9pla\u00e7ait \u00e0 Bellecour, il pourrait prendre une dimension internationale comme Strasbourg \u00bb, estime Th\u00e9odore Lafond. Photo fournie par Gentlewiew\"\/>&#13;<br \/>\n      <\/a>&#13;<\/p>\n<p>\u00ab Per\u00e7u aujourd\u2019hui comme un march\u00e9 local, si on le d\u00e9pla\u00e7ait \u00e0 Bellecour, il pourrait prendre une dimension internationale comme Strasbourg \u00bb, estime Th\u00e9odore Lafond. Photo fournie par Gentlewiew<\/p>\n<p>&#13;<\/p>\n<p>  Serait-ce une bonne id\u00e9e de d\u00e9placer le march\u00e9 de\u00a0No\u00ebl\u00a0de Carnot \u00e0 Bellecour\u00a0?<\/p>\n<p>Mise en ligne mardi 9\u00a0septembre, la p\u00e9tition affiche de grandes ambitions pour le <a href=\"https:\/\/www.leprogres.fr\/culture-loisirs\/2024\/11\/28\/l-incontournable-marche-de-noel-de-la-place-carnot-c-est-jusqu-au-24-decembre\" target=\"_blank\" rel=\"noopener\">march\u00e9 de No\u00ebl de la ville.<\/a> Mais \u00e9voquer son d\u00e9part de Carnot \u00e0 Bellecour pr\u00e9sente aussi quelques inconv\u00e9nients et mettrait un s\u00e9rieux coup de canif \u00e0 la tradition. \u00ab\u00a0C\u2019est un projet interrogatif et non offensif\u00a0\u00bb, indique son instigateur. \u00ab\u00a0Ce n\u2019est pas d\u2019actualit\u00e9\u00a0\u00bb, d\u00e9clare la municipalit\u00e9.<\/p>\n<p>Ce projet, suffisamment fouill\u00e9 pour \u00eatre chiffr\u00e9 est \u00e0 mettre \u00e0 l\u2019actif de Th\u00e9odore Lafond, patron de l\u2019agence de communication lyonnaise, Gentleview. Au\u00a0Progr\u00e8s, il confie\u00a0: \u00ab\u00a0Avoir un <a href=\"https:\/\/www.leprogres.fr\/culture-loisirs\/2024\/11\/24\/a-l-hotel-dieu-des-dizaines-d-artisans-animent-le-marche-de-noel-jusqu-au-24-decembre\" target=\"_blank\" rel=\"noopener\">si petit march\u00e9 de No\u00ebl<\/a> c\u2019est un non-sens pour une ville comme Lyon. Et maintenant que je suis p\u00e8re, je veux juste que cette p\u00e9riode soit f\u00e9erique et pour cela je veux bien donner de mon temps s\u2019il le faut\u00a0\u00bb.\u00a0<\/p>\n<p><strong>&gt;&gt;\u00a0<a href=\"https:\/\/www.leprogres.fr\/culture-loisirs\/2025\/09\/10\/avoir-un-si-petit-marche-de-noel-c-est-un-non-sens-pour-une-ville-comme-lyon-il-lance-une-petition-pour-le-deplacer-de-carnot-a-bellecour\" target=\"_blank\" rel=\"noopener\">Notre article \u00e0 lire ici<\/a><\/strong><\/p>\n<p>&#13;<br \/>\n  <strong>Blocage du 10\u00a0septembre\u00a0: \u00ab Ils sont venus\u00a0pour casser et cr\u00e9er le bazar\u00a0\u00bb, d\u00e9plore cette commer\u00e7ante<\/strong><\/p>\n<ul class=\"galerieContent carousel-wrapper__slides\" id=\"0fcd4a48-8e2a-47a6-8d4b-9afd957a2bb1\">        &#13;<\/p>\n<li class=\"carousel-wrapper__slides--slide item\" id=\"slide-1\">&#13;<br \/>\n                                    &#13;<br \/>\n                        <a class=\"chocolat-image GA-tracking\" data-ga_type=\"click\" data-ga_category=\"D\u00e9tail\" data-ga_action=\"zoomer\" data-ga_label=\"aggrandir image\" href=\"https:\/\/cdn-s-www.leprogres.fr\/images\/ad821251-ab28-492a-80a0-b9e425752571\/NW_raw\/kelly-ingargiola-gerante-de-la-boutique-perrayon-1884-et-presidente-des-commercants-de-la-rue-victor-hugo-a-recu-jeudi-11-septembre-la-visite-des-autorites-pour-un-debriefing-photo-christelle-lalanne-1757610433.jpg\" title=\"Kelly Ingargiola, g\u00e9rante de la boutique Perrayon 1884 et pr\u00e9sidente des commer\u00e7ants de la rue Victor-Hugo a re\u00e7u, jeudi 11\u00a0septembre, la visite des autorit\u00e9s pour un \u00ab\u00a0d\u00e9briefing\u00a0\u00bb.\u00a0 Photo Christelle Lalanne\" target=\"_blank\" rel=\"noopener\">&#13;<br \/>\n                            <img decoding=\"async\" src=\"https:\/\/www.europesays.com\/fr\/wp-content\/uploads\/2025\/09\/kelly-ingargiola-gerante-de-la-boutique-perrayon-1884-et-presidente-des-commercants-de-la-rue-victor.jpeg\"   alt=\"Kelly Ingargiola, g\u00e9rante de la boutique Perrayon 1884 et pr\u00e9sidente des commer\u00e7ants de la rue Victor-Hugo a re\u00e7u, jeudi 11\u00a0septembre, la visite des autorit\u00e9s pour un \u00ab\u00a0d\u00e9briefing\u00a0\u00bb.\u00a0 Photo Christelle Lalanne\" fetchpriority=\"high\" data-mobile=\"NW_listA_M|1757610433\" data-base=\"NW_listA|1757610433\"\/>&#13;<br \/>\n                        <\/a>&#13;<\/p>\n<p>Kelly Ingargiola, g\u00e9rante de la boutique Perrayon 1884 et pr\u00e9sidente des commer\u00e7ants de la rue Victor-Hugo a re\u00e7u, jeudi 11\u00a0septembre, la visite des autorit\u00e9s pour un \u00ab\u00a0d\u00e9briefing\u00a0\u00bb.\u00a0 Photo Christelle Lalanne<\/p>\n<p>                        &#13;<br \/>\n                                           &#13;\n                <\/li>\n<p>&#13;<br \/>\n            &#13;<\/p>\n<li class=\"carousel-wrapper__slides--slide item slideWithPub\" id=\"slide-2\">&#13;<br \/>\n                        &#13;<br \/>\n                            <a class=\"chocolat-image\" title=\"Publicit\u00e9\" href=\"data:image\/gif;base64,R0lGODlhAQABAAD\/ACwAAAAAAQABAAACADs=\">&#13;<br \/>\n                                <img decoding=\"async\" src=\"data:image\/gif;base64,R0lGODlhAQABAAD\/ACwAAAAAAQABAAACADs=\" alt=\"Publicit\u00e9\" loading=\"lazy\" fetchpriority=\"low\"\/>&#13;<br \/>\n                            <\/a>&#13;<br \/>\n                        &#13;\n                    <\/li>\n<p>&#13;<\/p>\n<li class=\"carousel-wrapper__slides--slide item\" id=\"slide-3\">&#13;<br \/>\n                                    &#13;<br \/>\n                        <a class=\"chocolat-image GA-tracking\" data-ga_type=\"click\" data-ga_category=\"D\u00e9tail\" data-ga_action=\"zoomer\" data-ga_label=\"aggrandir image\" href=\"https:\/\/cdn-s-www.leprogres.fr\/images\/9dc5caf6-a580-416a-b6d1-60f4b7c1746c\/NW_raw\/pour-la-seconde-fois-la-boutique-de-vins-et-spiriteux-nicolas-a-ete-la-cible-des-casseurs-ce-mercredi-10-septembre-photo-christelle-lalanne-1757608814.jpg\" title=\"Pour la seconde fois, la boutique de vins et spiriteux Nicolas a \u00e9t\u00e9 la cible des casseurs ce mercredi 10 septembre. Photo Christelle Lalanne\" target=\"_blank\" rel=\"noopener\">&#13;<br \/>\n                            <img decoding=\"async\" src=\"https:\/\/www.europesays.com\/fr\/wp-content\/uploads\/2025\/09\/pour-la-seconde-fois-la-boutique-de-vins-et-spiriteux-nicolas-a-ete-la-cible-des-casseurs-ce-mercred.jpeg\"   alt=\"Pour la seconde fois, la boutique de vins et spiriteux Nicolas a \u00e9t\u00e9 la cible des casseurs ce mercredi 10 septembre. Photo Christelle Lalanne\" loading=\"lazy\" fetchpriority=\"low\" data-mobile=\"NW_listA_M|1757608814\" data-base=\"NW_listA|1757608814\"\/>&#13;<br \/>\n                        <\/a>&#13;<\/p>\n<p>Pour la seconde fois, la boutique de vins et spiriteux Nicolas a \u00e9t\u00e9 la cible des casseurs ce mercredi 10 septembre. Photo Christelle Lalanne<\/p>\n<p>                        &#13;<br \/>\n                                           &#13;\n                <\/li>\n<p>&#13;<br \/>\n            &#13;<\/p>\n<li class=\"carousel-wrapper__slides--slide item\" id=\"slide-4\">&#13;<br \/>\n                                    &#13;<br \/>\n                        <a class=\"chocolat-image GA-tracking\" data-ga_type=\"click\" data-ga_category=\"D\u00e9tail\" data-ga_action=\"zoomer\" data-ga_label=\"aggrandir image\" href=\"https:\/\/cdn-s-www.leprogres.fr\/images\/9016baee-383b-45dd-a88a-e1b17bf982f2\/NW_raw\/notre-role-est-la-protection-des-biens-et-des-personnes-et-que-la-liberte-de-commerce-soit-garantie-antoine-guerin-prefet-delegue-a-la-securite-du-rhone-photo-christelle-lalanne-1757608814.jpg\" title=\"\u00ab\u00a0Notre r\u00f4le est la protection des biens et des personnes et que la libert\u00e9 de commerce soit garantie\u00a0\u00bb : Antoine Gu\u00e9rin, pr\u00e9fet d\u00e9l\u00e9gu\u00e9 \u00e0 la s\u00e9curit\u00e9 du Rh\u00f4ne. Photo Christelle Lalanne\" target=\"_blank\" rel=\"noopener\">&#13;<br \/>\n                            <img decoding=\"async\" src=\"https:\/\/www.europesays.com\/fr\/wp-content\/uploads\/2025\/09\/notre-role-est-la-protection-des-biens-et-des-personnes-et-que-la-liberte-de-commerce-soit-garantie-.jpeg\"   alt=\"\u00ab\u00a0Notre r\u00f4le est la protection des biens et des personnes et que la libert\u00e9 de commerce soit garantie\u00a0\u00bb : Antoine Gu\u00e9rin, pr\u00e9fet d\u00e9l\u00e9gu\u00e9 \u00e0 la s\u00e9curit\u00e9 du Rh\u00f4ne. Photo Christelle Lalanne\" loading=\"lazy\" fetchpriority=\"low\" data-mobile=\"NW_listA_M|1757608814\" data-base=\"NW_listA|1757608814\"\/>&#13;<br \/>\n                        <\/a>&#13;<\/p>\n<p>\u00ab\u00a0Notre r\u00f4le est la protection des biens et des personnes et que la libert\u00e9 de commerce soit garantie\u00a0\u00bb : Antoine Gu\u00e9rin, pr\u00e9fet d\u00e9l\u00e9gu\u00e9 \u00e0 la s\u00e9curit\u00e9 du Rh\u00f4ne. Photo Christelle Lalanne<\/p>\n<p>                        &#13;<br \/>\n                                           &#13;\n                <\/li>\n<p>&#13;<br \/>\n            &#13;<\/p>\n<li class=\"carousel-wrapper__slides--slide item\" id=\"slide-5\">&#13;<br \/>\n                                    &#13;<br \/>\n                        <a class=\"chocolat-image GA-tracking\" data-ga_type=\"click\" data-ga_category=\"D\u00e9tail\" data-ga_action=\"zoomer\" data-ga_label=\"aggrandir image\" href=\"https:\/\/cdn-s-www.leprogres.fr\/images\/c478ffb2-9073-489b-8760-f1a9e8b158d0\/NW_raw\/place-ampere-la-caisse-d-epargne-aussi-a-ete-victime-des-casseurs-photo-christelle-lalanne-1757608814.jpg\" title=\"Place Amp\u00e8re, la Caisse d&#039;Epargne aussi a \u00e9t\u00e9 victime des casseurs. Photo Christelle Lalanne\" target=\"_blank\" rel=\"noopener\">&#13;<br \/>\n                            <img decoding=\"async\" src=\"https:\/\/www.europesays.com\/fr\/wp-content\/uploads\/2025\/09\/place-ampere-la-caisse-d-epargne-aussi-a-ete-victime-des-casseurs-photo-christelle-lalanne-175760881.jpeg\"   alt=\"Place Amp\u00e8re, la Caisse d'Epargne aussi a \u00e9t\u00e9 victime des casseurs. Photo Christelle Lalanne\" loading=\"lazy\" fetchpriority=\"low\" data-mobile=\"NW_listA_M|1757608814\" data-base=\"NW_listA|1757608814\"\/>&#13;<br \/>\n                        <\/a>&#13;<\/p>\n<p>Place Amp\u00e8re, la Caisse d&rsquo;Epargne aussi a \u00e9t\u00e9 victime des casseurs. Photo Christelle Lalanne<\/p>\n<p>                        &#13;<br \/>\n                                           &#13;\n                <\/li>\n<p>&#13;<br \/>\n            &#13;<\/p>\n<li class=\"carousel-wrapper__slides--slide item\" id=\"slide-6\">&#13;<br \/>\n                                    &#13;<br \/>\n                        <a class=\"chocolat-image GA-tracking\" data-ga_type=\"click\" data-ga_category=\"D\u00e9tail\" data-ga_action=\"zoomer\" data-ga_label=\"aggrandir image\" href=\"https:\/\/cdn-s-www.leprogres.fr\/images\/da0314f1-d08e-4cb9-b010-1b4e28a30b85\/NW_raw\/si-le-restaurant-mcdonald-s-etait-ouvert-ce-jeudi-11-septembre-au-matin-les-vitrines-donnant-sur-la-rue-victor-hugo-n-avaient-pas-encore-ete-repares-photo-christelle-lalanne-1757608814.jpg\" title=\"Si le restaurant McDonald&#039;s \u00e9tait ouvert ce jeudi 11 septembre au matin, les vitrines donnant sur la rue Victor-Hugo, n&#039;avaient pas encore \u00e9t\u00e9 r\u00e9par\u00e9s. Photo Christelle Lalanne\" target=\"_blank\" rel=\"noopener\">&#13;<br \/>\n                            <img decoding=\"async\" src=\"https:\/\/www.europesays.com\/fr\/wp-content\/uploads\/2025\/09\/si-le-restaurant-mcdonald-s-etait-ouvert-ce-jeudi-11-septembre-au-matin-les-vitrines-donnant-sur-la-.jpeg\"   alt=\"Si le restaurant McDonald's \u00e9tait ouvert ce jeudi 11 septembre au matin, les vitrines donnant sur la rue Victor-Hugo, n'avaient pas encore \u00e9t\u00e9 r\u00e9par\u00e9s. Photo Christelle Lalanne\" loading=\"lazy\" fetchpriority=\"low\" data-mobile=\"NW_listA_M|1757608814\" data-base=\"NW_listA|1757608814\"\/>&#13;<br \/>\n                        <\/a>&#13;<\/p>\n<p>Si le restaurant McDonald&rsquo;s \u00e9tait ouvert ce jeudi 11 septembre au matin, les vitrines donnant sur la rue Victor-Hugo, n&rsquo;avaient pas encore \u00e9t\u00e9 r\u00e9par\u00e9s. Photo Christelle Lalanne<\/p>\n<p>                        &#13;<br \/>\n                                           &#13;\n                <\/li>\n<p>&#13;<br \/>\n            &#13;<\/p>\n<li class=\"carousel-wrapper__slides--slide item slideWithPub\" id=\"slide-7\">&#13;<br \/>\n                        &#13;<br \/>\n                            <a class=\"chocolat-image\" title=\"Publicit\u00e9\" href=\"data:image\/gif;base64,R0lGODlhAQABAAD\/ACwAAAAAAQABAAACADs=\">&#13;<br \/>\n                                <img decoding=\"async\" src=\"data:image\/gif;base64,R0lGODlhAQABAAD\/ACwAAAAAAQABAAACADs=\" alt=\"Publicit\u00e9\" loading=\"lazy\" fetchpriority=\"low\"\/>&#13;<br \/>\n                            <\/a>&#13;<br \/>\n                        &#13;\n                    <\/li>\n<p>&#13;<\/p>\n<li class=\"carousel-wrapper__slides--slide item\" id=\"slide-8\">&#13;<br \/>\n                                    &#13;<br \/>\n                        <a class=\"chocolat-image GA-tracking\" data-ga_type=\"click\" data-ga_category=\"D\u00e9tail\" data-ga_action=\"zoomer\" data-ga_label=\"aggrandir image\" href=\"https:\/\/cdn-s-www.leprogres.fr\/images\/eb76bff8-3c60-4c94-9b8f-2c01730cb389\/NW_raw\/nous-n-avons-pas-tous-les-moyens-d-investir-dans-des-protections-en-bois-qui-coutent-entre-2-000-et-5000-euros-photo-christelle-lalanne-1757608814.jpg\" title=\"\u00ab\u00a0Nous n&#039;avons pas tous les moyens d&#039;investir dans des protections en bois qui coutent entre 2 000 et 5000 euros.\u00a0\u00bb Photo Christelle Lalanne\" target=\"_blank\" rel=\"noopener\">&#13;<br \/>\n                            <img decoding=\"async\" src=\"https:\/\/www.europesays.com\/fr\/wp-content\/uploads\/2025\/09\/nous-n-avons-pas-tous-les-moyens-d-investir-dans-des-protections-en-bois-qui-coutent-entre-2-000-et-.jpeg\"   alt=\"\u00ab\u00a0Nous n'avons pas tous les moyens d'investir dans des protections en bois qui coutent entre 2 000 et 5000 euros.\u00a0\u00bb Photo Christelle Lalanne\" loading=\"lazy\" fetchpriority=\"low\" data-mobile=\"NW_listA_M|1757608814\" data-base=\"NW_listA|1757608814\"\/>&#13;<br \/>\n                        <\/a>&#13;<\/p>\n<p>\u00ab\u00a0Nous n&rsquo;avons pas tous les moyens d&rsquo;investir dans des protections en bois qui coutent entre 2 000 et 5000 euros.\u00a0\u00bb Photo Christelle Lalanne<\/p>\n<p>                        &#13;<br \/>\n                                           &#13;\n                <\/li>\n<p>&#13;<br \/>\n            &#13;<\/p>\n<li class=\"carousel-wrapper__slides--slide item\" id=\"slide-9\">&#13;<br \/>\n                                    &#13;<br \/>\n                        <a class=\"chocolat-image GA-tracking\" data-ga_type=\"click\" data-ga_category=\"D\u00e9tail\" data-ga_action=\"zoomer\" data-ga_label=\"aggrandir image\" href=\"https:\/\/cdn-s-www.leprogres.fr\/images\/a74fd157-64e4-4d7d-a14c-2750886d2e33\/NW_raw\/petit-tour-rue-victor-hugo-a-la-rencontre-des-commercants-ce-jeudi-matin-pour-gregory-doucet-maire-de-lyon-antoine-guerin-prefet-delegue-a-la-securite-et-regis-poly-vice-president-de-la-cci-photo-christelle-lalanne-1757608814.jpg\" title=\"Petit tour rue Victor-Hugo \u00e0 la rencontre des commer\u00e7ants, ce jeudi matin, pour Gr\u00e9gory Doucet, maire de Lyon, Antoine Gu\u00e9rin, pr\u00e9fet d\u00e9l\u00e9gu\u00e9 \u00e0 la S\u00e9curit\u00e9 et R\u00e9gis Poly, vice-pr\u00e9sident de la CCI. Photo Christelle Lalanne\" target=\"_blank\" rel=\"noopener\">&#13;<br \/>\n                            <img decoding=\"async\" src=\"https:\/\/www.europesays.com\/fr\/wp-content\/uploads\/2025\/09\/petit-tour-rue-victor-hugo-a-la-rencontre-des-commercants-ce-jeudi-matin-pour-gregory-doucet-maire-d.jpeg\"   alt=\"Petit tour rue Victor-Hugo \u00e0 la rencontre des commer\u00e7ants, ce jeudi matin, pour Gr\u00e9gory Doucet, maire de Lyon, Antoine Gu\u00e9rin, pr\u00e9fet d\u00e9l\u00e9gu\u00e9 \u00e0 la S\u00e9curit\u00e9 et R\u00e9gis Poly, vice-pr\u00e9sident de la CCI. Photo Christelle Lalanne\" loading=\"lazy\" fetchpriority=\"low\" data-mobile=\"NW_listA_M|1757608814\" data-base=\"NW_listA|1757608814\"\/>&#13;<br \/>\n                        <\/a>&#13;<\/p>\n<p>Petit tour rue Victor-Hugo \u00e0 la rencontre des commer\u00e7ants, ce jeudi matin, pour Gr\u00e9gory Doucet, maire de Lyon, Antoine Gu\u00e9rin, pr\u00e9fet d\u00e9l\u00e9gu\u00e9 \u00e0 la S\u00e9curit\u00e9 et R\u00e9gis Poly, vice-pr\u00e9sident de la CCI. Photo Christelle Lalanne<\/p>\n<p>                        &#13;<br \/>\n                                           &#13;\n                <\/li>\n<p>&#13;<br \/>\n            &#13;\n                <\/ul>\n<p>Au lendemain de la journ\u00e9e \u00ab <a href=\"https:\/\/www.leprogres.fr\/social\/2025\/09\/11\/bloquons-tout-la-colere-deborde-a-lyon-mais-le-calme-l-emporte-ailleurs\" target=\"_blank\" rel=\"noopener\">Bloquons tout\u00a0<\/a>\u00bb qui a rassembl\u00e9 pr\u00e8s de 8\u00a0000 personnes \u00e0 Lyon, 1\u00a0300 policiers et gendarmes et conduit \u00e0 25 interpellations, les pouvoirs publics se sont rendus rue Victor-Hugo \u00e0 Lyon. La pr\u00e9sidente des commer\u00e7ants, Kelly Ingargiola, tout en reconnaissant la pr\u00e9sence efficace des forces de police, a demand\u00e9 \u00e0 \u00ab\u00a0\u00eatre plus vite inform\u00e9e des mouvements des manifestants lors du 18\u00a0septembre\u00a0\u00bb.<\/p>\n<p>Lors de la visite, quasi impromptue ce jeudi midi dans sa boutique, de <a href=\"https:\/\/www.leprogres.fr\/p\/gregory-doucet\" target=\"_blank\" rel=\"noopener\">Gr\u00e9gory Doucet<\/a>, maire \u00e9cologiste de Lyon et de ses adjoints,\u00a0<a href=\"https:\/\/www.leprogres.fr\/faits-divers-justice\/2024\/11\/18\/antoine-guerin-le-nouveau-prefet-dedie-a-la-securite-affiche-ses-priorites\" target=\"_blank\" rel=\"noopener\">d\u2019Antoine Gu\u00e9rin, pr\u00e9fet du Rh\u00f4ne d\u00e9l\u00e9gu\u00e9 \u00e0 la s\u00e9curit\u00e9<\/a>\u00a0et de R\u00e9gis Poly, vice-pr\u00e9sident de la Chambre de commerce et d\u2019industrie, Kelly Ingargiola n\u2019a pas manqu\u00e9 d\u2019\u00e9voquer la s\u00e9curit\u00e9 des commer\u00e7ants. \u00ab\u00a0Est-ce \u00e0 nous d\u2019assurer notre propre s\u00e9curit\u00e9 lors des manifestations alors que la police sait comment se d\u00e9placent les casseurs\u00a0? Nous ne sommes pas pr\u00e9venus assez vite de leur arriv\u00e9e et de leurs d\u00e9placements.\u00a0\u00bb<\/p>\n<p><strong>&gt;&gt; <a href=\"https:\/\/www.leprogres.fr\/economie\/2025\/09\/11\/blocage-du-10-septembre-des-casseurs-sont-venus-mettre-le-bazar-et-tenter-de-casser-les-vitrines-deplore-cette-commercante\" target=\"_blank\" rel=\"noopener\">Notre article \u00e0 lire ici<\/a><\/strong><\/p>\n<p>        &#13;<br \/>\n          <a href=\"https:\/\/cdn-s-www.leprogres.fr\/images\/5173915e-3a6a-46cf-ba50-d552e301b68e\/NW_raw\/un-cas-d-hepatite-a-concernant-un-enfant-de-l-ecole-claudius-berthelier-(7e)-a-ete-signale-ce-vendredi-photo-remi-liogier-1757701009.jpg\" title=\"Un cas d\u2019h\u00e9patite A, concernant un enfant de l\u2019\u00e9cole Claudius-Berthelier (7e), a \u00e9t\u00e9 signal\u00e9 ce vendredi.\u00a0 Photo R\u00e9mi Liogier\" class=\"chocolat-image GA-tracking\" data-ga_type=\"click\" data-ga_category=\"D\u00e9tail\" data-ga_action=\"zoomer\" data-ga_label=\"agrandir image\" target=\"_blank\" rel=\"noopener\">&#13;<br \/>\n            <img loading=\"lazy\" decoding=\"async\" src=\"https:\/\/www.europesays.com\/fr\/wp-content\/uploads\/2025\/09\/un-cas-d-hepatite-a-concernant-un-enfant-de-l-ecole-claudius-berthelier-(7e)-a-ete-signale-ce-vendre.jpeg\" alt=\"Un cas d\u2019h\u00e9patite A, concernant un enfant de l\u2019\u00e9cole Claudius-Berthelier (7e), a \u00e9t\u00e9 signal\u00e9 ce vendredi.\u00a0 Photo R\u00e9mi Liogier\"\/>&#13;<br \/>\n          <\/a>&#13;<br \/>\n          &#13;<\/p>\n<p class=\"insetTitle\">H\u00e9patite A : explosion du nombre de cas dans le 7e arrondissement <\/p>\n<p>Un enfant de l\u2019<a href=\"https:\/\/www.leprogres.fr\/education\/2025\/07\/13\/ecole-claudius-berthelier-visite-des-travaux-realises-et-en-cours\" target=\"_blank\" rel=\"noopener\">\u00e9cole maternelle Claudius-Berthelier<\/a> (7e) a contract\u00e9 l\u2019h\u00e9patite A. Ce nouveau signalement s\u2019inscrit dans une hausse pr\u00e9occupante du nombre de cas dans le Rh\u00f4ne\u00a0: +356\u00a0% par rapport \u00e0 l\u2019an dernier. Avec des malades majoritairement localis\u00e9s \u00e0 Lyon, en particulier dans le 7e\u00a0arrondissement.<\/p>\n<p>Depuis d\u00e9but juillet, \u00ab\u00a085 cas d\u2019h\u00e9patite A ont \u00e9t\u00e9 identifi\u00e9s dans le Rh\u00f4ne, dont 32 indiquent habiter le 7e\u00a0arrondissement de Lyon.\u00a0\u00bb Pour 12 d\u2019entre eux, <a href=\"https:\/\/www.leprogres.fr\/sante\/2025\/07\/10\/incomprehensible-l-ars-ferme-un-reseau-specialise-dans-la-sante-mentale\" target=\"_blank\" rel=\"noopener\">l\u2019ARS <\/a>n\u2019a pas retrouv\u00e9 de cause de contamination habituelle (voyage \u00e0 l\u2019\u00e9tranger, consommation de fruits de mer, cas dans l\u2019entourage\u2026). Alors, comment expliquer cette hausse fulgurante\u00a0?<\/p>\n<p><strong>&gt;&gt;\u00a0<a href=\"https:\/\/www.leprogres.fr\/education\/2025\/09\/12\/hepatite-a-explosion-du-nombre-de-cas-dans-cet-arrondissement-une-ecole-maternelle-touchee\" target=\"_blank\" rel=\"noopener\">Notre article \u00e0 lire ici<\/a><\/strong><\/p>\n<p>  &#13;<br \/>\n      <a href=\"https:\/\/cdn-s-www.leprogres.fr\/images\/670bfea8-66cf-4d05-9eee-0c8017c087f7\/NW_raw\/la-piscine-de-vaise-(9e)-situee-rue-sidoine-apollinaire-etait-fermee-depuis-juin-2024-photo-d-archives-thibault-delperie-1757783003.jpg\" title=\"La piscine de Vaise (9e), situ\u00e9e rue\u00a0Sidoine-Apollinaire, \u00e9tait ferm\u00e9e depuis juin\u00a02024.\u00a0 Photo d\u2019archives Thibault Delp\u00e9ri\u00e9\" class=\"chocolat-image GA-tracking\" data-ga_type=\"click\" data-ga_category=\"D\u00e9tail\" data-ga_action=\"zoomer\" data-ga_label=\"agrandir image\" target=\"_blank\" rel=\"noopener\">&#13;<br \/>\n          <img loading=\"lazy\" decoding=\"async\" src=\"https:\/\/www.europesays.com\/fr\/wp-content\/uploads\/2025\/09\/la-piscine-de-vaise-(9e)-situee-rue-sidoine-apollinaire-etait-fermee-depuis-juin-2024-photo-d-archiv.jpeg\" data-mobile=\"NW_listC_M|1757783003\" data-base=\"NW_listC|1757783003\" alt=\"La piscine de Vaise (9e), situ\u00e9e rue\u00a0Sidoine-Apollinaire, \u00e9tait ferm\u00e9e depuis juin\u00a02024.\u00a0 Photo d\u2019archives Thibault Delp\u00e9ri\u00e9\"\/>&#13;<br \/>\n      <\/a>&#13;<\/p>\n<p>La piscine de Vaise (9e), situ\u00e9e rue\u00a0Sidoine-Apollinaire, \u00e9tait ferm\u00e9e depuis juin\u00a02024.\u00a0 Photo d\u2019archives Thibault Delp\u00e9ri\u00e9<\/p>\n<p>&#13;<\/p>\n<p>  Apr\u00e8s plus d\u2019un an de travaux, on conna\u00eet (enfin) la date de r\u00e9ouverture de la piscine de Vaise<\/p>\n<p>En chantier depuis l\u2019\u00e9t\u00e9 2024, la<a href=\"https:\/\/www.leprogres.fr\/economie\/2025\/04\/03\/piscine-de-vaise-bouchees-doubles-sur-le-chantier-pour-une-reouverture-cet-ete\" target=\"_blank\" rel=\"noopener\"> piscine de Vaise <\/a>(9e) accueillera \u00e0 nouveau du public \u00e0 compter du 20\u00a0septembre\u00a0: juste \u00e0 temps pour les Journ\u00e9es europ\u00e9ennes du patrimoine. Les travaux de r\u00e9novation de cet \u00e9quipement, ont co\u00fbt\u00e9 pr\u00e8s de 7\u00a0M\u20ac. Ils visaient \u00e0\u00a0am\u00e9liorer sa performance \u00e9nerg\u00e9tique, sa qualit\u00e9 d\u2019usage et son accessibilit\u00e9.<\/p>\n<p>Sont programm\u00e9es pour <a href=\"https:\/\/www.leprogres.fr\/economie\/2025\/04\/04\/piscine-de-vaise-une-reouverture-envisagee-cet-ete\" target=\"_blank\" rel=\"noopener\">cette occasio<\/a>n, des animations, visites guid\u00e9es, et la d\u00e9couverte d\u2019espaces techniques habituellement inaccessibles\u00a0: \u00ab\u00a0On pourra visiter les dessous du bassin\u00a0\u00bb, se r\u00e9jouit l\u2019\u00e9lu.<\/p>\n<p><strong>&gt;&gt; <a href=\"https:\/\/www.leprogres.fr\/sport\/2025\/09\/12\/elle-etait-tres-attendue-apres-plus-d-un-an-de-travaux-on-connait-(enfin)-la-date-de-reouverture-de-la-piscine-de-vaise\" target=\"_blank\" rel=\"noopener\">Notre article \u00e0 lire ici<\/a><\/strong><\/p>\n","protected":false},"excerpt":{"rendered":"&#13; Moins de stationnement, plus de v\u00e9g\u00e9talisation : bient\u00f4t la fin des travaux de la Voie Lyonnaise 8&hellip;\n","protected":false},"author":2,"featured_media":389963,"comment_status":"","ping_status":"","sticky":false,"template":"","format":"standard","meta":{"footnotes":""},"categories":[1889],"tags":[1111,11,2430,130,33,2757,1057,436,1777,674,107,1011,27,937,2428,12,316,25,2429],"class_list":{"0":"post-389962","1":"post","2":"type-post","3":"status-publish","4":"format-standard","5":"has-post-thumbnail","7":"category-lyon","8":"tag-actu","9":"tag-actualites","10":"tag-auvergne-rhone-alpes","11":"tag-consommation","12":"tag-economie","13":"tag-edition-lyon-villeurbanne","14":"tag-education","15":"tag-environnement","16":"tag-eu","17":"tag-europe","18":"tag-fil-info","19":"tag-fr","20":"tag-france","21":"tag-histoire","22":"tag-lyon","23":"tag-news","24":"tag-politique","25":"tag-republique-francaise","26":"tag-rhone"},"share_on_mastodon":{"url":"https:\/\/pubeurope.com\/@fr\/115202049208788182","error":""},"_links":{"self":[{"href":"https:\/\/www.europesays.com\/fr\/wp-json\/wp\/v2\/posts\/389962","targetHints":{"allow":["GET"]}}],"collection":[{"href":"https:\/\/www.europesays.com\/fr\/wp-json\/wp\/v2\/posts"}],"about":[{"href":"https:\/\/www.europesays.com\/fr\/wp-json\/wp\/v2\/types\/post"}],"author":[{"embeddable":true,"href":"https:\/\/www.europesays.com\/fr\/wp-json\/wp\/v2\/users\/2"}],"replies":[{"embeddable":true,"href":"https:\/\/www.europesays.com\/fr\/wp-json\/wp\/v2\/comments?post=389962"}],"version-history":[{"count":0,"href":"https:\/\/www.europesays.com\/fr\/wp-json\/wp\/v2\/posts\/389962\/revisions"}],"wp:featuredmedia":[{"embeddable":true,"href":"https:\/\/www.europesays.com\/fr\/wp-json\/wp\/v2\/media\/389963"}],"wp:attachment":[{"href":"https:\/\/www.europesays.com\/fr\/wp-json\/wp\/v2\/media?parent=389962"}],"wp:term":[{"taxonomy":"category","embeddable":true,"href":"https:\/\/www.europesays.com\/fr\/wp-json\/wp\/v2\/categories?post=389962"},{"taxonomy":"post_tag","embeddable":true,"href":"https:\/\/www.europesays.com\/fr\/wp-json\/wp\/v2\/tags?post=389962"}],"curies":[{"name":"wp","href":"https:\/\/api.w.org\/{rel}","templated":true}]}}