{"id":389964,"date":"2025-09-14T09:57:12","date_gmt":"2025-09-14T09:57:12","guid":{"rendered":"https:\/\/www.europesays.com\/fr\/389964\/"},"modified":"2025-09-14T09:57:12","modified_gmt":"2025-09-14T09:57:12","slug":"laustralie-va-investir-pres-de-7-milliards-deuros-dans-un-chantier-naval-pour-sous-marins-nucleaires","status":"publish","type":"post","link":"https:\/\/www.europesays.com\/fr\/389964\/","title":{"rendered":"L&rsquo;Australie va investir pr\u00e8s de 7 milliards d&rsquo;euros dans un chantier naval pour sous-marins nucl\u00e9aires"},"content":{"rendered":"\n<p class=\"c-chapo \">\n  Le pays, qui a conclu en 2021 un accord avec les Etats-Unis et le Royaume-Uni, veut moderniser ses \u00e9quipements et ses infrastructures face \u00e0 la mont\u00e9e en puissance militaire de la Chine.\n<\/p>\n<p>            lire plus tard<\/p>\n<p id=\"dialog__title\" class=\"dialog__title\">Pour sauvegarder cet article, connectez-vous ou cr\u00e9ez un compte franceinfo<\/p>\n<p class=\"dialog__description\">Sans paiement. Sans abonnement.<\/p>\n<p>        Fermer la fen\u00eatre d\u2019activation des notifications France Info<\/p>\n<p>            cr\u00e9er votre compte<\/p>\n<p>            se connecter<\/p>\n<p>        Fermer la fen\u00eatre de pr\u00e9sentation<\/p>\n<p>    <img loading=\"lazy\" decoding=\"async\" class=\"signature__image lazyload\" width=\"100\" height=\"100\" data- alt=\"\" src=\"https:\/\/www.europesays.com\/fr\/wp-content\/uploads\/2025\/05\/64a68815cd1a7_placeholder-36b69ec8.png\"\/><\/p>\n<p>    Publi\u00e9 le 14\/09\/2025 07:16<\/p>\n<p>      Mis \u00e0 jour le 14\/09\/2025 11:23<\/p>\n<p>        Temps de lecture : 1min<\/p>\n<p>    <img decoding=\"async\"  alt=\"Un b\u00e2timent de la flotte australienne navigue en mer de Tasman, le 13 f\u00e9vrier 2025. (AUSTRALIAN DEFENCE FORCE \/ AFP)\" width=\"432\" height=\"243\" src=\"https:\/\/www.europesays.com\/fr\/wp-content\/uploads\/2025\/09\/000-36yc7px-68c64ef295f0f954697980.jpg\" fetchpriority=\"high\"\/><\/p>\n<p>      Un b\u00e2timent de la flotte australienne navigue en mer de Tasman, le 13 f\u00e9vrier 2025. (AUSTRALIAN DEFENCE FORCE \/ AFP)<\/p>\n<p>L&rsquo;Australie va investir quelque 6,8\u00a0milliards d&rsquo;euros pour rendre un de ses chantiers navals capable de construire une flotte de sous-marins \u00e0 propulsion nucl\u00e9aire, dans le cadre de la modernisation de ses \u00e9quipements face \u00e0 <a href=\"https:\/\/www.franceinfo.fr\/monde\/chine\/10-000-militaires-50-000-spectateurs-la-chine-s-offre-une-demonstration-de-force-contre-l-occident_7472017.html\" rel=\"nofollow noopener\" target=\"_blank\">la mont\u00e9e en puissance militaire de la Chine<\/a>.<\/p>\n<p>Ces 12 milliards de dollars australiens seront d\u00e9pens\u00e9s sur dix ans pour r\u00e9nover et am\u00e9liorer les capacit\u00e9s des chantiers navals de Henderson, pr\u00e8s de Perth dans l&rsquo;Etat d&rsquo;Australie-Occidentale, a pr\u00e9cis\u00e9\u00a0le ministre de la D\u00e9fense, Richard Marles.<\/p>\n<p>En 2021, l&rsquo;Australie, le Royaume-Uni et les Etats-Unis avaient conclu un pacte tripartite, baptis\u00e9 \u00ab\u00a0Aukus\u00a0\u00bb, destin\u00e9 \u00e0 contrer l&rsquo;influence croissante de la Chine en Asie-Pacifique. Cet accord pr\u00e9voit la fourniture \u00e0 Canberra de trois \u00e0 cinq sous-marins nucl\u00e9aires d&rsquo;attaque am\u00e9ricains de classe Virginia dans un d\u00e9lai de 15 ans, apr\u00e8s quoi l&rsquo;Australie fabriquera ses propres sous-marins en collaboration avec le Royaume-Uni.<\/p>\n","protected":false},"excerpt":{"rendered":"Le pays, qui a conclu en 2021 un accord avec les Etats-Unis et le Royaume-Uni, veut moderniser ses&hellip;\n","protected":false},"author":2,"featured_media":389965,"comment_status":"","ping_status":"","sticky":false,"template":"","format":"standard","meta":{"footnotes":""},"categories":[1888],"tags":[1111,1928,11,1927,1777,674,1011,27,12,1926,626,1925,25],"class_list":{"0":"post-389964","1":"post","2":"type-post","3":"status-publish","4":"format-standard","5":"has-post-thumbnail","7":"category-paris","8":"tag-actu","9":"tag-actu-paris","10":"tag-actualites","11":"tag-actualites-paris","12":"tag-eu","13":"tag-europe","14":"tag-fr","15":"tag-france","16":"tag-news","17":"tag-news-paris","18":"tag-paris","19":"tag-paris-news","20":"tag-republique-francaise"},"share_on_mastodon":{"url":"https:\/\/pubeurope.com\/@fr\/115202061229893921","error":""},"_links":{"self":[{"href":"https:\/\/www.europesays.com\/fr\/wp-json\/wp\/v2\/posts\/389964","targetHints":{"allow":["GET"]}}],"collection":[{"href":"https:\/\/www.europesays.com\/fr\/wp-json\/wp\/v2\/posts"}],"about":[{"href":"https:\/\/www.europesays.com\/fr\/wp-json\/wp\/v2\/types\/post"}],"author":[{"embeddable":true,"href":"https:\/\/www.europesays.com\/fr\/wp-json\/wp\/v2\/users\/2"}],"replies":[{"embeddable":true,"href":"https:\/\/www.europesays.com\/fr\/wp-json\/wp\/v2\/comments?post=389964"}],"version-history":[{"count":0,"href":"https:\/\/www.europesays.com\/fr\/wp-json\/wp\/v2\/posts\/389964\/revisions"}],"wp:featuredmedia":[{"embeddable":true,"href":"https:\/\/www.europesays.com\/fr\/wp-json\/wp\/v2\/media\/389965"}],"wp:attachment":[{"href":"https:\/\/www.europesays.com\/fr\/wp-json\/wp\/v2\/media?parent=389964"}],"wp:term":[{"taxonomy":"category","embeddable":true,"href":"https:\/\/www.europesays.com\/fr\/wp-json\/wp\/v2\/categories?post=389964"},{"taxonomy":"post_tag","embeddable":true,"href":"https:\/\/www.europesays.com\/fr\/wp-json\/wp\/v2\/tags?post=389964"}],"curies":[{"name":"wp","href":"https:\/\/api.w.org\/{rel}","templated":true}]}}