{"id":389966,"date":"2025-09-14T09:58:12","date_gmt":"2025-09-14T09:58:12","guid":{"rendered":"https:\/\/www.europesays.com\/fr\/389966\/"},"modified":"2025-09-14T09:58:12","modified_gmt":"2025-09-14T09:58:12","slug":"la-sous-direction-antiterroriste-co-saisie-de-lenquete","status":"publish","type":"post","link":"https:\/\/www.europesays.com\/fr\/389966\/","title":{"rendered":"la sous-direction antiterroriste co-saisie de l&rsquo;enqu\u00eate"},"content":{"rendered":"<p class=\"mb-4 text-lg md:leading-8 break-words\">C\u2019est une nouvelle orientation donn\u00e9e \u00e0 une enqu\u00eate tr\u00e8s sensible.\u00a0Selon les informations de Paris Match, les enqu\u00eateurs de la sous-direction antiterroriste (SDAT) ont \u00e9t\u00e9 co-saisis des investigations, ce vendredi 12 septembre, apr\u00e8s le meurtre, en pleine rue, d\u2019un ressortissant irakien, le 10 septembre au soir, dans une rue de Lyon (Rh\u00f4ne). La d\u00e9signation de ce service d\u2019enqu\u00eate sp\u00e9cialis\u00e9 pour remonter la piste du meurtrier de Ashur Sarnaya, 45 ans, <a href=\"https:\/\/www.parismatch.com\/Actu\/International\/Chretiens-d-Orient-retour-aux-sources-1364192\" rel=\"nofollow noopener\" target=\"_blank\" data-ylk=\"slk:chr\u00e9tien d\u2019Orient;elm:context_link;itc:0;sec:content-canvas\" class=\"link \">chr\u00e9tien d\u2019Orient<\/a>, r\u00e9fugi\u00e9 en France depuis plusieurs ann\u00e9es, doit permettre d\u2019explorer l\u2019hypoth\u00e8se d\u2019un mobile terroriste et\/ou religieux.<\/p>\n<p>Originaire du Kurdistan irakien, la victime se d\u00e9pla\u00e7ait en fauteuil roulant<\/p>\n<p class=\"mb-4 text-lg md:leading-8 break-words\">Quelques instants apr\u00e8s la d\u00e9couverte des faits, le parquet de Lyon avait ouvert une enqu\u00eate du chef d\u2019\u00ab homicide volontaire\u00a0\u00bb, avant d\u2019en confier les r\u00eanes aux enqu\u00eateurs de la division de la criminalit\u00e9 organis\u00e9e et sp\u00e9cialis\u00e9e (DCOS) du service interd\u00e9partemental de la police judiciaire (SIPJ) du Rh\u00f4ne. Ces deux services d\u2019enqu\u00eate, d\u00e9sormais co-saisis, ont pour mission de retrouver la trace de l\u2019auteur du coup mortel port\u00e9 \u00e0 Ashur Sarnaya et d\u2019\u00e9tablir les raisons de son geste.<\/p>\n<p class=\"mb-4 text-lg md:leading-8 break-words\">Originaire du <a href=\"https:\/\/www.parismatch.com\/actu\/international\/kurdistan-des-guerrieres-contre-les-mollahs-226175\" rel=\"nofollow noopener\" target=\"_blank\" data-ylk=\"slk:Kurdistan irakien;elm:context_link;itc:0;sec:content-canvas\" class=\"link \">Kurdistan irakien<\/a>, la victime, qui se d\u00e9pla\u00e7ait en fauteuil roulant, \u00e9tait en train de faire une vid\u00e9o en direct sur le r\u00e9seau TikTok lorsqu\u2019elle a \u00e9t\u00e9 <a href=\"https:\/\/www.parismatch.com\/actu\/faits-divers\/lyon-un-irakien-de-45-ans-en-fauteuil-roulant-tue-en-plein-direct-sur-les-reseaux-sociaux-256894\" rel=\"nofollow noopener\" target=\"_blank\" data-ylk=\"slk:mortellement agress\u00e9e par son meurtrier;elm:context_link;itc:0;sec:content-canvas\" class=\"link \">mortellement agress\u00e9e par son meurtrier<\/a>, devant l\u2019entr\u00e9e de son immeuble dans la capitale des Gaules<\/p>\n<p class=\"mb-4 text-lg md:leading-8 break-words\">Le soir des faits, les secours, appel\u00e9s peu avant 22h30 dans le 9e &#8230;<\/p>\n<p class=\"mb-4 text-lg md:leading-8 break-words\"><a href=\"https:\/\/www.parismatch.com\/actu\/faits-divers\/info-paris-match-meurtre-dashur-sarnaya-chretien-dirak-a-lyon-la-sous-direction-antiterroriste-co-saisie-de-lenquete-257011?at_medium=affiliate&amp;at_campaign=Yahoo\" rel=\"nofollow noopener\" target=\"_blank\" data-ylk=\"slk:Lire la suite sur ParisMatch;elm:context_link;itc:0;sec:content-canvas\" class=\"link \">Lire la suite sur ParisMatch<\/a><\/p>\n","protected":false},"excerpt":{"rendered":"C\u2019est une nouvelle orientation donn\u00e9e \u00e0 une enqu\u00eate tr\u00e8s sensible.\u00a0Selon les informations de Paris Match, les enqu\u00eateurs de&hellip;\n","protected":false},"author":2,"featured_media":389967,"comment_status":"","ping_status":"","sticky":false,"template":"","format":"standard","meta":{"footnotes":""},"categories":[1888],"tags":[1111,1928,11,1927,52226,1067,1777,674,1011,27,52227,12,1926,626,1925,52228,25,52229],"class_list":{"0":"post-389966","1":"post","2":"type-post","3":"status-publish","4":"format-standard","5":"has-post-thumbnail","7":"category-paris","8":"tag-actu","9":"tag-actu-paris","10":"tag-actualites","11":"tag-actualites-paris","12":"tag-ashur-sarnaya","13":"tag-enquete","14":"tag-eu","15":"tag-europe","16":"tag-fr","17":"tag-france","18":"tag-kurdistan-irakien","19":"tag-news","20":"tag-news-paris","21":"tag-paris","22":"tag-paris-news","23":"tag-refugie-en-france","24":"tag-republique-francaise","25":"tag-rue-de-lyon"},"share_on_mastodon":{"url":"https:\/\/pubeurope.com\/@fr\/115202064667044403","error":""},"_links":{"self":[{"href":"https:\/\/www.europesays.com\/fr\/wp-json\/wp\/v2\/posts\/389966","targetHints":{"allow":["GET"]}}],"collection":[{"href":"https:\/\/www.europesays.com\/fr\/wp-json\/wp\/v2\/posts"}],"about":[{"href":"https:\/\/www.europesays.com\/fr\/wp-json\/wp\/v2\/types\/post"}],"author":[{"embeddable":true,"href":"https:\/\/www.europesays.com\/fr\/wp-json\/wp\/v2\/users\/2"}],"replies":[{"embeddable":true,"href":"https:\/\/www.europesays.com\/fr\/wp-json\/wp\/v2\/comments?post=389966"}],"version-history":[{"count":0,"href":"https:\/\/www.europesays.com\/fr\/wp-json\/wp\/v2\/posts\/389966\/revisions"}],"wp:featuredmedia":[{"embeddable":true,"href":"https:\/\/www.europesays.com\/fr\/wp-json\/wp\/v2\/media\/389967"}],"wp:attachment":[{"href":"https:\/\/www.europesays.com\/fr\/wp-json\/wp\/v2\/media?parent=389966"}],"wp:term":[{"taxonomy":"category","embeddable":true,"href":"https:\/\/www.europesays.com\/fr\/wp-json\/wp\/v2\/categories?post=389966"},{"taxonomy":"post_tag","embeddable":true,"href":"https:\/\/www.europesays.com\/fr\/wp-json\/wp\/v2\/tags?post=389966"}],"curies":[{"name":"wp","href":"https:\/\/api.w.org\/{rel}","templated":true}]}}