{"id":389968,"date":"2025-09-14T09:59:11","date_gmt":"2025-09-14T09:59:11","guid":{"rendered":"https:\/\/www.europesays.com\/fr\/389968\/"},"modified":"2025-09-14T09:59:11","modified_gmt":"2025-09-14T09:59:11","slug":"a-bastille-la-boheme-de-puccini-dans-lespace","status":"publish","type":"post","link":"https:\/\/www.europesays.com\/fr\/389968\/","title":{"rendered":"A Bastille, La Boh\u00e8me de Puccini dans l&rsquo;espace"},"content":{"rendered":"<p class=\"author\">Par<a href=\"https:\/\/www.italieaparis.net\/actualite\/author\/alma\" rel=\"nofollow noopener\" target=\"_blank\"> Alma Torretta<\/a><\/p>\n<p>              <img decoding=\"async\" src=\"https:\/\/www.europesays.com\/fr\/wp-content\/uploads\/2025\/09\/boheme18883.jpg\" alt=\"La Boh\u00e8me de Puccini dans l'espace\" title=\"La Boh\u00e8me de Puccini dans l'espace\"\/><\/p>\n<p>La saison lyrique de l\u2019Op\u00e9ra national de Paris d\u00e9butera avec La Boh\u00e8me de Giacomo Puccini, du 12 septembre au 14 octobre \u00e0 l\u2019Op\u00e9ra Bastille, dans la mise en sc\u00e8ne dans l\u2019espace de Claus Guth. En adaptant le roman de Henry Murger, Sc\u00e8nes de la vie de boh\u00e8me, chronique d\u2019une jeunesse qui peint des toiles ou trousse des vers dans d\u2019humbles mansardes en attendant la gloire, Puccini exalte la beaut\u00e9 de ces ann\u00e9es, qu\u2019on ne peut que regretter avec nostalgie, entre romantisme et r\u00e9alisme.<\/p>\n<p>Cette nostalgie est pr\u00e9cis\u00e9ment au c\u0153ur de la mise en sc\u00e8ne de Claus Guth qui situe les personnages dans l\u2019espace, o\u00f9 quatre amis cosmonautes &#8211; Rodolfo, Marcello, Schaunard et Colline &#8211; ont les r\u00e9serves d\u2019oxyg\u00e8ne que s&rsquo;\u00e9puisent, ils n\u2019ont plus longtemps \u00e0 vivre. Rodolfo revit sa jeunesse et son amour pour Mim\u00ec avec beaucoup de tendresse dans une mise en sc\u00e8ne riche en po\u00e9sie et en originalit\u00e9 que le metteur en sc\u00e8ne allemand a cr\u00e9\u00e9 en 2017 sp\u00e9cialement pour l&rsquo;Op\u00e9ra de Paris.  \u00c9couter La Boh\u00e8me dans cette perspective fait surgir des sensations nouvelles, diff\u00e9rentes, nous entra\u00eenant dans l\u2019infinit\u00e9 d\u2019un univers suspendu o\u00f9 la nostalgie des amours pass\u00e9s flotte dans le vide interstellaire, au-del\u00e0 du temps et de l&rsquo;espace.<\/p>\n<p>Sous la direction musical de Domingo Hindoyan. deux distributions diff\u00e9rentes de chanteurs se relaient dans les r\u00f4les principaux avec les couples Nicole Car\/Charles Castronovo, puis Yaritza V\u00e9liz\/Joshua Guerrero, dans les r\u00f4les de Mimi et Rodolfo.<\/p>\n<p>Direction musicale Domingo Hindoyan<br \/>\nMise en sc\u00e8ne Claus Guth<\/p>\n<p>Mimi Nicole Car (12 &gt; 30 septembre), Yaritza V\u00e9liz (2 &gt; 14 octobre)<br \/>\nMusetta Andrea Carroll<br \/>\nRodolfo Charles Castronovo (12 &gt; 30 septembre), Joshua Guerrero (2 &gt; 14 octobre)<br \/>\nMarcello \u00c9tienne Dupuis<br \/>\nSchaunard Xiaomeng Zhang<br \/>\nColline Alexandros Stavrakakis<\/p>\n","protected":false},"excerpt":{"rendered":"Par Alma Torretta La saison lyrique de l\u2019Op\u00e9ra national de Paris d\u00e9butera avec La Boh\u00e8me de Giacomo Puccini,&hellip;\n","protected":false},"author":2,"featured_media":389969,"comment_status":"","ping_status":"","sticky":false,"template":"","format":"standard","meta":{"footnotes":""},"categories":[1888],"tags":[11,1777,674,1011,27,12,626,25],"class_list":{"0":"post-389968","1":"post","2":"type-post","3":"status-publish","4":"format-standard","5":"has-post-thumbnail","7":"category-paris","8":"tag-actualites","9":"tag-eu","10":"tag-europe","11":"tag-fr","12":"tag-france","13":"tag-news","14":"tag-paris","15":"tag-republique-francaise"},"share_on_mastodon":{"url":"https:\/\/pubeurope.com\/@fr\/115202068811540190","error":""},"_links":{"self":[{"href":"https:\/\/www.europesays.com\/fr\/wp-json\/wp\/v2\/posts\/389968","targetHints":{"allow":["GET"]}}],"collection":[{"href":"https:\/\/www.europesays.com\/fr\/wp-json\/wp\/v2\/posts"}],"about":[{"href":"https:\/\/www.europesays.com\/fr\/wp-json\/wp\/v2\/types\/post"}],"author":[{"embeddable":true,"href":"https:\/\/www.europesays.com\/fr\/wp-json\/wp\/v2\/users\/2"}],"replies":[{"embeddable":true,"href":"https:\/\/www.europesays.com\/fr\/wp-json\/wp\/v2\/comments?post=389968"}],"version-history":[{"count":0,"href":"https:\/\/www.europesays.com\/fr\/wp-json\/wp\/v2\/posts\/389968\/revisions"}],"wp:featuredmedia":[{"embeddable":true,"href":"https:\/\/www.europesays.com\/fr\/wp-json\/wp\/v2\/media\/389969"}],"wp:attachment":[{"href":"https:\/\/www.europesays.com\/fr\/wp-json\/wp\/v2\/media?parent=389968"}],"wp:term":[{"taxonomy":"category","embeddable":true,"href":"https:\/\/www.europesays.com\/fr\/wp-json\/wp\/v2\/categories?post=389968"},{"taxonomy":"post_tag","embeddable":true,"href":"https:\/\/www.europesays.com\/fr\/wp-json\/wp\/v2\/tags?post=389968"}],"curies":[{"name":"wp","href":"https:\/\/api.w.org\/{rel}","templated":true}]}}