{"id":389970,"date":"2025-09-14T10:00:13","date_gmt":"2025-09-14T10:00:13","guid":{"rendered":"https:\/\/www.europesays.com\/fr\/389970\/"},"modified":"2025-09-14T10:00:13","modified_gmt":"2025-09-14T10:00:13","slug":"la-cite-des-fables-un-nouveau-musee-immersif-qui-souleve-un-lievre-du-nom-de-pierre-edouard-sterin-liberation","status":"publish","type":"post","link":"https:\/\/www.europesays.com\/fr\/389970\/","title":{"rendered":"la Cit\u00e9 des fables, un nouveau mus\u00e9e immersif qui soul\u00e8ve un li\u00e8vre du nom de Pierre-Edouard St\u00e9rin \u2013 Lib\u00e9ration"},"content":{"rendered":"<p class=\"sc-cPiKLX AiZTS text-element\">Dans les Grenouilles qui demandent un roi, la \u00abgent mar\u00e9cageuse\u00bb, autrement dit le peuple, se trouva fort d\u00e9pourvue quand le pire fut advenu : l\u2019av\u00e8nement d\u2019un monarque plus tyrannique encore que le pr\u00e9c\u00e9dent. Moins connue que le Li\u00e8vre et la Tortue ou la Cigale et la Fourmi, deux hits \u00e9galement pr\u00e9sent\u00e9s \u00e0 la Cit\u00e9 immersive des fables, qui a ouvert ses portes samedi 6 septembre \u00e0 quelques pas des Champs-Elys\u00e9es, cette fable de 1668 de <a href=\"https:\/\/www.liberation.fr\/livres\/2017\/12\/08\/jean-de-la-fontaine-la-vie-d-un-bonhomme_1615137\/\" target=\"_blank\" rel=\"noreferrer noopener\" title=\"https:\/\/www.liberation.fr\/livres\/2017\/12\/08\/jean-de-la-fontaine-la-vie-d-un-bonhomme_1615137\/\">Jean de La Fontaine<\/a>, \u00e0 la morale conservatrice, trouve un \u00e9cho tout particulier avec l\u2019actualit\u00e9 de cette rentr\u00e9e politique. Reste \u00e0 savoir si ce nouveau mus\u00e9e immersif fait aussi \u00e9cho, et de quelle mani\u00e8re, \u00e0 un autre penchant contemporain : la passion recouvr\u00e9e pour l\u2019histoire et le patrimoine culturel. Laquelle est devenue, ces derni\u00e8res ann\u00e9es, un v\u00e9ritable cheval de Troie culturel pour une extr\u00eame droite qui s\u2019\u00e9tait longtemps tenue \u00e0 distance de ce champ. <\/p>\n<p class=\"sc-cPiKLX AiZTS text-element\">Mais revenons d\u2019abord \u00e0 la Cit\u00e9 des fables \u00e0 laquelle on sait gr\u00e9, d\u2019abord, de ne pas nous resservir, fa\u00e7on <a href=\"https:\/\/www.liberation.fr\/culture\/arts\/jai-deteste-pour-vous-latelier-des-lumieres-20240731_I7RFDECF4FH3TMWZJOWYHUMLGA\/\" target=\"_blank\" rel=\"noreferrer noopener\" title=\"https:\/\/www.liberation.fr\/culture\/arts\/ &lt;div style=\" clear:=\"\" both=\"\"><\/p>\n","protected":false},"excerpt":{"rendered":"Dans les Grenouilles qui demandent un roi, la \u00abgent mar\u00e9cageuse\u00bb, autrement dit le peuple, se trouva fort d\u00e9pourvue&hellip;\n","protected":false},"author":2,"featured_media":389971,"comment_status":"","ping_status":"","sticky":false,"template":"","format":"standard","meta":{"footnotes":""},"categories":[1888],"tags":[11,1777,674,1011,27,12,626,24249,25],"class_list":{"0":"post-389970","1":"post","2":"type-post","3":"status-publish","4":"format-standard","5":"has-post-thumbnail","7":"category-paris","8":"tag-actualites","9":"tag-eu","10":"tag-europe","11":"tag-fr","12":"tag-france","13":"tag-news","14":"tag-paris","15":"tag-pierre-edouard-sterin","16":"tag-republique-francaise"},"share_on_mastodon":{"url":"https:\/\/pubeurope.com\/@fr\/115202072736254115","error":""},"_links":{"self":[{"href":"https:\/\/www.europesays.com\/fr\/wp-json\/wp\/v2\/posts\/389970","targetHints":{"allow":["GET"]}}],"collection":[{"href":"https:\/\/www.europesays.com\/fr\/wp-json\/wp\/v2\/posts"}],"about":[{"href":"https:\/\/www.europesays.com\/fr\/wp-json\/wp\/v2\/types\/post"}],"author":[{"embeddable":true,"href":"https:\/\/www.europesays.com\/fr\/wp-json\/wp\/v2\/users\/2"}],"replies":[{"embeddable":true,"href":"https:\/\/www.europesays.com\/fr\/wp-json\/wp\/v2\/comments?post=389970"}],"version-history":[{"count":0,"href":"https:\/\/www.europesays.com\/fr\/wp-json\/wp\/v2\/posts\/389970\/revisions"}],"wp:featuredmedia":[{"embeddable":true,"href":"https:\/\/www.europesays.com\/fr\/wp-json\/wp\/v2\/media\/389971"}],"wp:attachment":[{"href":"https:\/\/www.europesays.com\/fr\/wp-json\/wp\/v2\/media?parent=389970"}],"wp:term":[{"taxonomy":"category","embeddable":true,"href":"https:\/\/www.europesays.com\/fr\/wp-json\/wp\/v2\/categories?post=389970"},{"taxonomy":"post_tag","embeddable":true,"href":"https:\/\/www.europesays.com\/fr\/wp-json\/wp\/v2\/tags?post=389970"}],"curies":[{"name":"wp","href":"https:\/\/api.w.org\/{rel}","templated":true}]}}